{"id":1001,"date":"2020-09-19T18:38:50","date_gmt":"2020-09-19T21:38:50","guid":{"rendered":"https:\/\/fmnativa.com\/portal\/?p=1001"},"modified":"2020-09-19T18:38:50","modified_gmt":"2020-09-19T21:38:50","slug":"el-gobierno-de-santa-fe-avanza-en-la-implementacion-de-la-ley-micaela","status":"publish","type":"post","link":"https:\/\/fmnativa.com\/portal\/2020\/09\/19\/el-gobierno-de-santa-fe-avanza-en-la-implementacion-de-la-ley-micaela\/","title":{"rendered":"El gobierno de Santa Fe avanza en la implementaci\u00f3n de la Ley Micaela"},"content":{"rendered":"<div id=\"fb-root\"><\/div>\n<p>Se firmaron nuevos convenios con municipios y comunas del norte provincial para fortalecer \u00e1reas locales de Igualdad y la implementaci\u00f3n de Ley Micaela.<\/p>\n<p>El Gobierno de Santa Fe, a trav\u00e9s de la Secretar\u00eda de Estado de Igualdad y G\u00e9nero, firm\u00f3 acuerdos para el fortalecimiento de \u00c1reas Locales de Igualdad y de implementaci\u00f3n de Ley Micaela con municipios y comunas del norte de la provincia.<\/p>\n<p>La Secretaria de Estado de Igualdad y G\u00e9nero, Celi Arena, resalt\u00f3: \u201cEs un compromiso del gobernador Omar Perotti y de la gesti\u00f3n del gobierno de Santa Fe construir pol\u00edticas con los actores y actrices de cada rinc\u00f3n de la provincia. La transversalidad en el abordaje de los temas y la territorializaci\u00f3n, mediante un di\u00e1logo permanente con quienes se encuentran en las distintas localidades, son claves a la hora de llevar adelante pol\u00edticas que le cambien la vida a las mujeres y personas de la diversidad sexual\u201d.<\/p>\n<p>\u201cLa implementaci\u00f3n de la Ley Micaela tambi\u00e9n es clave, estamos implementando cursos de formaci\u00f3n de formadores y formando un equipo propio en Reconquista. La decisi\u00f3n del Gobernador es clara y es llegar a todos los rincones de Santa Fe, y con las prioridades que presidentes comunales e intendentes definan junto a nosotros y nosotras. La firma de esos convenios implica brindar a los gobiernos locales tambi\u00e9n la \u201ccapacidad instalada\u201d para que sean sus propios formadores y formadoras quienes se encarguen de capacitar a las plantas estatales\u201d, agreg\u00f3 la funcionaria provincial.<\/p>\n<p>Finalmente, la directora Provincial de Promoci\u00f3n de Derechos, Soledad Zalazar, afirm\u00f3 que \u00abvenimos a transformar una realidad. Trabajamos con la premisa de coordinar pol\u00edtica p\u00fablica en cada uno de los territorios con los distintos ministerios, focalizando en la autonom\u00eda de las poblaciones mujeres y diversidades, en articulaci\u00f3n con proyectos productivos, para consolidar realmente los derechos que se declaman\u201d.<\/p>\n<p>Las localidades de Hersilia, Ceres, La Rubia, Ambrosetti, Villa Trinidad, Colonia Rosa, Monte Oscuridad, Arruf\u00f3, San Crist\u00f3bal y San Guillermo suscribieron convenios para fortalecimientos de las \u00e1reas de igualdad y para Ley Micaela, seg\u00fan el caso.<\/p>\n<p>La firma de estos convenios es un avance en la implementaci\u00f3n de la capacitaci\u00f3n en g\u00e9nero y establece la formaci\u00f3n de los gabinetes municipales y las Comisiones Comunales y una instancia para los equipos locales, que capacitar\u00e1n luego a los trabajadores y trabajadoras de los municipios y comunas.<\/p>\n","protected":false},"excerpt":{"rendered":"<p>Se firmaron nuevos convenios con municipios y comunas del norte provincial para fortalecer \u00e1reas locales&#8230;<\/p>\n","protected":false},"author":1,"featured_media":1002,"comment_status":"closed","ping_status":"closed","sticky":false,"template":"","format":"standard","meta":{"footnotes":""},"categories":[7],"tags":[343,14,15,344],"class_list":["post-1001","post","type-post","status-publish","format-standard","has-post-thumbnail","hentry","category-provinciales","tag-ley-micaela","tag-provincia","tag-santa-fe","tag-secretaria-de-estado-de-igualdad-y-genero"],"featured_image_urls":{"full":["https:\/\/fmnativa.com\/portal\/wp-content\/uploads\/2020\/09\/1-138.jpg",1140,640,false],"thumbnail":["https:\/\/fmnativa.com\/portal\/wp-content\/uploads\/2020\/09\/1-138-150x150.jpg",150,150,true],"medium":["https:\/\/fmnativa.com\/portal\/wp-content\/uploads\/2020\/09\/1-138-300x168.jpg",300,168,true],"medium_large":["https:\/\/fmnativa.com\/portal\/wp-content\/uploads\/2020\/09\/1-138-768x431.jpg",640,359,true],"large":["https:\/\/fmnativa.com\/portal\/wp-content\/uploads\/2020\/09\/1-138-1024x575.jpg",640,359,true],"1536x1536":["https:\/\/fmnativa.com\/portal\/wp-content\/uploads\/2020\/09\/1-138.jpg",1140,640,false],"2048x2048":["https:\/\/fmnativa.com\/portal\/wp-content\/uploads\/2020\/09\/1-138.jpg",1140,640,false],"covernews-slider-full":["https:\/\/fmnativa.com\/portal\/wp-content\/uploads\/2020\/09\/1-138.jpg",1115,626,false],"covernews-slider-center":["https:\/\/fmnativa.com\/portal\/wp-content\/uploads\/2020\/09\/1-138.jpg",800,449,false],"covernews-featured":["https:\/\/fmnativa.com\/portal\/wp-content\/uploads\/2020\/09\/1-138.jpg",1024,575,false],"covernews-medium":["https:\/\/fmnativa.com\/portal\/wp-content\/uploads\/2020\/09\/1-138.jpg",540,303,false],"covernews-medium-square":["https:\/\/fmnativa.com\/portal\/wp-content\/uploads\/2020\/09\/1-138.jpg",400,225,false]},"author_info":{"info":["Fabian"]},"category_info":"<a href=\"https:\/\/fmnativa.com\/portal\/category\/provinciales\/\" rel=\"category tag\">PROVINCIALES<\/a>","tag_info":"PROVINCIALES","comment_count":"0","_links":{"self":[{"href":"https:\/\/fmnativa.com\/portal\/wp-json\/wp\/v2\/posts\/1001","targetHints":{"allow":["GET"]}}],"collection":[{"href":"https:\/\/fmnativa.com\/portal\/wp-json\/wp\/v2\/posts"}],"about":[{"href":"https:\/\/fmnativa.com\/portal\/wp-json\/wp\/v2\/types\/post"}],"author":[{"embeddable":true,"href":"https:\/\/fmnativa.com\/portal\/wp-json\/wp\/v2\/users\/1"}],"replies":[{"embeddable":true,"href":"https:\/\/fmnativa.com\/portal\/wp-json\/wp\/v2\/comments?post=1001"}],"version-history":[{"count":1,"href":"https:\/\/fmnativa.com\/portal\/wp-json\/wp\/v2\/posts\/1001\/revisions"}],"predecessor-version":[{"id":1003,"href":"https:\/\/fmnativa.com\/portal\/wp-json\/wp\/v2\/posts\/1001\/revisions\/1003"}],"wp:featuredmedia":[{"embeddable":true,"href":"https:\/\/fmnativa.com\/portal\/wp-json\/wp\/v2\/media\/1002"}],"wp:attachment":[{"href":"https:\/\/fmnativa.com\/portal\/wp-json\/wp\/v2\/media?parent=1001"}],"wp:term":[{"taxonomy":"category","embeddable":true,"href":"https:\/\/fmnativa.com\/portal\/wp-json\/wp\/v2\/categories?post=1001"},{"taxonomy":"post_tag","embeddable":true,"href":"https:\/\/fmnativa.com\/portal\/wp-json\/wp\/v2\/tags?post=1001"}],"curies":[{"name":"wp","href":"https:\/\/api.w.org\/{rel}","templated":true}]}}