{"id":1010,"date":"2020-09-19T19:41:44","date_gmt":"2020-09-19T22:41:44","guid":{"rendered":"https:\/\/fmnativa.com\/portal\/?p=1010"},"modified":"2020-09-19T19:51:39","modified_gmt":"2020-09-19T22:51:39","slug":"los-banderazos-no-paran-hoy-los-hubo-en-muchas-ciudades-del-pais","status":"publish","type":"post","link":"https:\/\/fmnativa.com\/portal\/2020\/09\/19\/los-banderazos-no-paran-hoy-los-hubo-en-muchas-ciudades-del-pais\/","title":{"rendered":"#19S &#8211; LOS BANDERAZOS NO PARAN&#8230; HOY LOS HUBO EN MUCHAS CIUDADES DEL PAIS"},"content":{"rendered":"<div id=\"fb-root\"><\/div>\n<p class=\"font_tertiary paragraph\"><b>Sectores opositores al gobierno nacional volvieron a autoconvocarse este s\u00e1bado en el centro porte\u00f1o<\/b>\u00a0y varios puntos del pa\u00eds para protestar contra el desplazamiento de los tres jueces que investigaban a Cristina Kirchner, contra el endurecimiento del cepo al d\u00f3lar y contra la cuarentena,<b>\u00a0entre otros temas.<\/b><\/p>\n<p class=\"font_tertiary paragraph\">La \u00faltima marcha de estas caracter\u00edsticas hab\u00eda tenido lugar hace apenas una semana: el<b>\u00a0\u201c13S\u201d miles de personas salieron a las calles en todo el pa\u00eds con diversas consignas como el rechazo a la quita de coparticipaci\u00f3n a la ciudad de Buenos Aires, a la cuarentena obligatoria, a la prisi\u00f3n domiciliaria de L\u00e1zaro Ba\u00e9z y a la reforma judicial.<\/b><\/p>\n<p class=\"font_tertiary paragraph\"><mark class=\"hl_yellow\"><b>La nueva convocatoria comenz\u00f3 a circular a trav\u00e9s de las redes sociales horas despu\u00e9s del anuncio de nuevas restricciones a la compra de d\u00f3lar ahorro.\u00a0<\/b><\/mark>\u201cA dos minutos de dejar de ser una rep\u00fablica\u201d, era el t\u00edtulo de uno de los mensajes viralizados. Tambi\u00e9n se replic\u00f3 en Twiter con los hashtag: #19SqueSeVayanTodos, #19SPorlaRepublica y #19STodosALasCalles.<\/p>\n<p class=\"font_tertiary paragraph\">\u201cNos expresamos por el futuro, por la democracia, por el valor del m\u00e9rito y porque somos cada d\u00eda m\u00e1s los que pensamos que la Argentina no est\u00e1 condenada a la impunidad ni a la igualaci\u00f3n hacia abajo\u201d, public\u00f3 la presidenta del PRO,\u00a0<b>Patricia Bullrich, quien particip\u00f3 de la movilizaci\u00f3n<\/b>.<\/p>\n<picture class=\"font_tertiary visual__image\"><source srcset=\"https:\/\/www.infobae.com\/new-resizer\/T9xEn4zxC5gNlFowqCqRTDcpsXg=\/768x432\/filters:format(jpg):quality(85)\/cloudfront-us-east-1.images.arcpublishing.com\/infobae\/6XUFYITVURB2PO27PVFE2VHN5M.jpg 1200w\" type=\"image\/jpg\" \/><source srcset=\"https:\/\/www.infobae.com\/new-resizer\/T9xEn4zxC5gNlFowqCqRTDcpsXg=\/768x432\/filters:format(jpg):quality(85)\/cloudfront-us-east-1.images.arcpublishing.com\/infobae\/6XUFYITVURB2PO27PVFE2VHN5M.jpg 992w\" type=\"image\/jpg\" \/><source srcset=\"https:\/\/www.infobae.com\/new-resizer\/T9xEn4zxC5gNlFowqCqRTDcpsXg=\/768x432\/filters:format(jpg):quality(85)\/cloudfront-us-east-1.images.arcpublishing.com\/infobae\/6XUFYITVURB2PO27PVFE2VHN5M.jpg 768w\" type=\"image\/jpg\" \/><source srcset=\"https:\/\/www.infobae.com\/new-resizer\/Fvv--m3o7Xx0q5H-y0YxU60bMt0=\/420x236\/filters:format(jpg):quality(85)\/cloudfront-us-east-1.images.arcpublishing.com\/infobae\/6XUFYITVURB2PO27PVFE2VHN5M.jpg 420w\" type=\"image\/jpg\" \/><img fetchpriority=\"high\" decoding=\"async\" src=\"https:\/\/www.infobae.com\/new-resizer\/Fvv--m3o7Xx0q5H-y0YxU60bMt0=\/420x236\/filters:format(jpg):quality(85)\/\/cloudfront-us-east-1.images.arcpublishing.com\/infobae\/6XUFYITVURB2PO27PVFE2VHN5M.jpg\" alt=\"Patricia Bullrich\" width=\"1920\" height=\"1080\" \/>Patricia Bullrich<\/picture>\n<p class=\"font_tertiary paragraph\">Al igual que sucedi\u00f3 la semana pasada,\u00a0<b>la puerta de la Quinta de Olivos fue uno de los lugares que junt\u00f3 mayor concurrencia.\u00a0<\/b>Tambi\u00e9n se realizaron manifestaciones en las ciudades de La Plata, C\u00f3rdoba y San Miguel de Tucum\u00e1n, entre otras.<\/p>\n<picture class=\"font_tertiary visual__image\"><source srcset=\"https:\/\/www.infobae.com\/new-resizer\/ubSsE6Io0yXVdWIadGuutiql_3U=\/768x432\/filters:format(jpg):quality(85)\/cloudfront-us-east-1.images.arcpublishing.com\/infobae\/FYSJSZHVUJFF7JXFOGYLXGX5PI.jpg 1200w\" type=\"image\/jpg\" \/><source srcset=\"https:\/\/www.infobae.com\/new-resizer\/ubSsE6Io0yXVdWIadGuutiql_3U=\/768x432\/filters:format(jpg):quality(85)\/cloudfront-us-east-1.images.arcpublishing.com\/infobae\/FYSJSZHVUJFF7JXFOGYLXGX5PI.jpg 992w\" type=\"image\/jpg\" \/><source srcset=\"https:\/\/www.infobae.com\/new-resizer\/ubSsE6Io0yXVdWIadGuutiql_3U=\/768x432\/filters:format(jpg):quality(85)\/cloudfront-us-east-1.images.arcpublishing.com\/infobae\/FYSJSZHVUJFF7JXFOGYLXGX5PI.jpg 768w\" type=\"image\/jpg\" \/><source srcset=\"https:\/\/www.infobae.com\/new-resizer\/dMylPZiSiq-WSrI41wv8jHI5rlE=\/420x236\/filters:format(jpg):quality(85)\/cloudfront-us-east-1.images.arcpublishing.com\/infobae\/FYSJSZHVUJFF7JXFOGYLXGX5PI.jpg 420w\" type=\"image\/jpg\" \/><img decoding=\"async\" src=\"https:\/\/www.infobae.com\/new-resizer\/dMylPZiSiq-WSrI41wv8jHI5rlE=\/420x236\/filters:format(jpg):quality(85)\/\/cloudfront-us-east-1.images.arcpublishing.com\/infobae\/FYSJSZHVUJFF7JXFOGYLXGX5PI.jpg\" alt=\"infobae-image\" width=\"1920\" height=\"1080\" \/><\/picture>\n<p class=\"font_tertiary paragraph\">La protesta tambi\u00e9n se replic\u00f3 en otros barrios de la ciudad de Buenos Aires, como en la intersecci\u00f3n de las avenidas Cabildo y Juramento, en Belgrano, donde adem\u00e1s golpearon cacerolas.<\/p>\n<p class=\"font_tertiary paragraph\">\u201cCre\u00ed que iba a venir poca gente hoy y me equivoqu\u00e9. La rebeli\u00f3n antipopulista sigue en marcha en todos lados\u201d, asegur\u00f3 el diputado\u00a0<b>Fernando Iglesias<\/b>\u00a0en las redes sociales. \u201cCiudadanos pac\u00edficos para defender la Rep\u00fablica. En cada calle, para transformar el pesimismo en esperanza\u201d, agreg\u00f3 el ex secretario de Medios,\u00a0<b>Hern\u00e1n Lombardi.<\/b><\/p>\n<p class=\"font_tertiary paragraph\">Los manifestantes\u00a0<b>se movilizaron con banderas argentinas y cacerolas<\/b>. Por su parte, quienes fueron en auto hicieron sonar sus bocinas en se\u00f1al de protesta. Otros mostraron pancartas y carteles con consignas como \u201clos jueces no se tocan\u201d y \u201cbasta de impunidad\u201d.<\/p>\n<picture class=\"font_tertiary visual__image\"><source srcset=\"https:\/\/www.infobae.com\/new-resizer\/beBnGoH8iTx8XRhkN0VTw55HYhg=\/768x432\/filters:format(jpg):quality(85)\/cloudfront-us-east-1.images.arcpublishing.com\/infobae\/55QTTE6UAZA2VAGV2GAP24RAGA.jpg 1200w\" type=\"image\/jpg\" \/><source srcset=\"https:\/\/www.infobae.com\/new-resizer\/beBnGoH8iTx8XRhkN0VTw55HYhg=\/768x432\/filters:format(jpg):quality(85)\/cloudfront-us-east-1.images.arcpublishing.com\/infobae\/55QTTE6UAZA2VAGV2GAP24RAGA.jpg 992w\" type=\"image\/jpg\" \/><source srcset=\"https:\/\/www.infobae.com\/new-resizer\/beBnGoH8iTx8XRhkN0VTw55HYhg=\/768x432\/filters:format(jpg):quality(85)\/cloudfront-us-east-1.images.arcpublishing.com\/infobae\/55QTTE6UAZA2VAGV2GAP24RAGA.jpg 768w\" type=\"image\/jpg\" \/><source srcset=\"https:\/\/www.infobae.com\/new-resizer\/5kjXEHErSRUzQ9x9bpLwAIx0pwI=\/420x236\/filters:format(jpg):quality(85)\/cloudfront-us-east-1.images.arcpublishing.com\/infobae\/55QTTE6UAZA2VAGV2GAP24RAGA.jpg 420w\" type=\"image\/jpg\" \/><img decoding=\"async\" src=\"https:\/\/www.infobae.com\/new-resizer\/5kjXEHErSRUzQ9x9bpLwAIx0pwI=\/420x236\/filters:format(jpg):quality(85)\/\/cloudfront-us-east-1.images.arcpublishing.com\/infobae\/55QTTE6UAZA2VAGV2GAP24RAGA.jpg\" alt=\"infobae-image\" width=\"1920\" height=\"1080\" \/><\/picture>\n<p class=\"font_tertiary paragraph\"><mark class=\"hl_yellow\"><b>Fue la quinta manifestaci\u00f3n en contra del gobierno nacional. Las anteriores fueron el 13 de septiembre, el 17 de agosto, el 9 de julio y el 20 de junio.<\/b><\/mark><\/p>\n<p>Fuente INFOBAE<\/p>\n","protected":false},"excerpt":{"rendered":"<p>Sectores opositores al gobierno nacional volvieron a autoconvocarse este s\u00e1bado en el centro porte\u00f1o\u00a0y varios&#8230;<\/p>\n","protected":false},"author":1,"featured_media":1012,"comment_status":"closed","ping_status":"closed","sticky":false,"template":"","format":"standard","meta":{"footnotes":""},"categories":[8],"tags":[78,43,350,354,351,352,142,25,353],"class_list":["post-1010","post","type-post","status-publish","format-standard","has-post-thumbnail","hentry","category-nacionales","tag-alberto-fernandez","tag-argentina","tag-banderazos","tag-jueces","tag-oposicion","tag-opositores","tag-pais","tag-politica","tag-protesta"],"featured_image_urls":{"full":["https:\/\/fmnativa.com\/portal\/wp-content\/uploads\/2020\/09\/1-141.jpg",768,512,false],"thumbnail":["https:\/\/fmnativa.com\/portal\/wp-content\/uploads\/2020\/09\/1-141-150x150.jpg",150,150,true],"medium":["https:\/\/fmnativa.com\/portal\/wp-content\/uploads\/2020\/09\/1-141-300x200.jpg",300,200,true],"medium_large":["https:\/\/fmnativa.com\/portal\/wp-content\/uploads\/2020\/09\/1-141.jpg",640,427,false],"large":["https:\/\/fmnativa.com\/portal\/wp-content\/uploads\/2020\/09\/1-141.jpg",640,427,false],"1536x1536":["https:\/\/fmnativa.com\/portal\/wp-content\/uploads\/2020\/09\/1-141.jpg",768,512,false],"2048x2048":["https:\/\/fmnativa.com\/portal\/wp-content\/uploads\/2020\/09\/1-141.jpg",768,512,false],"covernews-slider-full":["https:\/\/fmnativa.com\/portal\/wp-content\/uploads\/2020\/09\/1-141.jpg",768,512,false],"covernews-slider-center":["https:\/\/fmnativa.com\/portal\/wp-content\/uploads\/2020\/09\/1-141.jpg",750,500,false],"covernews-featured":["https:\/\/fmnativa.com\/portal\/wp-content\/uploads\/2020\/09\/1-141.jpg",768,512,false],"covernews-medium":["https:\/\/fmnativa.com\/portal\/wp-content\/uploads\/2020\/09\/1-141.jpg",510,340,false],"covernews-medium-square":["https:\/\/fmnativa.com\/portal\/wp-content\/uploads\/2020\/09\/1-141.jpg",375,250,false]},"author_info":{"info":["Fabian"]},"category_info":"<a href=\"https:\/\/fmnativa.com\/portal\/category\/nacionales\/\" rel=\"category tag\">Nacionales<\/a>","tag_info":"Nacionales","comment_count":"0","_links":{"self":[{"href":"https:\/\/fmnativa.com\/portal\/wp-json\/wp\/v2\/posts\/1010","targetHints":{"allow":["GET"]}}],"collection":[{"href":"https:\/\/fmnativa.com\/portal\/wp-json\/wp\/v2\/posts"}],"about":[{"href":"https:\/\/fmnativa.com\/portal\/wp-json\/wp\/v2\/types\/post"}],"author":[{"embeddable":true,"href":"https:\/\/fmnativa.com\/portal\/wp-json\/wp\/v2\/users\/1"}],"replies":[{"embeddable":true,"href":"https:\/\/fmnativa.com\/portal\/wp-json\/wp\/v2\/comments?post=1010"}],"version-history":[{"count":2,"href":"https:\/\/fmnativa.com\/portal\/wp-json\/wp\/v2\/posts\/1010\/revisions"}],"predecessor-version":[{"id":1017,"href":"https:\/\/fmnativa.com\/portal\/wp-json\/wp\/v2\/posts\/1010\/revisions\/1017"}],"wp:featuredmedia":[{"embeddable":true,"href":"https:\/\/fmnativa.com\/portal\/wp-json\/wp\/v2\/media\/1012"}],"wp:attachment":[{"href":"https:\/\/fmnativa.com\/portal\/wp-json\/wp\/v2\/media?parent=1010"}],"wp:term":[{"taxonomy":"category","embeddable":true,"href":"https:\/\/fmnativa.com\/portal\/wp-json\/wp\/v2\/categories?post=1010"},{"taxonomy":"post_tag","embeddable":true,"href":"https:\/\/fmnativa.com\/portal\/wp-json\/wp\/v2\/tags?post=1010"}],"curies":[{"name":"wp","href":"https:\/\/api.w.org\/{rel}","templated":true}]}}