{"id":1176,"date":"2020-09-24T17:49:44","date_gmt":"2020-09-24T20:49:44","guid":{"rendered":"https:\/\/fmnativa.com\/portal\/?p=1176"},"modified":"2020-09-24T17:49:44","modified_gmt":"2020-09-24T20:49:44","slug":"mas-ayuda-de-la-provincia-para-los-jardines-de-infantes","status":"publish","type":"post","link":"https:\/\/fmnativa.com\/portal\/2020\/09\/24\/mas-ayuda-de-la-provincia-para-los-jardines-de-infantes\/","title":{"rendered":"MAS AYUDA DE LA PROVINCIA PARA LOS JARDINES DE INFANTES"},"content":{"rendered":"<div id=\"fb-root\"><\/div>\n<p>La provincia incrementar\u00e1 en un 50% la Asistencia Econ\u00f3mica de Emergencia para los jardines de infantes<\/p>\n<p>\u201cVamos a pagar entre 70 y 100 mil pesos de acuerdo a la categor\u00eda de inscripci\u00f3n en la que se encuentran estos establecimientos\u201d, anunci\u00f3 el secretario de Comercio Interior y Servicios, Juan Marcos Aviano.<\/p>\n<p>El Gobierno de la provincia de Santa Fe anunci\u00f3 este mi\u00e9rcoles que incrementar\u00e1 en un 50% los aportes no reintegrables de la Asistencia Econ\u00f3mica de Emergencia que perciben los jardines de infantes, que a\u00fan no han podido volver a sus actividades producto de las medidas adoptadas en el marco de la pandemia del Covid 19.<br \/>\nEl anuncio fue realizado este jueves por el secretario de Comercio Interior y Servicios, Juan Marcos Aviano, en un encuentro que mantuvo con representantes del sector: \u201cEl compromiso del gobernador es continuar asisti\u00e9ndolos hasta que la situaci\u00f3n epidemiol\u00f3gica y sanitaria permita que puedan volver a funcionar con sus jardines\u201d.<\/p>\n<p>En este sentido, precis\u00f3 que \u201ccon el pago de la cuarta cuota de la Asistencia Econ\u00f3mica de Emergencia, que se efectivizar\u00e1 a partir de la semana que viene antes de finalizar el mes de septiembre, se prev\u00e9 un incremento del 50% en relaci\u00f3n a lo que hab\u00edan percibido en la tercera cuota. Vamos a pagar entre 70 mil y 100 mil pesos de acuerdo a la categor\u00eda de inscripci\u00f3n en la que se encuentran los jardines maternales. En octubre, noviembre y diciembre, de persistir la situaci\u00f3n epidemiol\u00f3gica, se continuar\u00e1 con la asistencia. El Gobierno est\u00e1 poniendo mucho esfuerzo\u201d.<\/p>\n<p>Asimismo, Aviano resalt\u00f3 que \u201cotra cuesti\u00f3n a comunicarles es que los jardines de infantes, que brindan un servicio social muy valioso para la comunidad, van a ser alcanzados por los beneficios impositivos y tarifarios, al igual que el resto de los rubros que est\u00e1n afectados. Es decir, que van a poder diferir pagos de los impuestos Inmobiliario, a los Ingresos Brutos y sellos, y de las tarifas de Aguas Santafesinas y de la Empresa Provincial de la Energ\u00eda (EPE) durante abril a diciembre del corriente a\u00f1o. Decimos diferimiento porque el gobernador por decreto no puede condonar estos impuestos, pero asumimos el compromiso de dialogar en el \u00e1mbito de la Legislatura, que es donde deben aprobarse las leyes tributarias y de presupuesto para el ejercicio 2021, para que sean contempladas las liquidaciones, tributos y tarifas a partir de una ley que los estipule para el a\u00f1o que viene\u201d, agreg\u00f3.<\/p>\n<p>Luego del encuentro, el funcionario provincial destac\u00f3 que \u201cestamos reafirmando el compromiso que tenemos con los sectores afectados por la pandemia. La situaci\u00f3n econ\u00f3mica se ha profundizado por la crisis sanitaria que atraviesa la Argentina y, en Santa Fe, desde el mes de junio, con el Programa de Asistencia Econ\u00f3mica de Emergencia venimos asistiendo a 465 jardines maternales de toda la provincia, en su gran mayor\u00eda, son establecimientos que est\u00e1n en las ciudades de Santa Fe y Rosario\u201d.<\/p>\n<p>Adem\u00e1s, manifest\u00f3 el \u201cfirme compromiso del gobernador Omar Perotti con las distintas actividades afectadas por la pandemia, contemplando reclamos y pedidos; al tiempo que mantenemos la continuidad del di\u00e1logo permanente que venimos manteniendo con la Asociaci\u00f3n de Jardines Particulares de Rosario y con los grupos de jardines de la ciudad de Santa Fe, con quienes desde abril venimos dialogando desde los ministerios de Salud, de Trabajo y de Producci\u00f3n, Ciencia y Tecnolog\u00eda\u201d.<\/p>\n<p>Para finalizar, Aviano manifest\u00f3 que \u201ca los jardines se les ha generado, desde algunos sectores, una expectativa que a nuestro entender no era necesaria, porque el Gobierno con la Asistencia Econ\u00f3mica de Emergencia va a terminar el a\u00f1o aportando, con recursos de los santafesinas y santafesinos, mayores fondos que los que prev\u00e9s, por ejemplo, el Proyecto de Ley de Rescate de Jardines. Hay que ser claros y responsables con la informaci\u00f3n y los anuncios\u201d.<\/p>\n<p>\u201cEsta es la manera en que lo estamos haciendo y vamos a continuar haci\u00e9ndolo, sin mezquindades y sin dar lugar a cualquier interpretaci\u00f3n pol\u00edtica o partidaria que nos desv\u00ede a todos de la principal atenci\u00f3n que le tenemos que prestar a este tema. Acompa\u00f1ar a las actividades en este dif\u00edcil momento, no generar falsas expectativas y trabajar a la par de la evoluci\u00f3n sanitaria y epidemiol\u00f3gica las distintas necesidades que van teniendo los jardines maternales hasta que puedan ser autorizados para volver a funcionar\u201d, concluy\u00f3 Aviano.<\/p>\n","protected":false},"excerpt":{"rendered":"<p>La provincia incrementar\u00e1 en un 50% la Asistencia Econ\u00f3mica de Emergencia para los jardines de&#8230;<\/p>\n","protected":false},"author":1,"featured_media":1177,"comment_status":"closed","ping_status":"closed","sticky":false,"template":"","format":"standard","meta":{"footnotes":""},"categories":[7],"tags":[196,133,32,26,422,80,14],"class_list":["post-1176","post","type-post","status-publish","format-standard","has-post-thumbnail","hentry","category-provinciales","tag-asistencia","tag-coronavirus","tag-covid-19","tag-educacion","tag-jardines-de-infantes","tag-pandemia","tag-provincia"],"featured_image_urls":{"full":["https:\/\/fmnativa.com\/portal\/wp-content\/uploads\/2020\/09\/1-172.jpg",1140,640,false],"thumbnail":["https:\/\/fmnativa.com\/portal\/wp-content\/uploads\/2020\/09\/1-172-150x150.jpg",150,150,true],"medium":["https:\/\/fmnativa.com\/portal\/wp-content\/uploads\/2020\/09\/1-172-300x168.jpg",300,168,true],"medium_large":["https:\/\/fmnativa.com\/portal\/wp-content\/uploads\/2020\/09\/1-172-768x431.jpg",640,359,true],"large":["https:\/\/fmnativa.com\/portal\/wp-content\/uploads\/2020\/09\/1-172-1024x575.jpg",640,359,true],"1536x1536":["https:\/\/fmnativa.com\/portal\/wp-content\/uploads\/2020\/09\/1-172.jpg",1140,640,false],"2048x2048":["https:\/\/fmnativa.com\/portal\/wp-content\/uploads\/2020\/09\/1-172.jpg",1140,640,false],"covernews-slider-full":["https:\/\/fmnativa.com\/portal\/wp-content\/uploads\/2020\/09\/1-172.jpg",1115,626,false],"covernews-slider-center":["https:\/\/fmnativa.com\/portal\/wp-content\/uploads\/2020\/09\/1-172.jpg",800,449,false],"covernews-featured":["https:\/\/fmnativa.com\/portal\/wp-content\/uploads\/2020\/09\/1-172.jpg",1024,575,false],"covernews-medium":["https:\/\/fmnativa.com\/portal\/wp-content\/uploads\/2020\/09\/1-172.jpg",540,303,false],"covernews-medium-square":["https:\/\/fmnativa.com\/portal\/wp-content\/uploads\/2020\/09\/1-172.jpg",400,225,false]},"author_info":{"info":["Fabian"]},"category_info":"<a href=\"https:\/\/fmnativa.com\/portal\/category\/provinciales\/\" rel=\"category tag\">PROVINCIALES<\/a>","tag_info":"PROVINCIALES","comment_count":"0","_links":{"self":[{"href":"https:\/\/fmnativa.com\/portal\/wp-json\/wp\/v2\/posts\/1176","targetHints":{"allow":["GET"]}}],"collection":[{"href":"https:\/\/fmnativa.com\/portal\/wp-json\/wp\/v2\/posts"}],"about":[{"href":"https:\/\/fmnativa.com\/portal\/wp-json\/wp\/v2\/types\/post"}],"author":[{"embeddable":true,"href":"https:\/\/fmnativa.com\/portal\/wp-json\/wp\/v2\/users\/1"}],"replies":[{"embeddable":true,"href":"https:\/\/fmnativa.com\/portal\/wp-json\/wp\/v2\/comments?post=1176"}],"version-history":[{"count":1,"href":"https:\/\/fmnativa.com\/portal\/wp-json\/wp\/v2\/posts\/1176\/revisions"}],"predecessor-version":[{"id":1178,"href":"https:\/\/fmnativa.com\/portal\/wp-json\/wp\/v2\/posts\/1176\/revisions\/1178"}],"wp:featuredmedia":[{"embeddable":true,"href":"https:\/\/fmnativa.com\/portal\/wp-json\/wp\/v2\/media\/1177"}],"wp:attachment":[{"href":"https:\/\/fmnativa.com\/portal\/wp-json\/wp\/v2\/media?parent=1176"}],"wp:term":[{"taxonomy":"category","embeddable":true,"href":"https:\/\/fmnativa.com\/portal\/wp-json\/wp\/v2\/categories?post=1176"},{"taxonomy":"post_tag","embeddable":true,"href":"https:\/\/fmnativa.com\/portal\/wp-json\/wp\/v2\/tags?post=1176"}],"curies":[{"name":"wp","href":"https:\/\/api.w.org\/{rel}","templated":true}]}}