{"id":1288,"date":"2020-09-28T23:17:49","date_gmt":"2020-09-29T02:17:49","guid":{"rendered":"https:\/\/fmnativa.com\/portal\/?p=1288"},"modified":"2020-09-28T23:17:49","modified_gmt":"2020-09-29T02:17:49","slug":"automovilismo-virtual-hugo-bressan-6-el-rifle-franco-12","status":"publish","type":"post","link":"https:\/\/fmnativa.com\/portal\/2020\/09\/28\/automovilismo-virtual-hugo-bressan-6-el-rifle-franco-12\/","title":{"rendered":"Automovilismo Virtual &#8211; HUGO BRESSAN 6\u00b0, EL RIFLE FRANCO 12\u00b0"},"content":{"rendered":"<div id=\"fb-root\"><\/div>\n<h3>Fue hoy Lunes 28 de Septiembre, en el arranque del Torneo de Primavera del TN Clase 3 Nacional<\/h3>\n<p>Hoy se disput\u00f3 la primera fecha del campeonato de Primavera del TN Clase 3, en la pista Virtual del Autodromo JORGE ANGEL PENA de SAN MARTIN en la provincia de Mendoza.<\/p>\n<p>Compitieron dos PILOTOS VIRTUALES de la Regi\u00f3n, <strong>HUGO BRESSAN<\/strong> y <strong>HUGO FRANCO<\/strong>.<\/p>\n<p>No clasificaron bien los representantes de la Sucursal Reconquista de Aut\u00f3dromo Virtual. Clasificaci\u00f3n que domin\u00f3 el representante de Merlo (Bs As) PATRICIO BARRA.<\/p>\n<p>Se corrieron dos carreras a 15 vueltas cada una. En la primera el orden de largada fue invirtiendo los 15 primeros lugares de la Clasificaci\u00f3n y en la segunda, los protagonistas se acomodaron tal como hab\u00edan clasificado.<\/p>\n<p>A la primer competencia la gan\u00f3 el Tucumano <strong>JOSE IBARRA HUSSEM<\/strong> y a la segunda el de Merlo en la provincia de Buenos Aires, P<strong>ATRICIO BARRA<\/strong>.<\/p>\n<p><strong>RESUMEN DE LA ACTUACION NORTE\u00d1A<\/strong><\/p>\n<p><strong>HUGO BRESSAN<\/strong><br \/>\nClasific\u00f3 octavo<br \/>\nCarrera 1: Larg\u00f3 octavo (grilla invertida), termin\u00f3 sexto<br \/>\nCarrera 2: Larg\u00f3 octavo y termin\u00f3 en la sexta colocaci\u00f3n<\/p>\n<p><strong>HUGO FRANCO<\/strong><br \/>\nClasific\u00f3 d\u00e9cimo primero<br \/>\nCarrera 1: Larg\u00f3 quinto (grilla invertida) termin\u00f3 ubicado tercero.<br \/>\nCarrera 2: Larg\u00f3 d\u00e9cimo primero, termin\u00f3 d\u00e9cimo segundo.<\/p>\n<p><strong>A esta carrera pod\u00e9s revivirla ingresando al AUTODROMO VIRTUAL TELEVISION:\u00a0 <a href=\"https:\/\/youtu.be\/J-zq2sxYWI4\" target=\"_blank\" rel=\"noopener noreferrer\">CLICK AQUI\u00a0<\/a><\/strong><\/p>\n<p><strong>Lo que se viene en competencias de Aut\u00f3dromo Virtual<\/strong><br \/>\n<strong><em>S\u00e1bado 3 de Octubre<\/em><\/strong><br \/>\n<strong><em>Hora: 16:00<\/em><\/strong><br \/>\n<strong>SUPER TURISMO URUGUAYO<\/strong><br \/>\nAut\u00f3dromo: SAN JORGE<br \/>\n<strong><em>Gran premio Coronaci\u00f3n con dos pilotos de la Regi\u00f3n luchando para ser campe\u00f3n<\/em><\/strong> en un campeonato que lidera el de Merlo (Bs As) Patricio Barra, hablamos de BENJAMIN SPONTON y de AYRTON AYALA.<\/p>\n<p>As\u00ed esta el Campeonato del SUPER TURISMO<\/p>\n<p><img fetchpriority=\"high\" decoding=\"async\" class=\"wp-image-1290 aligncenter\" src=\"https:\/\/fmnativa.com\/portal\/wp-content\/uploads\/2020\/09\/AAAA-campeonato-STU-300x280.jpeg\" alt=\"\" width=\"414\" height=\"388\" \/><\/p>\n<p><strong><em>Lunes 5 de Octubre<\/em><\/strong><br \/>\n<strong><em>Hora: 20:30<\/em><\/strong><br \/>\n<strong>TURISMO DE CARRETERA<\/strong><br \/>\nAut\u00f3dromo: BUENOS AIRES (Variante 12)<br \/>\nPrimer Fecha del Torneo de Primavera (se correr\u00e1n todos los lunes despues del TC Real en el mismo aut\u00f3dromo)<br \/>\nSe espera nutrida concurrencia de Pilotos de la Regi\u00f3n<\/p>\n<p><strong>Para recordar&#8230;<\/strong><br \/>\n<strong>Las dos competencias podr\u00e1s VERLA EN VIVO por www.youtube.com\/autodromovirtual desde las 20:30 o escucharla por FM NATIVA 96.9.<\/strong><\/p>\n","protected":false},"excerpt":{"rendered":"<p>Fue hoy Lunes 28 de Septiembre, en el arranque del Torneo de Primavera del TN&#8230;<\/p>\n","protected":false},"author":1,"featured_media":1289,"comment_status":"closed","ping_status":"closed","sticky":false,"template":"","format":"standard","meta":{"footnotes":""},"categories":[48,8,6],"tags":[126,127,125,109,108,462],"class_list":["post-1288","post","type-post","status-publish","format-standard","has-post-thumbnail","hentry","category-deportes","category-nacionales","category-regionales","tag-autodromo-virtual","tag-autodromo-virtual-reconquista","tag-sim-racers","tag-sim-racing","tag-simuladores","tag-tn-clase-3"],"featured_image_urls":{"full":["https:\/\/fmnativa.com\/portal\/wp-content\/uploads\/2020\/09\/1-189.jpg",954,633,false],"thumbnail":["https:\/\/fmnativa.com\/portal\/wp-content\/uploads\/2020\/09\/1-189-150x150.jpg",150,150,true],"medium":["https:\/\/fmnativa.com\/portal\/wp-content\/uploads\/2020\/09\/1-189-300x199.jpg",300,199,true],"medium_large":["https:\/\/fmnativa.com\/portal\/wp-content\/uploads\/2020\/09\/1-189-768x510.jpg",640,425,true],"large":["https:\/\/fmnativa.com\/portal\/wp-content\/uploads\/2020\/09\/1-189.jpg",640,425,false],"1536x1536":["https:\/\/fmnativa.com\/portal\/wp-content\/uploads\/2020\/09\/1-189.jpg",954,633,false],"2048x2048":["https:\/\/fmnativa.com\/portal\/wp-content\/uploads\/2020\/09\/1-189.jpg",954,633,false],"covernews-slider-full":["https:\/\/fmnativa.com\/portal\/wp-content\/uploads\/2020\/09\/1-189.jpg",954,633,false],"covernews-slider-center":["https:\/\/fmnativa.com\/portal\/wp-content\/uploads\/2020\/09\/1-189.jpg",754,500,false],"covernews-featured":["https:\/\/fmnativa.com\/portal\/wp-content\/uploads\/2020\/09\/1-189.jpg",954,633,false],"covernews-medium":["https:\/\/fmnativa.com\/portal\/wp-content\/uploads\/2020\/09\/1-189.jpg",512,340,false],"covernews-medium-square":["https:\/\/fmnativa.com\/portal\/wp-content\/uploads\/2020\/09\/1-189.jpg",377,250,false]},"author_info":{"info":["Fabian"]},"category_info":"<a href=\"https:\/\/fmnativa.com\/portal\/category\/deportes\/\" rel=\"category tag\">DEPORTES<\/a> <a href=\"https:\/\/fmnativa.com\/portal\/category\/nacionales\/\" rel=\"category tag\">Nacionales<\/a> <a href=\"https:\/\/fmnativa.com\/portal\/category\/regionales\/\" rel=\"category tag\">REGIONALES<\/a>","tag_info":"REGIONALES","comment_count":"0","_links":{"self":[{"href":"https:\/\/fmnativa.com\/portal\/wp-json\/wp\/v2\/posts\/1288","targetHints":{"allow":["GET"]}}],"collection":[{"href":"https:\/\/fmnativa.com\/portal\/wp-json\/wp\/v2\/posts"}],"about":[{"href":"https:\/\/fmnativa.com\/portal\/wp-json\/wp\/v2\/types\/post"}],"author":[{"embeddable":true,"href":"https:\/\/fmnativa.com\/portal\/wp-json\/wp\/v2\/users\/1"}],"replies":[{"embeddable":true,"href":"https:\/\/fmnativa.com\/portal\/wp-json\/wp\/v2\/comments?post=1288"}],"version-history":[{"count":1,"href":"https:\/\/fmnativa.com\/portal\/wp-json\/wp\/v2\/posts\/1288\/revisions"}],"predecessor-version":[{"id":1291,"href":"https:\/\/fmnativa.com\/portal\/wp-json\/wp\/v2\/posts\/1288\/revisions\/1291"}],"wp:featuredmedia":[{"embeddable":true,"href":"https:\/\/fmnativa.com\/portal\/wp-json\/wp\/v2\/media\/1289"}],"wp:attachment":[{"href":"https:\/\/fmnativa.com\/portal\/wp-json\/wp\/v2\/media?parent=1288"}],"wp:term":[{"taxonomy":"category","embeddable":true,"href":"https:\/\/fmnativa.com\/portal\/wp-json\/wp\/v2\/categories?post=1288"},{"taxonomy":"post_tag","embeddable":true,"href":"https:\/\/fmnativa.com\/portal\/wp-json\/wp\/v2\/tags?post=1288"}],"curies":[{"name":"wp","href":"https:\/\/api.w.org\/{rel}","templated":true}]}}