{"id":1297,"date":"2020-09-29T18:40:12","date_gmt":"2020-09-29T21:40:12","guid":{"rendered":"https:\/\/fmnativa.com\/portal\/?p=1297"},"modified":"2020-09-29T18:40:12","modified_gmt":"2020-09-29T21:40:12","slug":"reconquista-el-municipio-y-la-asociacion-civil-las-manos-hablan-firmaron-un-convenio","status":"publish","type":"post","link":"https:\/\/fmnativa.com\/portal\/2020\/09\/29\/reconquista-el-municipio-y-la-asociacion-civil-las-manos-hablan-firmaron-un-convenio\/","title":{"rendered":"Reconquista &#8211; El Municipio y la Asociaci\u00f3n Civil LAS MANOS HABLAN firmaron un convenio"},"content":{"rendered":"<div id=\"fb-root\"><\/div>\n<p>El Intendente Dr. Amadeo Enrique Vallejos encabez\u00f3, en la ma\u00f1ana del martes 29 de septiembre, la firma de un convenio marco con la Asociaci\u00f3n Civil de Sordos \u201cLas Manos Hablan\u201d, en el que se cede en car\u00e1cter de comodato un sector del Parque Productivo del Vivero Municipal para el desarrollo de actividades de carpinter\u00eda y huerta org\u00e1nica.<\/p>\n<p>El Intendente agradeci\u00f3 a los presentes \u201cpor estar viviendo este momento tan especial\u201d, recordando que \u201cellos vienen trabajando con mucho sacrificio hace a\u00f1os, han conformado una comunidad con personas de distintas localidades del norte santafesino que se integran a nuestra ciudad a trav\u00e9s de este hermoso proyecto\u201d.<\/p>\n<p>\u201cHace a\u00f1os ve\u00edamos como se iban organizando, por lo que somos nosotros los que tenemos que agradecer que nos dejen de ser parte de este sue\u00f1o\u201d, destac\u00f3 el Dr. Amadeo Enrique Vallejos, se\u00f1alando que \u201cas\u00ed como dice la Biblia, cuando se enciende una luz hay que subirla al candelero para que alumbre a los dem\u00e1s, para que otros vean lo que ustedes hacen\u201d y que \u201cel m\u00e1s largo de los caminos comienza con el primer paso, que ustedes lo dieron hace mucho tiempo y que seguir\u00e1 muchos a\u00f1os m\u00e1s para seguir creciendo\u201d.<\/p>\n<p>En la misma l\u00ednea se expres\u00f3 la Secretaria de Desarrollo Humano Lic. Mar\u00eda Haydee Maggio, quien mencion\u00f3 que \u201cdesde el primer momento el Intendente llam\u00f3 a todo el equipo a acompa\u00f1ar a estos j\u00f3venes\u201d, lo que representa \u201cun orgullo para esta gesti\u00f3n de tener familias en nuestra comunidad que piensan en un futuro para sus hijos, que han demostrado en Reconquista que quieren dignificarse desde el trabajo\u201d.<\/p>\n<p>A su turno, el Presidente de la Asociaci\u00f3n Civil \u201cLas Manos Hablan\u201d Leonardo Romero, en la voz de Gladis Romero, manifest\u00f3 que \u201choy sentimos que encontramos la soluci\u00f3n dentro de nuestra comunidad\u201d, demostrando \u201ca toda la sociedad que podemos generar nuestro propio trabajo y mostrarle al futuro que nosotros podemos cambiarlo y que nada es dif\u00edcil, que todos somos iguales\u201d.<\/p>\n<p>El Presidente de la Cooperativa SanVal Marcos Raffin, a su turno, detall\u00f3 que la firma del convenio \u201csignifica m\u00e1s seguridad para nosotros, que vamos a trabajar m\u00e1s tranquilos\u201d, por lo que agradeci\u00f3 \u201cal Intendente y todas las personas\u201d que colaboraron con \u201cesta cooperativa que se fund\u00f3 para que los chicos tengan su trabajo, conozcan su dignidad, sus responsabilidades y su educaci\u00f3n\u201d, manifestando su orgullo \u201cpor ser el primer Presidente de la primera Cooperativa de la Argentina de personas sordas\u201d.<\/p>\n","protected":false},"excerpt":{"rendered":"<p>El Intendente Dr. Amadeo Enrique Vallejos encabez\u00f3, en la ma\u00f1ana del martes 29 de septiembre,&#8230;<\/p>\n","protected":false},"author":1,"featured_media":1298,"comment_status":"closed","ping_status":"closed","sticky":false,"template":"","format":"standard","meta":{"footnotes":""},"categories":[5],"tags":[467,466,286,66],"class_list":["post-1297","post","type-post","status-publish","format-standard","has-post-thumbnail","hentry","category-locales","tag-asociacion-civil-de-sordos-manos-que-hablan","tag-cooperativa-sanvas","tag-municipalidad-de-reconquista","tag-vallejos"],"featured_image_urls":{"full":["https:\/\/fmnativa.com\/portal\/wp-content\/uploads\/2020\/09\/1-191.jpg",1280,763,false],"thumbnail":["https:\/\/fmnativa.com\/portal\/wp-content\/uploads\/2020\/09\/1-191-150x150.jpg",150,150,true],"medium":["https:\/\/fmnativa.com\/portal\/wp-content\/uploads\/2020\/09\/1-191-300x179.jpg",300,179,true],"medium_large":["https:\/\/fmnativa.com\/portal\/wp-content\/uploads\/2020\/09\/1-191-768x458.jpg",640,382,true],"large":["https:\/\/fmnativa.com\/portal\/wp-content\/uploads\/2020\/09\/1-191-1024x610.jpg",640,381,true],"1536x1536":["https:\/\/fmnativa.com\/portal\/wp-content\/uploads\/2020\/09\/1-191.jpg",1280,763,false],"2048x2048":["https:\/\/fmnativa.com\/portal\/wp-content\/uploads\/2020\/09\/1-191.jpg",1280,763,false],"covernews-slider-full":["https:\/\/fmnativa.com\/portal\/wp-content\/uploads\/2020\/09\/1-191.jpg",1115,665,false],"covernews-slider-center":["https:\/\/fmnativa.com\/portal\/wp-content\/uploads\/2020\/09\/1-191.jpg",800,477,false],"covernews-featured":["https:\/\/fmnativa.com\/portal\/wp-content\/uploads\/2020\/09\/1-191.jpg",1024,610,false],"covernews-medium":["https:\/\/fmnativa.com\/portal\/wp-content\/uploads\/2020\/09\/1-191.jpg",540,322,false],"covernews-medium-square":["https:\/\/fmnativa.com\/portal\/wp-content\/uploads\/2020\/09\/1-191.jpg",400,238,false]},"author_info":{"info":["Fabian"]},"category_info":"<a href=\"https:\/\/fmnativa.com\/portal\/category\/locales\/\" rel=\"category tag\">LOCALES<\/a>","tag_info":"LOCALES","comment_count":"0","_links":{"self":[{"href":"https:\/\/fmnativa.com\/portal\/wp-json\/wp\/v2\/posts\/1297","targetHints":{"allow":["GET"]}}],"collection":[{"href":"https:\/\/fmnativa.com\/portal\/wp-json\/wp\/v2\/posts"}],"about":[{"href":"https:\/\/fmnativa.com\/portal\/wp-json\/wp\/v2\/types\/post"}],"author":[{"embeddable":true,"href":"https:\/\/fmnativa.com\/portal\/wp-json\/wp\/v2\/users\/1"}],"replies":[{"embeddable":true,"href":"https:\/\/fmnativa.com\/portal\/wp-json\/wp\/v2\/comments?post=1297"}],"version-history":[{"count":1,"href":"https:\/\/fmnativa.com\/portal\/wp-json\/wp\/v2\/posts\/1297\/revisions"}],"predecessor-version":[{"id":1299,"href":"https:\/\/fmnativa.com\/portal\/wp-json\/wp\/v2\/posts\/1297\/revisions\/1299"}],"wp:featuredmedia":[{"embeddable":true,"href":"https:\/\/fmnativa.com\/portal\/wp-json\/wp\/v2\/media\/1298"}],"wp:attachment":[{"href":"https:\/\/fmnativa.com\/portal\/wp-json\/wp\/v2\/media?parent=1297"}],"wp:term":[{"taxonomy":"category","embeddable":true,"href":"https:\/\/fmnativa.com\/portal\/wp-json\/wp\/v2\/categories?post=1297"},{"taxonomy":"post_tag","embeddable":true,"href":"https:\/\/fmnativa.com\/portal\/wp-json\/wp\/v2\/tags?post=1297"}],"curies":[{"name":"wp","href":"https:\/\/api.w.org\/{rel}","templated":true}]}}