{"id":1303,"date":"2020-09-29T19:07:50","date_gmt":"2020-09-29T22:07:50","guid":{"rendered":"https:\/\/fmnativa.com\/portal\/?p=1303"},"modified":"2020-09-29T19:16:02","modified_gmt":"2020-09-29T22:16:02","slug":"automovilismo-virtual-campeonato-actualizado-del-%f0%9f%9a%a6tn-clase-3%f0%9f%9a%a6","status":"publish","type":"post","link":"https:\/\/fmnativa.com\/portal\/2020\/09\/29\/automovilismo-virtual-campeonato-actualizado-del-%f0%9f%9a%a6tn-clase-3%f0%9f%9a%a6\/","title":{"rendered":"Automovilismo Virtual &#8211; CAMPEONATO ACTUALIZADO DEL \ud83d\udea6TN Clase 3\ud83d\udea6"},"content":{"rendered":"<div id=\"fb-root\"><\/div>\n<h3>Participan los Locales HUGO \u00abRifle\u00bb FRANCO y HUGO BRESSAN<\/h3>\n<p>Anoche se corri\u00f3 la primera fecha del Campeonato de Primavera del TURISMO NACIONAL CLASE 3.<\/p>\n<p>Campeonato organizado por la franquicia AUTODROMO VIRTUAL, en la que se compite con pilotos de varias partes del Pais.<\/p>\n<p>Desde el Local de Aut\u00f3dromo Virtual Reconquista, compitieron HUGO BRESSAN y HUGO FRANCO&#8230;<\/p>\n<p>As\u00ed qued\u00f3 el Campeonato tras pasar la fecha 1<\/p>\n<table width=\"503\">\n<tbody>\n<tr>\n<td style=\"text-align: center;\" colspan=\"5\" width=\"503\"><strong><span style=\"color: #ff0000;\">CAMPEONATO TURISMO NACIONAL (cumplida la Fecha 1)<\/span><\/strong><\/td>\n<\/tr>\n<tr>\n<td style=\"text-align: center;\" width=\"49\"><span style=\"color: #ff0000;\">Nro.<\/span><\/td>\n<td style=\"text-align: center;\" width=\"170\"><span style=\"color: #ff0000;\">Usuario<\/span><\/td>\n<td style=\"text-align: center;\" width=\"83\"><span style=\"color: #ff0000;\">Victorias<\/span><\/td>\n<td style=\"text-align: center;\" width=\"118\"><span style=\"color: #ff0000;\">Marca<\/span><\/td>\n<td style=\"text-align: center;\" width=\"83\"><span style=\"color: #ff0000;\">Pts<\/span>.<\/td>\n<\/tr>\n<tr>\n<td style=\"text-align: center;\" width=\"49\">1<\/td>\n<td style=\"text-align: center;\" width=\"170\">Patricio Barra M<\/td>\n<td style=\"text-align: center;\" width=\"83\">1<\/td>\n<td style=\"text-align: center;\" width=\"118\">VOLKSWAGEN<\/td>\n<td style=\"text-align: center;\" width=\"83\">52<\/td>\n<\/tr>\n<tr>\n<td style=\"text-align: center;\" width=\"49\">2<\/td>\n<td style=\"text-align: center;\" width=\"170\">Juan DeLeo VB<\/td>\n<td style=\"text-align: center;\" width=\"83\"><\/td>\n<td style=\"text-align: center;\" width=\"118\">CHEVROLET<\/td>\n<td style=\"text-align: center;\" width=\"83\">45<\/td>\n<\/tr>\n<tr>\n<td style=\"text-align: center;\" width=\"49\">3<\/td>\n<td style=\"text-align: center;\" width=\"170\">Adrian Marder T<\/td>\n<td style=\"text-align: center;\" width=\"83\"><\/td>\n<td style=\"text-align: center;\" width=\"118\">HONDA<\/td>\n<td style=\"text-align: center;\" width=\"83\">44<\/td>\n<\/tr>\n<tr>\n<td style=\"text-align: center;\" width=\"49\">4<\/td>\n<td style=\"text-align: center;\" width=\"170\">Lucas Caceres M<\/td>\n<td style=\"text-align: center;\" width=\"83\"><\/td>\n<td style=\"text-align: center;\" width=\"118\">HONDA<\/td>\n<td style=\"text-align: center;\" width=\"83\">42<\/td>\n<\/tr>\n<tr>\n<td style=\"text-align: center;\" width=\"49\">5<\/td>\n<td style=\"text-align: center;\" width=\"170\">Luciano Carrillo CRD<\/td>\n<td style=\"text-align: center;\" width=\"83\"><\/td>\n<td style=\"text-align: center;\" width=\"118\">CHEVROLET<\/td>\n<td style=\"text-align: center;\" width=\"83\">42<\/td>\n<\/tr>\n<tr>\n<td style=\"text-align: center;\" width=\"49\">6<\/td>\n<td style=\"text-align: center;\" width=\"170\">Jose IbarraHussem T<\/td>\n<td style=\"text-align: center;\" width=\"83\">1<\/td>\n<td style=\"text-align: center;\" width=\"118\">FORD<\/td>\n<td style=\"text-align: center;\" width=\"83\">41<\/td>\n<\/tr>\n<tr>\n<td style=\"text-align: center;\" width=\"49\"><strong>7<\/strong><\/td>\n<td style=\"text-align: center;\" width=\"170\"><strong>Hugo Bressan REC<\/strong><\/td>\n<td style=\"text-align: center;\" width=\"83\"><\/td>\n<td style=\"text-align: center;\" width=\"118\"><strong>FORD<\/strong><\/td>\n<td style=\"text-align: center;\" width=\"83\"><strong>40<\/strong><\/td>\n<\/tr>\n<tr>\n<td style=\"text-align: center;\" width=\"49\"><strong><span style=\"color: #000000;\">8<\/span><\/strong><\/td>\n<td style=\"text-align: center;\" width=\"170\"><strong><span style=\"color: #000000;\">Hugo Franco REC<\/span><\/strong><\/td>\n<td style=\"text-align: center;\" width=\"83\"><\/td>\n<td style=\"text-align: center;\" width=\"118\"><strong><span style=\"color: #000000;\">HONDA<\/span><\/strong><\/td>\n<td style=\"text-align: center;\" width=\"83\"><strong><span style=\"color: #000000;\">38<\/span><\/strong><\/td>\n<\/tr>\n<tr>\n<td style=\"text-align: center;\" width=\"49\">9<\/td>\n<td style=\"text-align: center;\" width=\"170\">Sergio Schiavelli VB<\/td>\n<td style=\"text-align: center;\" width=\"83\"><\/td>\n<td style=\"text-align: center;\" width=\"118\">CITROEN<\/td>\n<td style=\"text-align: center;\" width=\"83\">38<\/td>\n<\/tr>\n<tr>\n<td style=\"text-align: center;\" width=\"49\">10<\/td>\n<td style=\"text-align: center;\" width=\"170\">Nicolas Rodriguez VB<\/td>\n<td style=\"text-align: center;\" width=\"83\"><\/td>\n<td style=\"text-align: center;\" width=\"118\">CHEVROLET<\/td>\n<td style=\"text-align: center;\" width=\"83\">33<\/td>\n<\/tr>\n<tr>\n<td style=\"text-align: center;\" width=\"49\">11<\/td>\n<td style=\"text-align: center;\" width=\"170\">Fabian Betancort M<\/td>\n<td style=\"text-align: center;\" width=\"83\"><\/td>\n<td style=\"text-align: center;\" width=\"118\">CHEVROLET<\/td>\n<td style=\"text-align: center;\" width=\"83\">32<\/td>\n<\/tr>\n<tr>\n<td style=\"text-align: center;\" width=\"49\">12<\/td>\n<td style=\"text-align: center;\" width=\"170\">Jose Sopranzi VB<\/td>\n<td style=\"text-align: center;\" width=\"83\"><\/td>\n<td style=\"text-align: center;\" width=\"118\">HONDA<\/td>\n<td style=\"text-align: center;\" width=\"83\">31<\/td>\n<\/tr>\n<tr>\n<td style=\"text-align: center;\" width=\"49\">13<\/td>\n<td style=\"text-align: center;\" width=\"170\">Christian gutierrez VB<\/td>\n<td style=\"text-align: center;\" width=\"83\"><\/td>\n<td style=\"text-align: center;\" width=\"118\">CITROEN<\/td>\n<td style=\"text-align: center;\" width=\"83\">27<\/td>\n<\/tr>\n<tr>\n<td style=\"text-align: center;\" width=\"49\">14<\/td>\n<td style=\"text-align: center;\" width=\"170\">Damian Bietti VB<\/td>\n<td style=\"text-align: center;\" width=\"83\"><\/td>\n<td style=\"text-align: center;\" width=\"118\">HONDA<\/td>\n<td style=\"text-align: center;\" width=\"83\">25<\/td>\n<\/tr>\n<tr>\n<td style=\"text-align: center;\" width=\"49\">15<\/td>\n<td style=\"text-align: center;\" width=\"170\">Yamil Oviedo VB<\/td>\n<td style=\"text-align: center;\" width=\"83\"><\/td>\n<td style=\"text-align: center;\" width=\"118\">KIA<\/td>\n<td style=\"text-align: center;\" width=\"83\">25<\/td>\n<\/tr>\n<tr>\n<td style=\"text-align: center;\" width=\"49\">16<\/td>\n<td style=\"text-align: center;\" width=\"170\">Lucas Guerrero T<\/td>\n<td style=\"text-align: center;\" width=\"83\"><\/td>\n<td style=\"text-align: center;\" width=\"118\">FORD<\/td>\n<td style=\"text-align: center;\" width=\"83\">20<\/td>\n<\/tr>\n<tr>\n<td style=\"text-align: center;\" width=\"49\">17<\/td>\n<td style=\"text-align: center;\" width=\"170\">Nestor Ferrari VB<\/td>\n<td style=\"text-align: center;\" width=\"83\"><\/td>\n<td style=\"text-align: center;\" width=\"118\">HONDA<\/td>\n<td style=\"text-align: center;\" width=\"83\">18<\/td>\n<\/tr>\n<tr>\n<td style=\"text-align: center;\" width=\"49\">18<\/td>\n<td style=\"text-align: center;\" width=\"170\">Lucas Boiko M<\/td>\n<td style=\"text-align: center;\" width=\"83\"><\/td>\n<td style=\"text-align: center;\" width=\"118\">CHEVROLET<\/td>\n<td style=\"text-align: center;\" width=\"83\">12<\/td>\n<\/tr>\n<tr>\n<td style=\"text-align: center;\" width=\"49\">19<\/td>\n<td style=\"text-align: center;\" width=\"170\">Jesus Sugman CRD<\/td>\n<td style=\"text-align: center;\" width=\"83\"><\/td>\n<td style=\"text-align: center;\" width=\"118\">FORD<\/td>\n<td style=\"text-align: center;\" width=\"83\">0<\/td>\n<\/tr>\n<\/tbody>\n<\/table>\n<p><span style=\"color: #ffcc00;\"><strong><em>La pr\u00f3xima Fecha del TN CLASE 3 Virtual es el Lunes 19 de Octubre a las 20:30 hs<\/em><\/strong><\/span><\/p>\n<p><strong>Lo que se viene en competencias de Aut\u00f3dromo Virtual<\/strong><br \/>\n<strong><em>S\u00e1bado 3 de Octubre<\/em><\/strong><br \/>\n<strong><em>Hora: 16:00<\/em><\/strong><br \/>\n<span style=\"color: #ffcc00;\"><strong>SUPER TURISMO URUGUAYO<\/strong><\/span><br \/>\nAut\u00f3dromo: SAN JORGE<br \/>\n<em>Gran premio Coronaci\u00f3n con dos pilotos de la Regi\u00f3n luchando para ser campe\u00f3n<\/em>\u00a0en un campeonato que lidera el de Merlo (Bs As) Patricio Barra, hablamos de <strong>BENJAMIN SPONTON<\/strong> y de <strong>AYRTON AYALA<\/strong>.<\/p>\n<p><strong><em>Lunes 5 de Octubre<\/em><\/strong><br \/>\n<strong><em>Hora: 20:30<\/em><\/strong><br \/>\n<span style=\"color: #ffcc00;\"><strong>TURISMO DE CARRETERA<\/strong><\/span><br \/>\nAut\u00f3dromo: BUENOS AIRES (Variante 12)<br \/>\nPrimer Fecha del Torneo de Primavera (se correr\u00e1n todos los lunes despues del TC Real en el mismo aut\u00f3dromo)<br \/>\nSe espera nutrida concurrencia de Pilotos de la Regi\u00f3n<\/p>\n<p><strong>Para recordar\u2026<\/strong><br \/>\n<strong>Las dos competencias podr\u00e1s <span style=\"color: #ffcc00;\">VERLA EN VIVO<\/span> por <a href=\"http:\/\/www.youtube.com\/autodromovirtual\" target=\"_blank\" rel=\"noopener noreferrer\">www.youtube.com\/autodromovirtual<\/a> desde las 20:30 o <span style=\"color: #ffcc00;\">escucharla por FM NATIVA 96.9<\/span>.<\/strong><\/p>\n","protected":false},"excerpt":{"rendered":"<p>Participan los Locales HUGO \u00abRifle\u00bb FRANCO y HUGO BRESSAN Anoche se corri\u00f3 la primera fecha&#8230;<\/p>\n","protected":false},"author":1,"featured_media":1304,"comment_status":"closed","ping_status":"closed","sticky":false,"template":"","format":"standard","meta":{"footnotes":""},"categories":[48,8,10,6],"tags":[126,127,340,470,125,109,108,462,122],"class_list":["post-1303","post","type-post","status-publish","format-standard","has-post-thumbnail","hentry","category-deportes","category-nacionales","category-ponelaquinta","category-regionales","tag-autodromo-virtual","tag-autodromo-virtual-reconquista","tag-hugo-bressan","tag-hugo-franco","tag-sim-racers","tag-sim-racing","tag-simuladores","tag-tn-clase-3","tag-velocidad"],"featured_image_urls":{"full":["https:\/\/fmnativa.com\/portal\/wp-content\/uploads\/2020\/09\/imagen_2020-09-29_190735.png",598,576,false],"thumbnail":["https:\/\/fmnativa.com\/portal\/wp-content\/uploads\/2020\/09\/imagen_2020-09-29_190735-150x150.png",150,150,true],"medium":["https:\/\/fmnativa.com\/portal\/wp-content\/uploads\/2020\/09\/imagen_2020-09-29_190735-300x289.png",300,289,true],"medium_large":["https:\/\/fmnativa.com\/portal\/wp-content\/uploads\/2020\/09\/imagen_2020-09-29_190735.png",598,576,false],"large":["https:\/\/fmnativa.com\/portal\/wp-content\/uploads\/2020\/09\/imagen_2020-09-29_190735.png",598,576,false],"1536x1536":["https:\/\/fmnativa.com\/portal\/wp-content\/uploads\/2020\/09\/imagen_2020-09-29_190735.png",598,576,false],"2048x2048":["https:\/\/fmnativa.com\/portal\/wp-content\/uploads\/2020\/09\/imagen_2020-09-29_190735.png",598,576,false],"covernews-slider-full":["https:\/\/fmnativa.com\/portal\/wp-content\/uploads\/2020\/09\/imagen_2020-09-29_190735.png",598,576,false],"covernews-slider-center":["https:\/\/fmnativa.com\/portal\/wp-content\/uploads\/2020\/09\/imagen_2020-09-29_190735.png",519,500,false],"covernews-featured":["https:\/\/fmnativa.com\/portal\/wp-content\/uploads\/2020\/09\/imagen_2020-09-29_190735.png",598,576,false],"covernews-medium":["https:\/\/fmnativa.com\/portal\/wp-content\/uploads\/2020\/09\/imagen_2020-09-29_190735.png",353,340,false],"covernews-medium-square":["https:\/\/fmnativa.com\/portal\/wp-content\/uploads\/2020\/09\/imagen_2020-09-29_190735.png",260,250,false]},"author_info":{"info":["Fabian"]},"category_info":"<a href=\"https:\/\/fmnativa.com\/portal\/category\/deportes\/\" rel=\"category tag\">DEPORTES<\/a> <a href=\"https:\/\/fmnativa.com\/portal\/category\/nacionales\/\" rel=\"category tag\">Nacionales<\/a> <a href=\"https:\/\/fmnativa.com\/portal\/category\/ponelaquinta\/\" rel=\"category tag\">Pon\u00e9 La Quinta<\/a> <a href=\"https:\/\/fmnativa.com\/portal\/category\/regionales\/\" rel=\"category tag\">REGIONALES<\/a>","tag_info":"REGIONALES","comment_count":"0","_links":{"self":[{"href":"https:\/\/fmnativa.com\/portal\/wp-json\/wp\/v2\/posts\/1303","targetHints":{"allow":["GET"]}}],"collection":[{"href":"https:\/\/fmnativa.com\/portal\/wp-json\/wp\/v2\/posts"}],"about":[{"href":"https:\/\/fmnativa.com\/portal\/wp-json\/wp\/v2\/types\/post"}],"author":[{"embeddable":true,"href":"https:\/\/fmnativa.com\/portal\/wp-json\/wp\/v2\/users\/1"}],"replies":[{"embeddable":true,"href":"https:\/\/fmnativa.com\/portal\/wp-json\/wp\/v2\/comments?post=1303"}],"version-history":[{"count":4,"href":"https:\/\/fmnativa.com\/portal\/wp-json\/wp\/v2\/posts\/1303\/revisions"}],"predecessor-version":[{"id":1308,"href":"https:\/\/fmnativa.com\/portal\/wp-json\/wp\/v2\/posts\/1303\/revisions\/1308"}],"wp:featuredmedia":[{"embeddable":true,"href":"https:\/\/fmnativa.com\/portal\/wp-json\/wp\/v2\/media\/1304"}],"wp:attachment":[{"href":"https:\/\/fmnativa.com\/portal\/wp-json\/wp\/v2\/media?parent=1303"}],"wp:term":[{"taxonomy":"category","embeddable":true,"href":"https:\/\/fmnativa.com\/portal\/wp-json\/wp\/v2\/categories?post=1303"},{"taxonomy":"post_tag","embeddable":true,"href":"https:\/\/fmnativa.com\/portal\/wp-json\/wp\/v2\/tags?post=1303"}],"curies":[{"name":"wp","href":"https:\/\/api.w.org\/{rel}","templated":true}]}}