{"id":1352,"date":"2020-09-30T18:59:06","date_gmt":"2020-09-30T21:59:06","guid":{"rendered":"https:\/\/fmnativa.com\/portal\/?p=1352"},"modified":"2020-09-30T18:59:06","modified_gmt":"2020-09-30T21:59:06","slug":"se-aprobo-la-ley-para-la-prevencion-y-lucha-contra-incendios-en-zonas-rurales","status":"publish","type":"post","link":"https:\/\/fmnativa.com\/portal\/2020\/09\/30\/se-aprobo-la-ley-para-la-prevencion-y-lucha-contra-incendios-en-zonas-rurales\/","title":{"rendered":"SE APROBO LA LEY PARA LA PREVENCION Y LUCHA CONTRA INCENDIOS EN ZONAS RURALES"},"content":{"rendered":"<div id=\"fb-root\"><\/div>\n<p>Fue aprobado en la \u00faltima sesi\u00f3n de Diputados.<\/p>\n<p>La diputada provincial Mar\u00eda Laura Corgniali manifest\u00f3 que \u201c<em>el proyecto de Ley para la prevenci\u00f3n y lucha contra incendios en zonas rurales, bosques nativos, cultivados o implantados, islas y \u00e1reas naturales protegidas fue aprobado en la \u00faltima sesi\u00f3n ordinaria<\/em>\u201d.<\/p>\n<p>El proyecto, que cuenta con media sanci\u00f3n, fue enriquecido en la Comisi\u00f3n de Medio Ambiente. Este proyecto de ley tiene coma finalidad principal crear los institutos necesarios para garantizar en todo el territorio santafesino la existencia de acciones concretas que puedan prevenirse y sancionarse los incendios que se produzcan en \u00e1reas rurales, bosques nativos y zonas naturales protegidas.<\/p>\n<p>Corgniali afirm\u00f3 que: \u201c<em>Se autoriza a la autoridad a ejercer la actividad coma polic\u00eda administrativa, de manera de hacer efectivo el cumplimiento de esta ley y de los reglamentos que se dicten. Adem\u00e1s, busca impulsar programas de extensi\u00f3n rural y de educaci\u00f3n<\/em>.<\/p>\n<p>Finalmente, el proyecto en consonancia con la ley provincial 11.717 de Medio Ambiente y Desarrollo sustentable, establece sanciones que, en el caso de las multas, partir\u00e1n de un m\u00ednimo de 384 litros de gasoil hasta un m\u00e1ximo de 384.000, seg\u00fan la gravedad de la infracci\u00f3n, las consecuencias da\u00f1osas sobre la propiedad de terceros o al ambiente, los danos y peligros potenciales a la seguridad f\u00edsica de otras personas, los antecedentes de infracciones ya cometidas y toda otra circunstancia que considere relevante.<\/p>\n<p>Corgniali mantuvo: \u201c<em>Se prev\u00e9 que el 50% de lo recaudado por este concepto forme parte del Fonda de Seguridad Provincial, permitiendo ampliar el financiamiento de las actividades y equipamiento del cuerpo de bomberos voluntarios de la provincia<\/em>\u201d.<\/p>\n<p>Fuente: Prensa Diputada Corgnali<\/p>\n","protected":false},"excerpt":{"rendered":"<p>Fue aprobado en la \u00faltima sesi\u00f3n de Diputados. La diputada provincial Mar\u00eda Laura Corgniali manifest\u00f3&#8230;<\/p>\n","protected":false},"author":1,"featured_media":1353,"comment_status":"closed","ping_status":"closed","sticky":false,"template":"","format":"standard","meta":{"footnotes":""},"categories":[7],"tags":[484,483,47],"class_list":["post-1352","post","type-post","status-publish","format-standard","has-post-thumbnail","hentry","category-provinciales","tag-diputada-corgnali","tag-incendios-rurales","tag-ley"],"featured_image_urls":{"full":["https:\/\/fmnativa.com\/portal\/wp-content\/uploads\/2020\/09\/1-200.jpg",1280,720,false],"thumbnail":["https:\/\/fmnativa.com\/portal\/wp-content\/uploads\/2020\/09\/1-200-150x150.jpg",150,150,true],"medium":["https:\/\/fmnativa.com\/portal\/wp-content\/uploads\/2020\/09\/1-200-300x169.jpg",300,169,true],"medium_large":["https:\/\/fmnativa.com\/portal\/wp-content\/uploads\/2020\/09\/1-200-768x432.jpg",640,360,true],"large":["https:\/\/fmnativa.com\/portal\/wp-content\/uploads\/2020\/09\/1-200-1024x576.jpg",640,360,true],"1536x1536":["https:\/\/fmnativa.com\/portal\/wp-content\/uploads\/2020\/09\/1-200.jpg",1280,720,false],"2048x2048":["https:\/\/fmnativa.com\/portal\/wp-content\/uploads\/2020\/09\/1-200.jpg",1280,720,false],"covernews-slider-full":["https:\/\/fmnativa.com\/portal\/wp-content\/uploads\/2020\/09\/1-200.jpg",1115,627,false],"covernews-slider-center":["https:\/\/fmnativa.com\/portal\/wp-content\/uploads\/2020\/09\/1-200.jpg",800,450,false],"covernews-featured":["https:\/\/fmnativa.com\/portal\/wp-content\/uploads\/2020\/09\/1-200.jpg",1024,576,false],"covernews-medium":["https:\/\/fmnativa.com\/portal\/wp-content\/uploads\/2020\/09\/1-200.jpg",540,304,false],"covernews-medium-square":["https:\/\/fmnativa.com\/portal\/wp-content\/uploads\/2020\/09\/1-200.jpg",400,225,false]},"author_info":{"info":["Fabian"]},"category_info":"<a href=\"https:\/\/fmnativa.com\/portal\/category\/provinciales\/\" rel=\"category tag\">PROVINCIALES<\/a>","tag_info":"PROVINCIALES","comment_count":"0","_links":{"self":[{"href":"https:\/\/fmnativa.com\/portal\/wp-json\/wp\/v2\/posts\/1352","targetHints":{"allow":["GET"]}}],"collection":[{"href":"https:\/\/fmnativa.com\/portal\/wp-json\/wp\/v2\/posts"}],"about":[{"href":"https:\/\/fmnativa.com\/portal\/wp-json\/wp\/v2\/types\/post"}],"author":[{"embeddable":true,"href":"https:\/\/fmnativa.com\/portal\/wp-json\/wp\/v2\/users\/1"}],"replies":[{"embeddable":true,"href":"https:\/\/fmnativa.com\/portal\/wp-json\/wp\/v2\/comments?post=1352"}],"version-history":[{"count":1,"href":"https:\/\/fmnativa.com\/portal\/wp-json\/wp\/v2\/posts\/1352\/revisions"}],"predecessor-version":[{"id":1354,"href":"https:\/\/fmnativa.com\/portal\/wp-json\/wp\/v2\/posts\/1352\/revisions\/1354"}],"wp:featuredmedia":[{"embeddable":true,"href":"https:\/\/fmnativa.com\/portal\/wp-json\/wp\/v2\/media\/1353"}],"wp:attachment":[{"href":"https:\/\/fmnativa.com\/portal\/wp-json\/wp\/v2\/media?parent=1352"}],"wp:term":[{"taxonomy":"category","embeddable":true,"href":"https:\/\/fmnativa.com\/portal\/wp-json\/wp\/v2\/categories?post=1352"},{"taxonomy":"post_tag","embeddable":true,"href":"https:\/\/fmnativa.com\/portal\/wp-json\/wp\/v2\/tags?post=1352"}],"curies":[{"name":"wp","href":"https:\/\/api.w.org\/{rel}","templated":true}]}}