{"id":1355,"date":"2020-09-30T19:09:06","date_gmt":"2020-09-30T22:09:06","guid":{"rendered":"https:\/\/fmnativa.com\/portal\/?p=1355"},"modified":"2020-09-30T19:09:06","modified_gmt":"2020-09-30T22:09:06","slug":"pobreza-al-alza-409-en-el-1er-tirmestre-185-millones-de-personas-afectadas","status":"publish","type":"post","link":"https:\/\/fmnativa.com\/portal\/2020\/09\/30\/pobreza-al-alza-409-en-el-1er-tirmestre-185-millones-de-personas-afectadas\/","title":{"rendered":"POBREZA AL ALZA&#8230; 40,9 % en el 1er Tirmestre&#8230; 18,5 millones de personas afectadas"},"content":{"rendered":"<div id=\"fb-root\"><\/div>\n<h3 class=\"article-subheadline | article-subheadline padding_vertical_5px border_bottom border_1 border_lightgray width_full\">El Indec inform\u00f3 esta tarde que el indicador subi\u00f3 poco m\u00e1s de cinco puntos porcentuales respecto del \u00faltimo semestre del 2019, cuando era del 35,5%. Es el valor m\u00e1s alto desde 2004<\/h3>\n<p class=\"font_tertiary paragraph\"><mark class=\"hl_yellow\"><b>Tras el efecto de la cuarentena producto del coronavirus, la pobreza lleg\u00f3 al 40,9% en el primer semestre del a\u00f1o, lo que implica que unos 18,5 millones de personas en todo el pa\u00eds no logran cumplir con sus necesidades b\u00e1sicas.\u00a0<\/b><\/mark>A su vez, la indigencia trep\u00f3 al 10,5%, equivalente a 4,8 millones de personas que a junio padec\u00edan hambre, seg\u00fan inform\u00f3 esta tarde el Instituto Nacional de Estad\u00edstica y Censos (Indec).<\/p>\n<p class=\"font_tertiary paragraph\">Con estos n\u00fameros, qued\u00f3 confirmado el fuerte impacto que la par\u00e1lisis econ\u00f3mica por la pandemia gener\u00f3 en el empleo y los ingresos de la poblaci\u00f3n. En comparaci\u00f3n con el \u00faltimo semestre de 2019, cuando a\u00fan gobernaba Mauricio Macri, el incremento fue de poco m\u00e1s de cinco puntos porcentuales. Entre junio y diciembre del a\u00f1o pasado, la pobreza lleg\u00f3 al 35,5 por ciento. Concretamente, hoy hay 2,5 millones de personas m\u00e1s que cayeron bajo la l\u00ednea de pobreza y 1,2 millones m\u00e1s de indigentes respecto del \u00faltimo semestre del a\u00f1o pasado.<\/p>\n<blockquote class=\"font_tertiary color_figcaption\">\n<div class=\"text\"><strong>La indigencia trep\u00f3 al 10,5%, equivalente a 4,8 millones de personas que a junio padec\u00edan hambre<\/strong><\/div>\n<\/blockquote>\n<p class=\"font_tertiary paragraph\">La cifra conocida hoy es la m\u00e1s alta desde el primer semestre 2004, que fue del 44,3%. A fines del 2001, antes del estallido de la convertibilidad, se ubicaba en el 38,3% y en el segundo semestre del 2002 salt\u00f3 al 57,5%. Si la comparaci\u00f3n se realiza versus el segundo semestre, la cifra conocida hoy es la mayor desde el 2003, cuando entre junio y diciembre la cifra era del 47,8 por ciento.<\/p>\n<p class=\"font_tertiary paragraph\">La historia argentina muestra que la pobreza alcanz\u00f3 picos en torno al 50% durante la hiperinflaci\u00f3n de 1989 y la crisis de 2001-2002, cuando super\u00f3 incluso el 55%. Lo que advierten los analistas en la materia es que luego de cada crisis econ\u00f3mica que se traduce en un fuerte salto de la pobreza, luego no se vuelve a los niveles previos sino que la cifra se estabiliza en un escal\u00f3n m\u00e1s arriba.<\/p>\n<div class=\"margin_1 align_items_center width_full\"><iframe title=\"TASA HIST\u00d3RICA POBREZA\" src=\"https:\/\/e.infogram.com\/a1fab263-0dbe-407a-a6c1-4569785168b6?src=embed\" width=\"100%\" height=\"627\" frameborder=\"0\" scrolling=\"no\" allowfullscreen=\"allowfullscreen\" data-mce-fragment=\"1\"><\/iframe><\/div>\n<p><strong>LA POBREZA MEDIDA TRIMESTRALMENTE<\/strong><\/p>\n<p class=\"font_tertiary paragraph\"><strong>El dato de pobreza es m\u00e1s alarmante si se lo mide de modo trimestral, algo que el Indec no hace pero s\u00ed los privados<\/strong>. Seg\u00fan sus proyecciones, realizadas a partir de la base de datos de ingresos del propio organismo estad\u00edstico, en el segundo trimestre del a\u00f1o la pobreza salt\u00f3 al 47%, pero luego el dato semestral fue atenuado porque incluye la cifra del primer trimestre, cuando no hab\u00eda pandemia.<\/p>\n<p class=\"font_tertiary paragraph\">Por eso, si se compara el dato del trimestre abril-junio con respecto al primero, cuando todav\u00eda la Argentina no estaba en aislamiento, la suba de la pobreza fue de 12 puntos porcentuales, ya que salt\u00f3 del 34,6% al 47%. Ello equivale a 5 millones m\u00e1s de personas pobres en la Argentina y casi 2 millones m\u00e1s de indigentes, ya que la indigencia creci\u00f3 de 8,6% a 12,4% entre el primero y el segundo trimestre, estim\u00f3 el economista\u00a0<b>Claudio Lozano<\/b>.<\/p>\n<p class=\"font_tertiary paragraph\">\u201cEl dato conocido hoy es un promedio de dos situaciones muy distintas, un primer trimestre con el efecto del aguinaldo, bonos y contribuciones como la tarjeta alimentaria, y el segundo trimestre en el que la pobreza ascendi\u00f3 a alrededor del 47%. Y lo mismo sucede con la tasa de indigencia\u00bb, indic\u00f3 el director del Observatorio de la Deuda Social de la Universidad Cat\u00f3lica Argentina (UCA), Agust\u00edn Salvia.<\/p>\n<blockquote class=\"font_tertiary color_figcaption\">\n<div class=\"text\">\u201cEl primer objetivo hacia adelante es recuperar a esas personas que cayeron en la pobreza en el medio de la pandemia porque se quedaron sin trabajo o perdieron sus ingresos\u201d (Arroyo)<\/div>\n<\/blockquote>\n<p class=\"font_tertiary paragraph\">El investigador agreg\u00f3 que \u201cson las cifras m\u00e1s altas de la d\u00e9cada, pero no del siglo XX, y tiene que ver con una ca\u00edda del PBI que viene acumulando casi 17 puntos en los \u00faltimos tres a\u00f1os, similar a lo que ocurri\u00f3 en la crisis de 2002, pero con tasas de pobreza m\u00e1s bajas por el piso de protecci\u00f3n social que hay\u201d. Respecto de las perspectivas hacia adelante, Salvia remarc\u00f3 que hoy la sociedad requiere de m\u00e1s programas sociales y m\u00e1s y mejor empleo, y \u201ceso no se percibe como tendencia en el corto plazo\u201d.<\/p>\n<p class=\"font_tertiary paragraph\">El ministro de Desarrollo Social, Daniel Arroyo, admiti\u00f3 que los datos son \u201crealmente cr\u00edticos\u201d y que el primer objetivo hacia adelante es recuperar a esas personas que cayeron en la pobreza en el medio de la pandemia porque se quedaron sin trabajo o perdieron sus ingresos. \u201cPor eso, queremos impulsar cinco sectores productivos clave: construcci\u00f3n, textil, producci\u00f3n de alimentos, econom\u00eda del cuidado, y recolecci\u00f3n y reciclado de residuos urbanos\u201d, dijo.<\/p>\n<p class=\"font_tertiary paragraph\">Adem\u00e1s, se mostr\u00f3 optimista respecto de las cifras del tercer trimestre, ya que hubo m\u00e1s actividad econ\u00f3mica, con lo cual \u201cdeber\u00edan mejorar los datos de pobreza de ac\u00e1 a fin de a\u00f1o\u201d. \u00abDesde el Ministerio \u2013manifest\u00f3 Arroyo\u2013 apuntamos a recuperar y potenciar el trabajo, y a urbanizar los barrios populares y construir infraestructura b\u00e1sica. Por eso, estamos llevando adelante el plan Potenciar Trabajo, para que la gente tenga un ingreso de base que la lleve a trabajar y capacitarse en oficios\u201d.<\/p>\n<p class=\"font_tertiary paragraph\">El Indec realiza el c\u00e1lculo para el universo de los 31 aglomerados urbanos de la Encuesta Permanente de Hogares, que incluye a 9,4 millones de hogares y 28,6 millones de personas. Sobre esta poblaci\u00f3n, el 40,9% de pobreza equivale a 11,6 millones de pobres y casi 3 millones de indigentes.<\/p>\n<picture class=\"font_tertiary visual__image\"><source srcset=\"https:\/\/www.infobae.com\/new-resizer\/wQ_uFgER2AoUdMxffKZ8SE5ZeDE=\/768x768\/filters:format(jpg):quality(85)\/cloudfront-us-east-1.images.arcpublishing.com\/infobae\/GI4E5AHCJBE33PZGI4JBVQTUME.jpg 1200w\" type=\"image\/jpg\" \/><source srcset=\"https:\/\/www.infobae.com\/new-resizer\/wQ_uFgER2AoUdMxffKZ8SE5ZeDE=\/768x768\/filters:format(jpg):quality(85)\/cloudfront-us-east-1.images.arcpublishing.com\/infobae\/GI4E5AHCJBE33PZGI4JBVQTUME.jpg 992w\" type=\"image\/jpg\" \/><source srcset=\"https:\/\/www.infobae.com\/new-resizer\/wQ_uFgER2AoUdMxffKZ8SE5ZeDE=\/768x768\/filters:format(jpg):quality(85)\/cloudfront-us-east-1.images.arcpublishing.com\/infobae\/GI4E5AHCJBE33PZGI4JBVQTUME.jpg 768w\" type=\"image\/jpg\" \/><source srcset=\"https:\/\/www.infobae.com\/new-resizer\/q6g8DqyKz7LKXcxrA8uVvYqhpWc=\/420x420\/filters:format(jpg):quality(85)\/cloudfront-us-east-1.images.arcpublishing.com\/infobae\/GI4E5AHCJBE33PZGI4JBVQTUME.jpg 420w\" type=\"image\/jpg\" \/><img fetchpriority=\"high\" decoding=\"async\" src=\"https:\/\/www.infobae.com\/new-resizer\/q6g8DqyKz7LKXcxrA8uVvYqhpWc=\/420x420\/filters:format(jpg):quality(85)\/\/cloudfront-us-east-1.images.arcpublishing.com\/infobae\/GI4E5AHCJBE33PZGI4JBVQTUME.jpg\" alt=\"Fuente: Indec\" width=\"758\" height=\"820\" \/><\/picture>\n<picture class=\"font_tertiary visual__image\">Fuente: Indec<\/picture>\n<p class=\"font_tertiary paragraph\">El organismo inform\u00f3 que dado que la incidencia de la pobreza y la indigencia resulta de la capacidad de los hogares de acceder a la canasta b\u00e1sica alimentaria (CBA) y a la canasta b\u00e1sica total (CBT) mediante sus ingresos monetarios, y que la brecha es la distancia entre los ingresos y las canastas, en el primer semestre de 2020 se observ\u00f3:<\/p>\n<p class=\"font_tertiary paragraph\">&#8211; El aumento en los valores de la CBA (23,1%) y de la CBT (19,2%) registr\u00f3 una desaceleraci\u00f3n de la CBT con respecto al semestre anterior.<\/p>\n<p class=\"font_tertiary paragraph\">&#8211; La suma de ingreso total familiar aument\u00f3 un 11% con respecto al semestre anterior, por debajo de la suba de las canastas, lo que explica el aumento de la tasa de pobreza, precis\u00f3 el instituto.<\/p>\n<blockquote class=\"font_tertiary color_figcaption\">\n<div class=\"text\">El ingreso total familiar promedio de los hogares pobres fue de $25.759, mientras la CBT promedio del mismo grupo de hogares alcanz\u00f3 los $43.785, por lo que la brecha se ubic\u00f3 en 41,2%, el valor m\u00e1s alto de la serie por cuarto semestre consecutivo<\/div>\n<\/blockquote>\n<p class=\"font_tertiary paragraph\">A su vez, destac\u00f3 que el ingreso total familiar promedio de los hogares pobres fue de $25.759, mientras la CBT promedio del mismo grupo de hogares alcanz\u00f3 los $43.785, por lo que la brecha se ubic\u00f3 en 41,2%, el valor m\u00e1s alto de la serie por cuarto semestre consecutivo. \u201cDe esta manera, no solo hubo un aumento en la incidencia de pobreza respecto del segundo semestre de 2019, sino que la situaci\u00f3n de las personas bajo la l\u00ednea de pobreza empeor\u00f3 por la mayor distancia entre sus ingresos y la CBT\u201d, indic\u00f3 el Indec.<\/p>\n<p class=\"font_tertiary paragraph\">En cuanto a los grupos de edad seg\u00fan condici\u00f3n de pobreza, el informe destac\u00f3 que m\u00e1s de la mitad (56,3%) de las personas de 0 a 14 a\u00f1os son pobres, aunque el mayor crecimiento con relaci\u00f3n al semestre anterior se observ\u00f3 en los grupos de personas de 15 a 29 a\u00f1os, con un aumento de 7,1 puntos porcentuales, y las de 30 a 64, con una suba de 5,7 puntos. El porcentaje total de pobres para ambos grupos es de 49,6% y 36,2%, respectivamente. En la poblaci\u00f3n de 65 a\u00f1os y m\u00e1s, pr\u00e1cticamente no hubo modificaciones y se mantuvo en 11,4 por ciento.<\/p>\n<p class=\"font_tertiary paragraph\">Respecto de la distribuci\u00f3n regional, las mayores incidencias de la pobreza en personas se observaron en las regiones Noreste (NEA) \u201342,8%\u2013 y Gran Buenos Aires (GBA) \u201341,6%\u2013; y las menores, en las regiones Cuyo \u201339,5%\u2013 y Patagonia \u201337%\u2013.<\/p>\n<p>Fuente: INFOBAE<\/p>\n","protected":false},"excerpt":{"rendered":"<p>El Indec inform\u00f3 esta tarde que el indicador subi\u00f3 poco m\u00e1s de cinco puntos porcentuales&#8230;<\/p>\n","protected":false},"author":1,"featured_media":1356,"comment_status":"closed","ping_status":"closed","sticky":false,"template":"","format":"standard","meta":{"footnotes":""},"categories":[8],"tags":[43,486,485],"class_list":["post-1355","post","type-post","status-publish","format-standard","has-post-thumbnail","hentry","category-nacionales","tag-argentina","tag-indec","tag-pobreza"],"featured_image_urls":{"full":["https:\/\/fmnativa.com\/portal\/wp-content\/uploads\/2020\/09\/1-201.jpg",768,432,false],"thumbnail":["https:\/\/fmnativa.com\/portal\/wp-content\/uploads\/2020\/09\/1-201-150x150.jpg",150,150,true],"medium":["https:\/\/fmnativa.com\/portal\/wp-content\/uploads\/2020\/09\/1-201-300x169.jpg",300,169,true],"medium_large":["https:\/\/fmnativa.com\/portal\/wp-content\/uploads\/2020\/09\/1-201.jpg",640,360,false],"large":["https:\/\/fmnativa.com\/portal\/wp-content\/uploads\/2020\/09\/1-201.jpg",640,360,false],"1536x1536":["https:\/\/fmnativa.com\/portal\/wp-content\/uploads\/2020\/09\/1-201.jpg",768,432,false],"2048x2048":["https:\/\/fmnativa.com\/portal\/wp-content\/uploads\/2020\/09\/1-201.jpg",768,432,false],"covernews-slider-full":["https:\/\/fmnativa.com\/portal\/wp-content\/uploads\/2020\/09\/1-201.jpg",768,432,false],"covernews-slider-center":["https:\/\/fmnativa.com\/portal\/wp-content\/uploads\/2020\/09\/1-201.jpg",768,432,false],"covernews-featured":["https:\/\/fmnativa.com\/portal\/wp-content\/uploads\/2020\/09\/1-201.jpg",768,432,false],"covernews-medium":["https:\/\/fmnativa.com\/portal\/wp-content\/uploads\/2020\/09\/1-201.jpg",540,304,false],"covernews-medium-square":["https:\/\/fmnativa.com\/portal\/wp-content\/uploads\/2020\/09\/1-201.jpg",400,225,false]},"author_info":{"info":["Fabian"]},"category_info":"<a href=\"https:\/\/fmnativa.com\/portal\/category\/nacionales\/\" rel=\"category tag\">Nacionales<\/a>","tag_info":"Nacionales","comment_count":"0","_links":{"self":[{"href":"https:\/\/fmnativa.com\/portal\/wp-json\/wp\/v2\/posts\/1355","targetHints":{"allow":["GET"]}}],"collection":[{"href":"https:\/\/fmnativa.com\/portal\/wp-json\/wp\/v2\/posts"}],"about":[{"href":"https:\/\/fmnativa.com\/portal\/wp-json\/wp\/v2\/types\/post"}],"author":[{"embeddable":true,"href":"https:\/\/fmnativa.com\/portal\/wp-json\/wp\/v2\/users\/1"}],"replies":[{"embeddable":true,"href":"https:\/\/fmnativa.com\/portal\/wp-json\/wp\/v2\/comments?post=1355"}],"version-history":[{"count":1,"href":"https:\/\/fmnativa.com\/portal\/wp-json\/wp\/v2\/posts\/1355\/revisions"}],"predecessor-version":[{"id":1357,"href":"https:\/\/fmnativa.com\/portal\/wp-json\/wp\/v2\/posts\/1355\/revisions\/1357"}],"wp:featuredmedia":[{"embeddable":true,"href":"https:\/\/fmnativa.com\/portal\/wp-json\/wp\/v2\/media\/1356"}],"wp:attachment":[{"href":"https:\/\/fmnativa.com\/portal\/wp-json\/wp\/v2\/media?parent=1355"}],"wp:term":[{"taxonomy":"category","embeddable":true,"href":"https:\/\/fmnativa.com\/portal\/wp-json\/wp\/v2\/categories?post=1355"},{"taxonomy":"post_tag","embeddable":true,"href":"https:\/\/fmnativa.com\/portal\/wp-json\/wp\/v2\/tags?post=1355"}],"curies":[{"name":"wp","href":"https:\/\/api.w.org\/{rel}","templated":true}]}}