{"id":1358,"date":"2020-09-30T19:12:48","date_gmt":"2020-09-30T22:12:48","guid":{"rendered":"https:\/\/fmnativa.com\/portal\/?p=1358"},"modified":"2020-09-30T19:12:48","modified_gmt":"2020-09-30T22:12:48","slug":"noticia-que-duele-el-563-de-los-chicos-menores-de-14-anos-de-la-argentina-son-pobres","status":"publish","type":"post","link":"https:\/\/fmnativa.com\/portal\/2020\/09\/30\/noticia-que-duele-el-563-de-los-chicos-menores-de-14-anos-de-la-argentina-son-pobres\/","title":{"rendered":"NOTICIA QUE DUELE &#8211; El 56,3% de los chicos menores de 14 a\u00f1os de la Argentina son pobres"},"content":{"rendered":"<div id=\"fb-root\"><\/div>\n<h3 class=\"article-subheadline | article-subheadline padding_vertical_5px border_bottom border_1 border_lightgray width_full\">Hace un a\u00f1o, el porcentaje llegaba al 52,6%; son ni\u00f1os que viven en hogares que no cubren la canasta b\u00e1sica de $43.785 y poco m\u00e1s del 15% subsisten en la indigencia absoluta<\/h3>\n<p class=\"font_tertiary paragraph\">Las promesas de un pa\u00eds m\u00e1s justo o de pobreza cero se pierden en el n\u00famero real que acaba de dar a conocer el Instituto de Estad\u00edsticas y Censos de la Naci\u00f3n que se\u00f1ala que<b>\u00a0<\/b><mark class=\"hl_yellow\"><b>m\u00e1s de la mitad de los ni\u00f1os menores de 14 del pa\u00eds son pobres.<\/b><\/mark><\/p>\n<p class=\"font_tertiary paragraph\">Seg\u00fan la Encuesta Permanente de Hogares (EPH) del INDEC, la pobreza afect\u00f3 a 40,9% de los argentinos en el segundo semestre del a\u00f1o, el m\u00e1s golpeado por la profundizaci\u00f3n de la crisis econ\u00f3mica impulsada por las medidas para contener la propagaci\u00f3n de la pandemia. En el primer semestre de 2019 hab\u00eda alcanzado a un 35,4% de la ciudadan\u00eda.<\/p>\n<picture class=\"font_tertiary visual__image\"><source srcset=\"https:\/\/www.infobae.com\/new-resizer\/ea0sHebT2CYdBIINnDrD8qSvRwc=\/768x576\/filters:format(jpg):quality(85)\/cloudfront-us-east-1.images.arcpublishing.com\/infobae\/MFG3OKYHMJBJ3NWIEKZ7SX26PM.jpg 1200w\" type=\"image\/jpg\" \/><source srcset=\"https:\/\/www.infobae.com\/new-resizer\/ea0sHebT2CYdBIINnDrD8qSvRwc=\/768x576\/filters:format(jpg):quality(85)\/cloudfront-us-east-1.images.arcpublishing.com\/infobae\/MFG3OKYHMJBJ3NWIEKZ7SX26PM.jpg 992w\" type=\"image\/jpg\" \/><source srcset=\"https:\/\/www.infobae.com\/new-resizer\/ea0sHebT2CYdBIINnDrD8qSvRwc=\/768x576\/filters:format(jpg):quality(85)\/cloudfront-us-east-1.images.arcpublishing.com\/infobae\/MFG3OKYHMJBJ3NWIEKZ7SX26PM.jpg 768w\" type=\"image\/jpg\" \/><source srcset=\"https:\/\/www.infobae.com\/new-resizer\/5rdt2R1-qwItXhI3NsfcCpgeKaI=\/420x315\/filters:format(jpg):quality(85)\/cloudfront-us-east-1.images.arcpublishing.com\/infobae\/MFG3OKYHMJBJ3NWIEKZ7SX26PM.jpg 420w\" type=\"image\/jpg\" \/><img fetchpriority=\"high\" decoding=\"async\" src=\"https:\/\/www.infobae.com\/new-resizer\/5rdt2R1-qwItXhI3NsfcCpgeKaI=\/420x315\/filters:format(jpg):quality(85)\/\/cloudfront-us-east-1.images.arcpublishing.com\/infobae\/MFG3OKYHMJBJ3NWIEKZ7SX26PM.jpg\" alt=\"Pobreza por edad\" width=\"1920\" height=\"1663\" \/>Pobreza por edad<\/picture>\n<p class=\"font_tertiary paragraph\">Asimismo, la indigencia salt\u00f3 de 8,1% al 10,5% de la poblaci\u00f3n, lo que significa que pas\u00f3 de 754.000 hogares a 3 millones de personas.<\/p>\n<p class=\"font_tertiary paragraph\">Seg\u00fan<b>\u00a0<\/b><mark class=\"hl_yellow\"><b>el informe del INDEC, el 56,3% de las personas de 0 a 14 a\u00f1os son pobres. De ese total, el 15,6% de los ni\u00f1os viven en la indigencia en hogares en donde los ingresos no llegan a los 11.000 pesos y no alcanzan a cubrir una canasta de 17.000 pesos.<\/b><\/mark><\/p>\n<p class=\"font_tertiary paragraph\">Asimismo, establece que el mayor crecimiento con relaci\u00f3n al semestre anterior se observ\u00f3 en los grupos de personas de 15 a 29 a\u00f1os, con un aumento de 7,1 puntos porcentuales; y las de 30 a 64, con una suba de 5,7 puntos porcentuales.<\/p>\n<p class=\"font_tertiary paragraph\">El porcentaje total de pobres para ambos grupos es de 49,6% y 36,2%, respectivamente. En la poblaci\u00f3n de 65 a\u00f1os y m\u00e1s, pr\u00e1cticamente no hubo modificaciones y se mantuvo en 11,4% bajo la l\u00ednea de pobreza.<\/p>\n<picture class=\"font_tertiary visual__image\"><source srcset=\"https:\/\/www.infobae.com\/new-resizer\/JxRjBTBnS41a1fXxmgDt6NnmVrU=\/768x432\/filters:format(jpg):quality(85)\/cloudfront-us-east-1.images.arcpublishing.com\/infobae\/2QUNSYR7MZBEVMPB4YEZ7WFTZE.jpg 1200w\" type=\"image\/jpg\" \/><source srcset=\"https:\/\/www.infobae.com\/new-resizer\/JxRjBTBnS41a1fXxmgDt6NnmVrU=\/768x432\/filters:format(jpg):quality(85)\/cloudfront-us-east-1.images.arcpublishing.com\/infobae\/2QUNSYR7MZBEVMPB4YEZ7WFTZE.jpg 992w\" type=\"image\/jpg\" \/><source srcset=\"https:\/\/www.infobae.com\/new-resizer\/JxRjBTBnS41a1fXxmgDt6NnmVrU=\/768x432\/filters:format(jpg):quality(85)\/cloudfront-us-east-1.images.arcpublishing.com\/infobae\/2QUNSYR7MZBEVMPB4YEZ7WFTZE.jpg 768w\" type=\"image\/jpg\" \/><source srcset=\"https:\/\/www.infobae.com\/new-resizer\/j7fCoJUtj4XGdMwvhXUCtzm8zfE=\/420x236\/filters:format(jpg):quality(85)\/cloudfront-us-east-1.images.arcpublishing.com\/infobae\/2QUNSYR7MZBEVMPB4YEZ7WFTZE.jpg 420w\" type=\"image\/jpg\" \/><img decoding=\"async\" src=\"https:\/\/www.infobae.com\/new-resizer\/j7fCoJUtj4XGdMwvhXUCtzm8zfE=\/420x236\/filters:format(jpg):quality(85)\/\/cloudfront-us-east-1.images.arcpublishing.com\/infobae\/2QUNSYR7MZBEVMPB4YEZ7WFTZE.jpg\" alt=\"Casi una de cada dos personas menores de 29 a\u00f1os es pobre\" width=\"1920\" height=\"1080\" \/>Casi una de cada dos personas menores de 29 a\u00f1os es pobre<\/picture>\n<p class=\"font_tertiary paragraph\">Si se toma el total de la poblaci\u00f3n bajo la l\u00ednea de pobreza, el 22% corresponde a menores de 14 a\u00f1os, lo que significa que alrededor de cinco millones de ni\u00f1os viven en la pobreza. A este porcentaje se le suman los que tienen entre 15 y 29 a\u00f1os, con un 23,8 por ciento. Esto muestra que el 45,8% de los que tienen menos de 29 a\u00f1os viven bajo la l\u00ednea de pobreza.<\/p>\n<p class=\"font_tertiary paragraph\">Para finales de 2019, el n\u00famero de ni\u00f1os menores de 14 a\u00f1os que se ve\u00edan afectados por la pobreza era un poco menor, 52,3 por ciento.<\/p>\n<p class=\"font_tertiary paragraph\">En total, sobre 9.500.000 chicos de menos de 14 a\u00f1os, 5 millones viven en hogares pobres. De acuerdo con la estad\u00edstica oficial, uno de cada 2, o 5 de cada 10 chicos, viven en hogares pobres.<\/p>\n<p class=\"font_tertiary paragraph\">De estos ni\u00f1os pobres, 1.200.000 viven en hogares indigentes, as\u00ed definidos porque sus familias no tienen ingresos suficientes para comprar los alimentos b\u00e1sicos.<\/p>\n<p class=\"font_tertiary paragraph\">En agosto pasado UNICEF present\u00f3 un trabajo en donde se\u00f1alaba que para diciembre de 2020 la cantidad de ni\u00f1os, ni\u00f1as y adolescentes que estar\u00e1n bajo la l\u00ednea de pobreza pasar\u00eda de los 7 millones de finales de 2019 a 8,3 millones.<\/p>\n<picture class=\"font_tertiary visual__image\"><source srcset=\"https:\/\/www.infobae.com\/new-resizer\/C55ZpDpGkUqYltKFpxksOSqluWk=\/768x432\/filters:format(jpg):quality(85)\/cloudfront-us-east-1.images.arcpublishing.com\/infobae\/N4SZ7TQ5QRBS5J5RELJI26EMXU.jpg 1200w\" type=\"image\/jpg\" \/><source srcset=\"https:\/\/www.infobae.com\/new-resizer\/C55ZpDpGkUqYltKFpxksOSqluWk=\/768x432\/filters:format(jpg):quality(85)\/cloudfront-us-east-1.images.arcpublishing.com\/infobae\/N4SZ7TQ5QRBS5J5RELJI26EMXU.jpg 992w\" type=\"image\/jpg\" \/><source srcset=\"https:\/\/www.infobae.com\/new-resizer\/C55ZpDpGkUqYltKFpxksOSqluWk=\/768x432\/filters:format(jpg):quality(85)\/cloudfront-us-east-1.images.arcpublishing.com\/infobae\/N4SZ7TQ5QRBS5J5RELJI26EMXU.jpg 768w\" type=\"image\/jpg\" \/><source srcset=\"https:\/\/www.infobae.com\/new-resizer\/zeqNX4aSsunRtRKhGCQXqJBZ2_Q=\/420x236\/filters:format(jpg):quality(85)\/cloudfront-us-east-1.images.arcpublishing.com\/infobae\/N4SZ7TQ5QRBS5J5RELJI26EMXU.jpg 420w\" type=\"image\/jpg\" \/><img decoding=\"async\" src=\"https:\/\/www.infobae.com\/new-resizer\/zeqNX4aSsunRtRKhGCQXqJBZ2_Q=\/420x236\/filters:format(jpg):quality(85)\/\/cloudfront-us-east-1.images.arcpublishing.com\/infobae\/N4SZ7TQ5QRBS5J5RELJI26EMXU.jpg\" alt=\"Seg\u00fan Unicef, la cantidad de ni\u00f1os pobres podr\u00eda alcanzar a los 8 millones a finales de 2020\" width=\"1920\" height=\"1080\" \/>Seg\u00fan Unicef, la cantidad de ni\u00f1os pobres podr\u00eda alcanzar a los 8 millones a finales de 2020<\/picture>\n<p class=\"font_tertiary paragraph\">Las nuevas proyecciones alertan de que, en diciembre de este a\u00f1o, el porcentaje de ni\u00f1os y ni\u00f1as pobres alcanzar\u00eda el 62,9%. UNICEF basa sus c\u00e1lculos en datos oficiales del Instituto Nacional de Estad\u00edsticas y Censos (INDEC) y pron\u00f3sticos del Producto Bruto Interno (PBI), provenientes del Fondo Monetario Internacional (FMI). El 24 de junio el FMI present\u00f3 las nuevas proyecciones por pa\u00edses y, en consecuencia, la actualizaci\u00f3n muestra un incremento de casi 5 puntos con respecto a los niveles de pobreza infantil estimados en mayo de 2020 (58,6%) al 62,9% actual.<\/p>\n<p class=\"font_tertiary paragraph\">La encuesta que reliza el Fondo de las Naciones Unidas para la Infancia muestra que, m\u00e1s all\u00e1 de la apertura de actividades, de la flexibilizaci\u00f3n de la cuarentena en parte del pa\u00eds y del programa de asistencia al trabajo y a la producci\u00f3n, hay 2,6 millones de hogares que tienen sus ingresos laborales reducidos. Es el 45% del total de los hogares encuestados: en abril, las reducciones afectaban al 60%.<\/p>\n<p>Fuente INFOBAE<\/p>\n","protected":false},"excerpt":{"rendered":"<p>Hace un a\u00f1o, el porcentaje llegaba al 52,6%; son ni\u00f1os que viven en hogares que&#8230;<\/p>\n","protected":false},"author":1,"featured_media":1359,"comment_status":"closed","ping_status":"closed","sticky":false,"template":"","format":"standard","meta":{"footnotes":""},"categories":[8],"tags":[43,298,485],"class_list":["post-1358","post","type-post","status-publish","format-standard","has-post-thumbnail","hentry","category-nacionales","tag-argentina","tag-ninos","tag-pobreza"],"featured_image_urls":{"full":["https:\/\/fmnativa.com\/portal\/wp-content\/uploads\/2020\/09\/1-202.jpg",640,360,false],"thumbnail":["https:\/\/fmnativa.com\/portal\/wp-content\/uploads\/2020\/09\/1-202-150x150.jpg",150,150,true],"medium":["https:\/\/fmnativa.com\/portal\/wp-content\/uploads\/2020\/09\/1-202-300x169.jpg",300,169,true],"medium_large":["https:\/\/fmnativa.com\/portal\/wp-content\/uploads\/2020\/09\/1-202.jpg",640,360,false],"large":["https:\/\/fmnativa.com\/portal\/wp-content\/uploads\/2020\/09\/1-202.jpg",640,360,false],"1536x1536":["https:\/\/fmnativa.com\/portal\/wp-content\/uploads\/2020\/09\/1-202.jpg",640,360,false],"2048x2048":["https:\/\/fmnativa.com\/portal\/wp-content\/uploads\/2020\/09\/1-202.jpg",640,360,false],"covernews-slider-full":["https:\/\/fmnativa.com\/portal\/wp-content\/uploads\/2020\/09\/1-202.jpg",640,360,false],"covernews-slider-center":["https:\/\/fmnativa.com\/portal\/wp-content\/uploads\/2020\/09\/1-202.jpg",640,360,false],"covernews-featured":["https:\/\/fmnativa.com\/portal\/wp-content\/uploads\/2020\/09\/1-202.jpg",640,360,false],"covernews-medium":["https:\/\/fmnativa.com\/portal\/wp-content\/uploads\/2020\/09\/1-202.jpg",540,304,false],"covernews-medium-square":["https:\/\/fmnativa.com\/portal\/wp-content\/uploads\/2020\/09\/1-202.jpg",400,225,false]},"author_info":{"info":["Fabian"]},"category_info":"<a href=\"https:\/\/fmnativa.com\/portal\/category\/nacionales\/\" rel=\"category tag\">Nacionales<\/a>","tag_info":"Nacionales","comment_count":"0","_links":{"self":[{"href":"https:\/\/fmnativa.com\/portal\/wp-json\/wp\/v2\/posts\/1358","targetHints":{"allow":["GET"]}}],"collection":[{"href":"https:\/\/fmnativa.com\/portal\/wp-json\/wp\/v2\/posts"}],"about":[{"href":"https:\/\/fmnativa.com\/portal\/wp-json\/wp\/v2\/types\/post"}],"author":[{"embeddable":true,"href":"https:\/\/fmnativa.com\/portal\/wp-json\/wp\/v2\/users\/1"}],"replies":[{"embeddable":true,"href":"https:\/\/fmnativa.com\/portal\/wp-json\/wp\/v2\/comments?post=1358"}],"version-history":[{"count":1,"href":"https:\/\/fmnativa.com\/portal\/wp-json\/wp\/v2\/posts\/1358\/revisions"}],"predecessor-version":[{"id":1360,"href":"https:\/\/fmnativa.com\/portal\/wp-json\/wp\/v2\/posts\/1358\/revisions\/1360"}],"wp:featuredmedia":[{"embeddable":true,"href":"https:\/\/fmnativa.com\/portal\/wp-json\/wp\/v2\/media\/1359"}],"wp:attachment":[{"href":"https:\/\/fmnativa.com\/portal\/wp-json\/wp\/v2\/media?parent=1358"}],"wp:term":[{"taxonomy":"category","embeddable":true,"href":"https:\/\/fmnativa.com\/portal\/wp-json\/wp\/v2\/categories?post=1358"},{"taxonomy":"post_tag","embeddable":true,"href":"https:\/\/fmnativa.com\/portal\/wp-json\/wp\/v2\/tags?post=1358"}],"curies":[{"name":"wp","href":"https:\/\/api.w.org\/{rel}","templated":true}]}}