{"id":1361,"date":"2020-09-30T19:43:50","date_gmt":"2020-09-30T22:43:50","guid":{"rendered":"https:\/\/fmnativa.com\/portal\/?p=1361"},"modified":"2020-09-30T19:43:50","modified_gmt":"2020-09-30T22:43:50","slug":"la-provincia-busca-incentivar-la-ciencia-y-la-tecnologia","status":"publish","type":"post","link":"https:\/\/fmnativa.com\/portal\/2020\/09\/30\/la-provincia-busca-incentivar-la-ciencia-y-la-tecnologia\/","title":{"rendered":"LA PROVINCIA BUSCA INCENTIVAR LA CIENCIA Y LA TECNOLOGIA"},"content":{"rendered":"<div id=\"fb-root\"><\/div>\n<h3>Para ello articula con Agencias y Asociaciones para el Desarrollo<\/h3>\n<p>Destina un fondo de 59 millones de pesos a la investigaci\u00f3n cient\u00edfica, la formaci\u00f3n de talentos y la transformaci\u00f3n digital de empresas, emprendimientos, cooperativas e instituciones p\u00fablicas y privadas.<\/p>\n<p>En el marco del Programa Santa Fe de Pie, se presentaron este mi\u00e9rcoles, ante m\u00e1s de 20 agencias y asociaciones para el desarrollo, nuevas herramientas para promover el conocimiento, el talento y la innovaci\u00f3n como motor de desarrollo y popularizar la ciencia y tecnolog\u00eda en toda la provincia. Son convocatorias de la Agencia Santafesina de Ciencia, Tecnolog\u00eda e Innovaci\u00f3n por 59 millones de pesos, que apuntan a incentivar la investigaci\u00f3n cient\u00edfica, la formaci\u00f3n de talentos y la transformaci\u00f3n digital de empresas, emprendimientos, cooperativas e instituciones p\u00fablicas y privadas.<br \/>\nA partir de este a\u00f1o, las Agencias de Desarrollo y Asociaciones para el Desarrollo podr\u00e1n presentar proyectos para fomentar a la inversi\u00f3n en I+D+i, promover eventos de ciencia, tecnolog\u00eda e innovaci\u00f3n, y generar vinculaciones para el desarrollo de econom\u00edas regionales fuertes, din\u00e1micas e inclusivas.<\/p>\n<p>\u201cLas agencias de desarrollo son aliadas para pensar y generar nuevas herramientas y formas de trabajo en Santa Fe. Por medio de estos trabajos en conjunto, queremos llegar a los 365 municipios y comunas de los 19 departamentos, promoviendo la transferencia tecnol\u00f3gica, el intercambio de informaci\u00f3n cient\u00edfica, la generaci\u00f3n de empleo y el talento que salgan de estos intercambios\u201d, destac\u00f3 la secretaria de Ciencia, Tecnolog\u00eda e Innovaci\u00f3n de la provincia, Marina Baima.<\/p>\n<p>La mencionada Secretar\u00eda busca fortalecer la red provincial de organizaciones que apoyan la generaci\u00f3n de nuevos conocimientos, talentos e innovaciones, trabajando en conjunto con las agencias de desarrollo, universidades y otras instituciones educativas, c\u00e1maras de empresas y organizaciones de la sociedad civil.<\/p>\n<p>\u201cEste \u00e1mbito que se gener\u00f3 es muy interesante, se expuso la capacidad y el potencial de cada Agencia, con las pautas te\u00f3ricas que brinda la academia pero sumado a las experiencias concretas se puede trazar una agenda, para impulsar aquellos proyectos que tengan un impacto en el territorio santafesino y den respuesta a los desaf\u00edos de la provincia\u201d, indic\u00f3 Baima.<\/p>\n<p>Trabajo articulado<\/p>\n<p>Desde el Ministerio de Producci\u00f3n, Ciencia y Tecnolog\u00eda se lleva adelante un trabajo de articulaci\u00f3n con las asociaciones y agencias de la provincia, desde la cartera cient\u00edfica junto a la Secretar\u00eda de Desarrollo Territorial y Arraigo se busca potenciar, a trav\u00e9s de las mismas, el entramado cient\u00edfico y la vinculaci\u00f3n de los actores del ecosistema productivo e innovador, y generar soluciones a los desaf\u00edos de la provincia, para impulsar la transformaci\u00f3n de Santa Fe.<\/p>\n<p>Baima manifest\u00f3 tambi\u00e9n: \u201cLa pandemia nos obliga a repensar muchas cosas que estamos haciendo y nos dej\u00f3 en vista una matriz productiva con vectores de desarrollo. Tenemos que plantearnos hoy no s\u00f3lo una recuperaci\u00f3n, sino una transformaci\u00f3n econ\u00f3mica que tenga cada vez m\u00e1s ingredientes basados en conocimiento, tecnolog\u00eda e innovaci\u00f3n\u201d.<\/p>\n<p>Por su parte, secretario de Desarrollo Territorial y Arraigo, Fabricio Medina se\u00f1al\u00f3: \u201cEsta iniciativa le va a dar mayor territorialidad a la ciencia, mayor cercan\u00eda y tambi\u00e9n le va a permitir que muchas empresas y proyectos que se gestan en el interior provincial puedan estar acompa\u00f1ados por programas de ciencia y tecnolog\u00eda\u201d.<\/p>\n<p>\u201cTenemos el desaf\u00edo de llevar a cada una de las localidades todos los programas del Ministerio. Vamos a estar acompa\u00f1ando a la Secretar\u00eda de Ciencia, Tecnolog\u00eda e Innovaci\u00f3n para desplegar todo su potencial y que esta oferta se vea materializada en el territorio, se exprese en innovaci\u00f3n, en proyectos de investigaci\u00f3n y tenga un impacto real en el ciudadano\u201d, cerr\u00f3 Medina.<\/p>\n<p>Tambi\u00e9n participaron de la presentaci\u00f3n el director de la Secretar\u00eda de Investigaci\u00f3n y Transferencia Tecnol\u00f3gica de la UNRaf, Hern\u00e1n Revale, la subsecretaria de Gesti\u00f3n y Planificaci\u00f3n de Ciencia, Tecnolog\u00eca e Innovaci\u00f2n, Marcela Tain, el director Provincial de Institucionalidad para el Desarrollo, Iv\u00e1n Camats y representantes de agencias y asociaciones para el desarrollo provinciales.<\/p>\n<p>Para m\u00e1s informaci\u00f3n sobre las convocatorias, hacer clic ac\u00e1. Para consultas, enviar mail a consulta-agencia@santafe.gov.ar<\/p>\n","protected":false},"excerpt":{"rendered":"<p>Para ello articula con Agencias y Asociaciones para el Desarrollo Destina un fondo de 59&#8230;<\/p>\n","protected":false},"author":1,"featured_media":1362,"comment_status":"closed","ping_status":"closed","sticky":false,"template":"","format":"standard","meta":{"footnotes":""},"categories":[7],"tags":[488,487,246],"class_list":["post-1361","post","type-post","status-publish","format-standard","has-post-thumbnail","hentry","category-provinciales","tag-asociaciones-para-el-desarrollo","tag-ciencia-y-tecnologia","tag-provincia-de-santa-fe"],"featured_image_urls":{"full":["https:\/\/fmnativa.com\/portal\/wp-content\/uploads\/2020\/09\/1-203.jpg",1140,640,false],"thumbnail":["https:\/\/fmnativa.com\/portal\/wp-content\/uploads\/2020\/09\/1-203-150x150.jpg",150,150,true],"medium":["https:\/\/fmnativa.com\/portal\/wp-content\/uploads\/2020\/09\/1-203-300x168.jpg",300,168,true],"medium_large":["https:\/\/fmnativa.com\/portal\/wp-content\/uploads\/2020\/09\/1-203-768x431.jpg",640,359,true],"large":["https:\/\/fmnativa.com\/portal\/wp-content\/uploads\/2020\/09\/1-203-1024x575.jpg",640,359,true],"1536x1536":["https:\/\/fmnativa.com\/portal\/wp-content\/uploads\/2020\/09\/1-203.jpg",1140,640,false],"2048x2048":["https:\/\/fmnativa.com\/portal\/wp-content\/uploads\/2020\/09\/1-203.jpg",1140,640,false],"covernews-slider-full":["https:\/\/fmnativa.com\/portal\/wp-content\/uploads\/2020\/09\/1-203.jpg",1115,626,false],"covernews-slider-center":["https:\/\/fmnativa.com\/portal\/wp-content\/uploads\/2020\/09\/1-203.jpg",800,449,false],"covernews-featured":["https:\/\/fmnativa.com\/portal\/wp-content\/uploads\/2020\/09\/1-203.jpg",1024,575,false],"covernews-medium":["https:\/\/fmnativa.com\/portal\/wp-content\/uploads\/2020\/09\/1-203.jpg",540,303,false],"covernews-medium-square":["https:\/\/fmnativa.com\/portal\/wp-content\/uploads\/2020\/09\/1-203.jpg",400,225,false]},"author_info":{"info":["Fabian"]},"category_info":"<a href=\"https:\/\/fmnativa.com\/portal\/category\/provinciales\/\" rel=\"category tag\">PROVINCIALES<\/a>","tag_info":"PROVINCIALES","comment_count":"0","_links":{"self":[{"href":"https:\/\/fmnativa.com\/portal\/wp-json\/wp\/v2\/posts\/1361","targetHints":{"allow":["GET"]}}],"collection":[{"href":"https:\/\/fmnativa.com\/portal\/wp-json\/wp\/v2\/posts"}],"about":[{"href":"https:\/\/fmnativa.com\/portal\/wp-json\/wp\/v2\/types\/post"}],"author":[{"embeddable":true,"href":"https:\/\/fmnativa.com\/portal\/wp-json\/wp\/v2\/users\/1"}],"replies":[{"embeddable":true,"href":"https:\/\/fmnativa.com\/portal\/wp-json\/wp\/v2\/comments?post=1361"}],"version-history":[{"count":1,"href":"https:\/\/fmnativa.com\/portal\/wp-json\/wp\/v2\/posts\/1361\/revisions"}],"predecessor-version":[{"id":1363,"href":"https:\/\/fmnativa.com\/portal\/wp-json\/wp\/v2\/posts\/1361\/revisions\/1363"}],"wp:featuredmedia":[{"embeddable":true,"href":"https:\/\/fmnativa.com\/portal\/wp-json\/wp\/v2\/media\/1362"}],"wp:attachment":[{"href":"https:\/\/fmnativa.com\/portal\/wp-json\/wp\/v2\/media?parent=1361"}],"wp:term":[{"taxonomy":"category","embeddable":true,"href":"https:\/\/fmnativa.com\/portal\/wp-json\/wp\/v2\/categories?post=1361"},{"taxonomy":"post_tag","embeddable":true,"href":"https:\/\/fmnativa.com\/portal\/wp-json\/wp\/v2\/tags?post=1361"}],"curies":[{"name":"wp","href":"https:\/\/api.w.org\/{rel}","templated":true}]}}