{"id":1364,"date":"2020-09-30T20:56:35","date_gmt":"2020-09-30T23:56:35","guid":{"rendered":"https:\/\/fmnativa.com\/portal\/?p=1364"},"modified":"2020-09-30T20:56:35","modified_gmt":"2020-09-30T23:56:35","slug":"bajarian-las-retenciones-buscando-frenar-la-presion-sobre-el-dolar","status":"publish","type":"post","link":"https:\/\/fmnativa.com\/portal\/2020\/09\/30\/bajarian-las-retenciones-buscando-frenar-la-presion-sobre-el-dolar\/","title":{"rendered":"BAJARIAN LAS RETENCIONES BUSCANDO FRENAR LA PRESION SOBRE EL DOLAR"},"content":{"rendered":"<div id=\"fb-root\"><\/div>\n<div class=\"title-top\">\n<div class=\"inner-container\">\n<h3 class=\"title-font dark-grey-color\">El Gobierno bajar\u00eda las retenciones por tres meses<\/h3>\n<\/div>\n<\/div>\n<div class=\"inner-container flex-container justify-between\">\n<div class=\"nota-body-container nota-970 flex-container justify-between\">\n<div class=\"new-extra-container\">\n<div class=\"title\">\n<p>Se trata de una medida para contener la presi\u00f3n sobre el d\u00f3lar. Los derechos de exportaci\u00f3n del complejo sojero pasar\u00e1n del 33 al 30%. En el caso de la carne vacuna, en tanto, el tributo pasar\u00eda de un\u00a09%\u00a0al\u00a05%<\/p>\n<aside class=\"aside-stickyXXX hide-mobile\">\n<div data-asidestickyxx=\"\" data-bannertopxxx=\"85\" data-bannerstartxxx=\"0\">\n<div class=\"entry-share redes-left \">En un escenario de anuncios inminentes en materia de <strong>pol\u00edtica cambiaria y derechos de exportaci\u00f3n<\/strong>, el Gobierno nacional termina de analizar los detalles para concretar\u00a0la baja en las retenciones al complejo sojero y los cortes vacunos de alta calidad. El tercer punto es la devoluci\u00f3n de compensaciones para productores de hasta 1.000 toneladas, medida que el\u00a0Ministerio de Agricultura\u00a0anunci\u00f3 en marzo.<\/div>\n<\/div>\n<\/aside>\n<section>\n<div class=\"entry-body title-font\">\n<p>Seg\u00fan pudo reconstruir\u00a0<strong>BAE Negocios<\/strong>\u00a0de fuentes cercanas a las negociaciones, el oficialismo tiene en carpeta\u00a0<strong>una baja temporal en los derechos de exportaci\u00f3n del complejo sojero de tres puntos<\/strong>. En este escenario, las retenciones quedar\u00e1n en 30% y aumentar\u00e1n un punto por mes hasta alcanzar nuevamente\u00a0<strong>el 33% en enero 2021<\/strong>. Esta idea se contrapone a la propuesta del Consejo Agroindustrial Argentino (CAA), el espacio compuesto por 53 entidades de la cadena de valor de este sector.<\/p>\n<p>Desde su creaci\u00f3n a mediados de julio, el CAA busc\u00f3 presentar\u00a0<strong>un plan de impulso de las exportaciones<\/strong>\u00a0y en el sensible punto de los derechos de exportaci\u00f3n, propusieron una rebaja gradual de este tributo y una serie de medidas para disminuir costos, sin impacto fiscal.<\/p>\n<p>Fuente BAE Negocios<\/p>\n<\/div>\n<\/section>\n<p>&nbsp;<\/p>\n<\/div>\n<\/div>\n<\/div>\n<\/div>\n","protected":false},"excerpt":{"rendered":"<p>El Gobierno bajar\u00eda las retenciones por tres meses Se trata de una medida para contener&#8230;<\/p>\n","protected":false},"author":1,"featured_media":1365,"comment_status":"closed","ping_status":"closed","sticky":false,"template":"","format":"standard","meta":{"footnotes":""},"categories":[8,6],"tags":[43,490,491,489],"class_list":["post-1364","post","type-post","status-publish","format-standard","has-post-thumbnail","hentry","category-nacionales","category-regionales","tag-argentina","tag-carne","tag-retenciones","tag-soja"],"featured_image_urls":{"full":["https:\/\/fmnativa.com\/portal\/wp-content\/uploads\/2020\/09\/1-204.jpg",928,514,false],"thumbnail":["https:\/\/fmnativa.com\/portal\/wp-content\/uploads\/2020\/09\/1-204-150x150.jpg",150,150,true],"medium":["https:\/\/fmnativa.com\/portal\/wp-content\/uploads\/2020\/09\/1-204-300x166.jpg",300,166,true],"medium_large":["https:\/\/fmnativa.com\/portal\/wp-content\/uploads\/2020\/09\/1-204-768x425.jpg",640,354,true],"large":["https:\/\/fmnativa.com\/portal\/wp-content\/uploads\/2020\/09\/1-204.jpg",640,354,false],"1536x1536":["https:\/\/fmnativa.com\/portal\/wp-content\/uploads\/2020\/09\/1-204.jpg",928,514,false],"2048x2048":["https:\/\/fmnativa.com\/portal\/wp-content\/uploads\/2020\/09\/1-204.jpg",928,514,false],"covernews-slider-full":["https:\/\/fmnativa.com\/portal\/wp-content\/uploads\/2020\/09\/1-204.jpg",928,514,false],"covernews-slider-center":["https:\/\/fmnativa.com\/portal\/wp-content\/uploads\/2020\/09\/1-204.jpg",800,443,false],"covernews-featured":["https:\/\/fmnativa.com\/portal\/wp-content\/uploads\/2020\/09\/1-204.jpg",928,514,false],"covernews-medium":["https:\/\/fmnativa.com\/portal\/wp-content\/uploads\/2020\/09\/1-204.jpg",540,299,false],"covernews-medium-square":["https:\/\/fmnativa.com\/portal\/wp-content\/uploads\/2020\/09\/1-204.jpg",400,222,false]},"author_info":{"info":["Fabian"]},"category_info":"<a href=\"https:\/\/fmnativa.com\/portal\/category\/nacionales\/\" rel=\"category tag\">Nacionales<\/a> <a href=\"https:\/\/fmnativa.com\/portal\/category\/regionales\/\" rel=\"category tag\">REGIONALES<\/a>","tag_info":"REGIONALES","comment_count":"0","_links":{"self":[{"href":"https:\/\/fmnativa.com\/portal\/wp-json\/wp\/v2\/posts\/1364","targetHints":{"allow":["GET"]}}],"collection":[{"href":"https:\/\/fmnativa.com\/portal\/wp-json\/wp\/v2\/posts"}],"about":[{"href":"https:\/\/fmnativa.com\/portal\/wp-json\/wp\/v2\/types\/post"}],"author":[{"embeddable":true,"href":"https:\/\/fmnativa.com\/portal\/wp-json\/wp\/v2\/users\/1"}],"replies":[{"embeddable":true,"href":"https:\/\/fmnativa.com\/portal\/wp-json\/wp\/v2\/comments?post=1364"}],"version-history":[{"count":1,"href":"https:\/\/fmnativa.com\/portal\/wp-json\/wp\/v2\/posts\/1364\/revisions"}],"predecessor-version":[{"id":1366,"href":"https:\/\/fmnativa.com\/portal\/wp-json\/wp\/v2\/posts\/1364\/revisions\/1366"}],"wp:featuredmedia":[{"embeddable":true,"href":"https:\/\/fmnativa.com\/portal\/wp-json\/wp\/v2\/media\/1365"}],"wp:attachment":[{"href":"https:\/\/fmnativa.com\/portal\/wp-json\/wp\/v2\/media?parent=1364"}],"wp:term":[{"taxonomy":"category","embeddable":true,"href":"https:\/\/fmnativa.com\/portal\/wp-json\/wp\/v2\/categories?post=1364"},{"taxonomy":"post_tag","embeddable":true,"href":"https:\/\/fmnativa.com\/portal\/wp-json\/wp\/v2\/tags?post=1364"}],"curies":[{"name":"wp","href":"https:\/\/api.w.org\/{rel}","templated":true}]}}