{"id":1371,"date":"2020-09-30T21:25:12","date_gmt":"2020-10-01T00:25:12","guid":{"rendered":"https:\/\/fmnativa.com\/portal\/?p=1371"},"modified":"2020-09-30T21:25:12","modified_gmt":"2020-10-01T00:25:12","slug":"nacion-convoca-a-fijar-un-nuevo-salario-minimo","status":"publish","type":"post","link":"https:\/\/fmnativa.com\/portal\/2020\/09\/30\/nacion-convoca-a-fijar-un-nuevo-salario-minimo\/","title":{"rendered":"Naci\u00f3n convoca a fijar un nuevo salario m\u00ednimo"},"content":{"rendered":"<div id=\"fb-root\"><\/div>\n<div class=\"title-top\">\n<div class=\"inner-container\">\n<h3 class=\"title-font dark-grey-color\">SALARIO MINIMO VITAL Y MOVIL<\/h3>\n<\/div>\n<\/div>\n<div class=\"inner-container flex-container justify-between\">\n<div class=\"nota-body-container nota-970 flex-container justify-between\">\n<div class=\"new-extra-container\">\n<div class=\"title\">\n<p>En el comunicado se convoca a los integrantes del Consejo Nacional del Empleo, la productividad y el salario m\u00ednimo, vital y m\u00f3vil. La sesi\u00f3n plenaria ordinaria se realizar\u00e1 el 14 de octubre<\/p>\n<aside class=\"aside-stickyXXX hide-mobile\">\n<div data-asidestickyxx=\"\" data-bannertopxxx=\"85\" data-bannerstartxxx=\"0\">\n<div class=\"entry-share redes-left \">El Ministerio de Trabajo convoc\u00f3 este mi\u00e9rcoles a sindicalistas y empresarios al encuentro anual del Consejo Nacional del Empleo, la Productividad y el Salario M\u00ednimo, Vital y M\u00f3vil para el 14 de octubre pr\u00f3ximo a fin de determinar el nuevo valor de ese ingreso y el monto m\u00ednimo y m\u00e1ximo de la prestaci\u00f3n por desempleo.<\/div>\n<\/div>\n<\/aside>\n<section>\n<div class=\"entry-body title-font\">\n<p>El encuentro\u00a0<strong>se realizar\u00e1 de forma virtual en dos sesiones a las 15 y 16.30\u00a0<\/strong>y participar\u00e1n funcionarios, encabezados por el ministro de Trabajo, Claudio Moroni, sindicalistas de la CGT y la CTA y los empresarios, inform\u00f3 Trabajo.<\/p>\n<p>Seg\u00fan informaron fuentes oficiales, la reuni\u00f3n contar\u00e1 con la designaci\u00f3n de dos (2) consejeros\u00a0presentes de cada sector para la suscripci\u00f3n del acta, y con la consideraci\u00f3n de los temas elevados al plenario por la comisi\u00f3n del salsario, m\u00ednimo, vital y m\u00f3vil y presentaciones por desempleo.<\/p>\n<\/div>\n<\/section>\n<\/div>\n<\/div>\n<\/div>\n<\/div>\n","protected":false},"excerpt":{"rendered":"<p>SALARIO MINIMO VITAL Y MOVIL En el comunicado se convoca a los integrantes del Consejo&#8230;<\/p>\n","protected":false},"author":1,"featured_media":1372,"comment_status":"closed","ping_status":"closed","sticky":false,"template":"","format":"standard","meta":{"footnotes":""},"categories":[8],"tags":[492],"class_list":["post-1371","post","type-post","status-publish","format-standard","has-post-thumbnail","hentry","category-nacionales","tag-salario-minimo-vital-y-movil"],"featured_image_urls":{"full":["https:\/\/fmnativa.com\/portal\/wp-content\/uploads\/2020\/09\/1-205.jpg",799,592,false],"thumbnail":["https:\/\/fmnativa.com\/portal\/wp-content\/uploads\/2020\/09\/1-205-150x150.jpg",150,150,true],"medium":["https:\/\/fmnativa.com\/portal\/wp-content\/uploads\/2020\/09\/1-205-300x222.jpg",300,222,true],"medium_large":["https:\/\/fmnativa.com\/portal\/wp-content\/uploads\/2020\/09\/1-205-768x569.jpg",640,474,true],"large":["https:\/\/fmnativa.com\/portal\/wp-content\/uploads\/2020\/09\/1-205.jpg",640,474,false],"1536x1536":["https:\/\/fmnativa.com\/portal\/wp-content\/uploads\/2020\/09\/1-205.jpg",799,592,false],"2048x2048":["https:\/\/fmnativa.com\/portal\/wp-content\/uploads\/2020\/09\/1-205.jpg",799,592,false],"covernews-slider-full":["https:\/\/fmnativa.com\/portal\/wp-content\/uploads\/2020\/09\/1-205.jpg",799,592,false],"covernews-slider-center":["https:\/\/fmnativa.com\/portal\/wp-content\/uploads\/2020\/09\/1-205.jpg",675,500,false],"covernews-featured":["https:\/\/fmnativa.com\/portal\/wp-content\/uploads\/2020\/09\/1-205.jpg",799,592,false],"covernews-medium":["https:\/\/fmnativa.com\/portal\/wp-content\/uploads\/2020\/09\/1-205.jpg",459,340,false],"covernews-medium-square":["https:\/\/fmnativa.com\/portal\/wp-content\/uploads\/2020\/09\/1-205.jpg",337,250,false]},"author_info":{"info":["Fabian"]},"category_info":"<a href=\"https:\/\/fmnativa.com\/portal\/category\/nacionales\/\" rel=\"category tag\">Nacionales<\/a>","tag_info":"Nacionales","comment_count":"0","_links":{"self":[{"href":"https:\/\/fmnativa.com\/portal\/wp-json\/wp\/v2\/posts\/1371","targetHints":{"allow":["GET"]}}],"collection":[{"href":"https:\/\/fmnativa.com\/portal\/wp-json\/wp\/v2\/posts"}],"about":[{"href":"https:\/\/fmnativa.com\/portal\/wp-json\/wp\/v2\/types\/post"}],"author":[{"embeddable":true,"href":"https:\/\/fmnativa.com\/portal\/wp-json\/wp\/v2\/users\/1"}],"replies":[{"embeddable":true,"href":"https:\/\/fmnativa.com\/portal\/wp-json\/wp\/v2\/comments?post=1371"}],"version-history":[{"count":1,"href":"https:\/\/fmnativa.com\/portal\/wp-json\/wp\/v2\/posts\/1371\/revisions"}],"predecessor-version":[{"id":1373,"href":"https:\/\/fmnativa.com\/portal\/wp-json\/wp\/v2\/posts\/1371\/revisions\/1373"}],"wp:featuredmedia":[{"embeddable":true,"href":"https:\/\/fmnativa.com\/portal\/wp-json\/wp\/v2\/media\/1372"}],"wp:attachment":[{"href":"https:\/\/fmnativa.com\/portal\/wp-json\/wp\/v2\/media?parent=1371"}],"wp:term":[{"taxonomy":"category","embeddable":true,"href":"https:\/\/fmnativa.com\/portal\/wp-json\/wp\/v2\/categories?post=1371"},{"taxonomy":"post_tag","embeddable":true,"href":"https:\/\/fmnativa.com\/portal\/wp-json\/wp\/v2\/tags?post=1371"}],"curies":[{"name":"wp","href":"https:\/\/api.w.org\/{rel}","templated":true}]}}