{"id":1374,"date":"2020-09-30T21:41:37","date_gmt":"2020-10-01T00:41:37","guid":{"rendered":"https:\/\/fmnativa.com\/portal\/?p=1374"},"modified":"2020-09-30T21:41:37","modified_gmt":"2020-10-01T00:41:37","slug":"coronavirus-argentina-entre-los-13-paises-con-mas-fallecidos","status":"publish","type":"post","link":"https:\/\/fmnativa.com\/portal\/2020\/09\/30\/coronavirus-argentina-entre-los-13-paises-con-mas-fallecidos\/","title":{"rendered":"Coronavirus &#8211; ARGENTINA ENTRE LOS 13 PAISES CON MAS FALLECIDOS"},"content":{"rendered":"<div id=\"fb-root\"><\/div>\n<div class=\"title-top\">\n<div class=\"inner-container\">\n<p class=\"title-font dark-grey-color\"><strong>Hoy el pa\u00eds super\u00f3 los 750 mil casos y est\u00e1 entre los 13 pa\u00edses con m\u00e1s muertes<\/strong><\/p>\n<p><strong><em>Con relaci\u00f3n a los contagiados, Argentina se encuentra en el puesto 9 a nivel mundial en cantidad de casos de coronavirus desde el inicio de la pandemia, detr\u00e1s de Estados Unidos, India, Brasil, Rusia, Colombia, Per\u00fa, Espa\u00f1a y M\u00e9xico<\/em><\/strong><\/p>\n<p>Se registraron 14.392 casos nuevos de coronavirus, por lo que los positivos totales ascienden a 751.001. Los 419 decesos confirmados en el \u00faltimo d\u00eda ubican a Argentina por encima de Sud\u00e1frica en el conteo que realiza la universidad Johns Hopkins<\/p>\n<\/div>\n<\/div>\n<div class=\"inner-container flex-container justify-between\">\n<div class=\"nota-body-container nota-970 flex-container justify-between\">\n<div class=\"new-extra-container\">\n<div class=\"title\">\n<p>Hoy<strong>\u00a0fueron confirmadas otras 419 muertes y 14.392 casos de coronavirus<\/strong>\u00a0(<strong>Covid-19<\/strong>) en las \u00faltimas 24 horas en la Argentina, por lo que\u00a0<strong>suman 16.937 los fallecidos\u00a0<\/strong>registrados oficialmente a nivel nacional y\u00a0<strong>751.001 los contagiados desde el inicio de la pandemia<\/strong>, inform\u00f3 hoy el Ministerio de Salud. De los positivos totales,\u00a0 594.645 son pacientes recuperados y 139.419 son casos confirmados activos.<\/p>\n<div style=\"clear:both; margin-top:0em; margin-bottom:1em;\"><a href=\"https:\/\/fmnativa.com\/portal\/2020\/09\/30\/coronavirus-diez-casos-positivos-de-covid-en-el-hogar-de-ancianos-de-la-ciudad-de-las-toscas\/\" target=\"_blank\" rel=\"nofollow\" class=\"u13ba4b2dbff883689f73ea1e6606a2ec\"><style> .u13ba4b2dbff883689f73ea1e6606a2ec { padding:0px; margin: 0; padding-top:1em!important; padding-bottom:1em!important; width:100%; display: block; font-weight:bold; background-color:#eaeaea; border:0!important; border-left:4px solid #34495E!important; text-decoration:none; } .u13ba4b2dbff883689f73ea1e6606a2ec:active, .u13ba4b2dbff883689f73ea1e6606a2ec:hover { opacity: 1; transition: opacity 250ms; webkit-transition: opacity 250ms; text-decoration:none; } .u13ba4b2dbff883689f73ea1e6606a2ec { transition: background-color 250ms; webkit-transition: background-color 250ms; opacity: 1; transition: opacity 250ms; webkit-transition: opacity 250ms; } .u13ba4b2dbff883689f73ea1e6606a2ec .ctaText { font-weight:bold; color:#D35400; text-decoration:none; font-size: 16px; } .u13ba4b2dbff883689f73ea1e6606a2ec .postTitle { color:#000000; text-decoration: underline!important; font-size: 16px; } .u13ba4b2dbff883689f73ea1e6606a2ec:hover .postTitle { text-decoration: underline!important; } <\/style><div style=\"padding-left:1em; padding-right:1em;\"><span class=\"ctaText\">Lea tambi\u00e9n<\/span>&nbsp; <span class=\"postTitle\">Coronavirus - Diez casos positivos en el hogar de ancianos de la ciudad de Las Toscas<\/span><\/div><\/a><\/div>\n<section>\n<div class=\"entry-body title-font\">\n<p>De las muertes confirmadas, son\u00a0<strong>218 hombres y 201 mujeres<\/strong>. Una mujer residente en la provincia de Buenos Aires fue reclasificada. Del total de fallecidos que reporta la provincia de Buenos Aires en el d\u00eda de hoy (12.946),<strong>\u00a02.993 casos se encuentran pendientes de carga<\/strong>\u00a0en el Sistema Nacional de Vigilancia de la Salud (SNVS).<\/p>\n<h2>Reporte diario de coronavirus<\/h2>\n<p><strong>218 hombres<\/strong><\/p>\n<ul>\n<li>92 residentes en la provincia de Buenos Aires<\/li>\n<li>55 residentes en la Ciudad de Buenos Aires (CABA)<\/li>\n<li>2 residentes en la provincia de Chaco<\/li>\n<li>3 residentes en la provincia de Chubut<\/li>\n<li>8 residentes en la provincia de C\u00f3rdoba<\/li>\n<li>1 residente en la provincia de Entre R\u00edos<\/li>\n<li>26 residentes en la provincia de Jujuy<\/li>\n<li>10 residentes en la provincia de Mendoza<\/li>\n<li>1 residente en la provincia de Neuqu\u00e9n<\/li>\n<li>5 residentes en la provincia de R\u00edo Negro<\/li>\n<li>5 residentes en la provincia de Salta<\/li>\n<li>1 residente en la provincia de San Juan<\/li>\n<li>1 residente en la provincia de San Luis<\/li>\n<li>1 residente en la provincia de Santa Cruz<\/li>\n<li>5 residentes en la provincia de Santa fe<\/li>\n<li>2 residentes en la provincia de Santiago del Estero<\/li>\n<\/ul>\n<p><strong>201 mujeres<\/strong><\/p>\n<ul>\n<li>84 residentes en la provincia de Buenos Aires<\/li>\n<li>63 residentes en la Ciudad de Buenos Aires (CABA)<\/li>\n<li>2 residentes en la provincia de Chaco<\/li>\n<li>3 residentes en la provincia de Chubut<\/li>\n<li>11 residentes en la provincia de C\u00f3rdoba<\/li>\n<li>1 residente en la provincia de Entre R\u00edos<\/li>\n<li>10 residentes en la provincia de Jujuy<\/li>\n<li>7 residentes en la provincia de R\u00edo Negro<\/li>\n<li>7 residentes en la provincia de Salta<\/li>\n<li>2 residentes en la provincia de San Juan<\/li>\n<li>5 residentes en la provincia de Santa Fe<\/li>\n<li>2 residentes en la provincia de Santiago del Estero<\/li>\n<\/ul>\n<p>Con estos datos, Argentina se ubica en el puesto 13 a nivel mundial en cuanto a cantidad de fallecimientos, luego de pasar a Sud\u00e1frica, de acuerdo con el relevamiento que realiza la\u00a0<a href=\"https:\/\/coronavirus.jhu.edu\/map.html\" target=\"_blank\" rel=\"noopener noreferrer\">universidad Johns Hopkins<\/a>. A continuaci\u00f3n, los 15 pa\u00edses con m\u00e1s muertes desde el inicio de la pandemia:<\/p>\n<ol>\n<li>Estados Unidos:\u00a0206.825\u00a0muertes<\/li>\n<li>Brasil: 142.921\u00a0muertes<\/li>\n<li>India: 97.497\u00a0muertes<\/li>\n<li>M\u00e9xico: 77.163\u00a0muertes<\/li>\n<li>Reino Unido: 42.233\u00a0muertes<\/li>\n<li>Italia: 35.894\u00a0muertes<\/li>\n<li>Per\u00fa: 32.396\u00a0muertes<\/li>\n<li>Francia: 31.986\u00a0muertes<\/li>\n<li>Espa\u00f1a: 31.791\u00a0muertes<\/li>\n<li>Ir\u00e1n: 26.169\u00a0muertes<\/li>\n<li>Colombia: 25.828\u00a0muertes<\/li>\n<li>Rusia: 20.630\u00a0muertes<\/li>\n<li><strong>Argentina: 16.937<\/strong><\/li>\n<li>Sud\u00e1frica: 16.734\u00a0muertes<\/li>\n<li>Chile: 12.741\u00a0muertes<\/li>\n<\/ol>\n<p><strong>En las \u00faltimas 24 hs fueron realizados 25.072 testeos<\/strong>\u00a0y desde el inicio del brote se realizaron 1.951.789 pruebas diagn\u00f3sticas para esta enfermedad, lo que equivale a 43.013 muestras por mill\u00f3n de habitantes.<\/p>\n<p>La cartera sanitaria indic\u00f3 que\u00a0<strong>son 3.792 los internados en unidades de terapia intensiva<\/strong>, con un porcentaje de ocupaci\u00f3n de camas de adultos de 64,7% en el pa\u00eds y del 61,7% en la \u00c1rea Metropolitana Buenos Aires.<\/p>\n<div style=\"clear:both; margin-top:0em; margin-bottom:1em;\"><a href=\"https:\/\/fmnativa.com\/portal\/2020\/09\/30\/coronavirus-continuan-los-records-de-casos-en-la-provincia-hoy-son-2-015-y-9-los-fallecidos\/\" target=\"_blank\" rel=\"nofollow\" class=\"u40c2e07b4e7e7ffcfe5d9289d286cec8\"><style> .u40c2e07b4e7e7ffcfe5d9289d286cec8 { padding:0px; margin: 0; padding-top:1em!important; padding-bottom:1em!important; width:100%; display: block; font-weight:bold; background-color:#eaeaea; border:0!important; border-left:4px solid #34495E!important; text-decoration:none; } .u40c2e07b4e7e7ffcfe5d9289d286cec8:active, .u40c2e07b4e7e7ffcfe5d9289d286cec8:hover { opacity: 1; transition: opacity 250ms; webkit-transition: opacity 250ms; text-decoration:none; } .u40c2e07b4e7e7ffcfe5d9289d286cec8 { transition: background-color 250ms; webkit-transition: background-color 250ms; opacity: 1; transition: opacity 250ms; webkit-transition: opacity 250ms; } .u40c2e07b4e7e7ffcfe5d9289d286cec8 .ctaText { font-weight:bold; color:#D35400; text-decoration:none; font-size: 16px; } .u40c2e07b4e7e7ffcfe5d9289d286cec8 .postTitle { color:#000000; text-decoration: underline!important; font-size: 16px; } .u40c2e07b4e7e7ffcfe5d9289d286cec8:hover .postTitle { text-decoration: underline!important; } <\/style><div style=\"padding-left:1em; padding-right:1em;\"><span class=\"ctaText\">Lea tambi\u00e9n<\/span>&nbsp; <span class=\"postTitle\">Coronavirus - CONTIN\u00daAN LOS R\u00c9CORDS DE CASOS EN LA PROVINCIA&lt; HOY SON 2.015 y 9 LOS FALLECIDOS<\/span><\/div><\/a><\/div>\n<div>\n<div class=\"ckeditor-em\">\n<h3>Detalle por provincia (N\u00ba de confirmados | N\u00ba de acumulados):<\/h3>\n<\/div>\n<\/div>\n<p>Buenos Aires 5.943 | 417.677<br \/>\nCiudad de Buenos Aires 898 | 125.966<br \/>\nCatamarca 8 | 287<br \/>\nChaco 157 | 8.543<br \/>\nChubut 156 | 3.955<br \/>\nC\u00f3rdoba 1.718 | 34.203<br \/>\nCorrientes 20 | 1.093<br \/>\nEntre R\u00edos 177 | 7.483<br \/>\nFormosa 0 | 104<br \/>\nJujuy 157 | 15.670<br \/>\nLa Pampa 25 | 763<br \/>\nLa Rioja 126 | 4.828<br \/>\nMendoza 691 | 25.049<br \/>\nMisiones 9 | 96<br \/>\nNeuqu\u00e9n 192 | 7.893<br \/>\nR\u00edo Negro 369 | 12.839<br \/>\nSalta 360 | 12.415<br \/>\nSan Juan 2 | 717<br \/>\nSan Luis 131 | 1.482<br \/>\nSanta Cruz 145 | 4.844<br \/>\nSanta Fe 2017 | 42.398<br \/>\nSantiago del Estero 96 | 3.419<br \/>\nTierra del Fuego 256 | 4.36<br \/>\n3 Tucum\u00e1n 739 | 14.914<\/p>\n<p>El Ministerio de Salud aclar\u00f3 que aquellas provincias con d\u00edgitos en negativo han reclasificado sus casos a otras jurisdicciones seg\u00fan lugar de residencia). Adem\u00e1s, aquellos casos confirmados que no est\u00e1n notificados por residencia, fueron contabilizados por provincia de carga.<\/p>\n<p>En Tierra del Fuego se incluyen 13 casos existentes en las Islas Malvinas seg\u00fan informaci\u00f3n de prensa (debido a la ocupaci\u00f3n ilegal del Reino Unido, Gran Breta\u00f1a e Irlanda del Norte no es posible contar con informaci\u00f3n propia sobre el impacto del COVID -19 en esa parte del territorio argentino).<\/p>\n<p>Con estos n\u00fameros\u00a0<strong>Argentina se encuentra en el puesto 9<\/strong>\u00a0a nivel mundial en cantidad de casos de coronavirus desde el inicio de la pandemia.<\/p>\n<p>Estos son los diez pa\u00edses con mayor cantidad de casos a la fecha:\u00a0<strong>Estados Unidos<\/strong>\u00a07.221.278,\u00a0<strong>India<\/strong>\u00a06.225.763,\u00a0<strong>Brasil<\/strong>\u00a04.777.522,\u00a0<strong>Rusia<\/strong>\u00a01.170.799,\u00a0<strong>Colombia<\/strong>\u00a0824.042,\u00a0<strong>Per\u00fa<\/strong>\u00a0811.768,\u00a0<strong>Espa\u00f1a<\/strong>\u00a0769.188,\u00a0<strong>M\u00e9xico<\/strong>\u00a0738.163,\u00a0<strong>Argentina<\/strong>\u00a0736.609 y\u00a0<strong>Sud\u00e1frica<\/strong>\u00a0674.339.<\/p>\n<p>Mientras que los casos totales ya alcanzan\u00a0<strong>33.802.841<\/strong>\u00a0y los\u00a0<strong>fallecidos 1.010.477<\/strong>\u00a0en todo el mundo. El n\u00famero de\u00a0<strong>recuperados<\/strong>\u00a0al d\u00eda de hoy es de\u00a0<strong>23.458.597<\/strong><\/p>\n<p>Fuente BAE Negocios<\/p>\n<\/div>\n<\/section>\n<\/div>\n<\/div>\n<\/div>\n<\/div>\n","protected":false},"excerpt":{"rendered":"<p>Hoy el pa\u00eds super\u00f3 los 750 mil casos y est\u00e1 entre los 13 pa\u00edses con&#8230;<\/p>\n","protected":false},"author":1,"featured_media":1375,"comment_status":"closed","ping_status":"closed","sticky":false,"template":"","format":"standard","meta":{"footnotes":""},"categories":[49,8],"tags":[30,43,103,133,32,130,33,42,91,80,73,24],"class_list":["post-1374","post","type-post","status-publish","format-standard","has-post-thumbnail","hentry","category-covid-19","category-nacionales","tag-aislamiento","tag-argentina","tag-contagiados","tag-coronavirus","tag-covid-19","tag-cuarentena","tag-decesos","tag-fallecidos","tag-muertos","tag-pandemia","tag-salud","tag-urgente"],"featured_image_urls":{"full":["https:\/\/fmnativa.com\/portal\/wp-content\/uploads\/2020\/09\/1-206.jpg",800,433,false],"thumbnail":["https:\/\/fmnativa.com\/portal\/wp-content\/uploads\/2020\/09\/1-206-150x150.jpg",150,150,true],"medium":["https:\/\/fmnativa.com\/portal\/wp-content\/uploads\/2020\/09\/1-206-300x162.jpg",300,162,true],"medium_large":["https:\/\/fmnativa.com\/portal\/wp-content\/uploads\/2020\/09\/1-206-768x416.jpg",640,347,true],"large":["https:\/\/fmnativa.com\/portal\/wp-content\/uploads\/2020\/09\/1-206.jpg",640,346,false],"1536x1536":["https:\/\/fmnativa.com\/portal\/wp-content\/uploads\/2020\/09\/1-206.jpg",800,433,false],"2048x2048":["https:\/\/fmnativa.com\/portal\/wp-content\/uploads\/2020\/09\/1-206.jpg",800,433,false],"covernews-slider-full":["https:\/\/fmnativa.com\/portal\/wp-content\/uploads\/2020\/09\/1-206.jpg",800,433,false],"covernews-slider-center":["https:\/\/fmnativa.com\/portal\/wp-content\/uploads\/2020\/09\/1-206.jpg",800,433,false],"covernews-featured":["https:\/\/fmnativa.com\/portal\/wp-content\/uploads\/2020\/09\/1-206.jpg",800,433,false],"covernews-medium":["https:\/\/fmnativa.com\/portal\/wp-content\/uploads\/2020\/09\/1-206.jpg",540,292,false],"covernews-medium-square":["https:\/\/fmnativa.com\/portal\/wp-content\/uploads\/2020\/09\/1-206.jpg",400,217,false]},"author_info":{"info":["Fabian"]},"category_info":"<a href=\"https:\/\/fmnativa.com\/portal\/category\/covid-19\/\" rel=\"category tag\">COVID 19<\/a> <a href=\"https:\/\/fmnativa.com\/portal\/category\/nacionales\/\" rel=\"category tag\">Nacionales<\/a>","tag_info":"Nacionales","comment_count":"0","_links":{"self":[{"href":"https:\/\/fmnativa.com\/portal\/wp-json\/wp\/v2\/posts\/1374","targetHints":{"allow":["GET"]}}],"collection":[{"href":"https:\/\/fmnativa.com\/portal\/wp-json\/wp\/v2\/posts"}],"about":[{"href":"https:\/\/fmnativa.com\/portal\/wp-json\/wp\/v2\/types\/post"}],"author":[{"embeddable":true,"href":"https:\/\/fmnativa.com\/portal\/wp-json\/wp\/v2\/users\/1"}],"replies":[{"embeddable":true,"href":"https:\/\/fmnativa.com\/portal\/wp-json\/wp\/v2\/comments?post=1374"}],"version-history":[{"count":1,"href":"https:\/\/fmnativa.com\/portal\/wp-json\/wp\/v2\/posts\/1374\/revisions"}],"predecessor-version":[{"id":1376,"href":"https:\/\/fmnativa.com\/portal\/wp-json\/wp\/v2\/posts\/1374\/revisions\/1376"}],"wp:featuredmedia":[{"embeddable":true,"href":"https:\/\/fmnativa.com\/portal\/wp-json\/wp\/v2\/media\/1375"}],"wp:attachment":[{"href":"https:\/\/fmnativa.com\/portal\/wp-json\/wp\/v2\/media?parent=1374"}],"wp:term":[{"taxonomy":"category","embeddable":true,"href":"https:\/\/fmnativa.com\/portal\/wp-json\/wp\/v2\/categories?post=1374"},{"taxonomy":"post_tag","embeddable":true,"href":"https:\/\/fmnativa.com\/portal\/wp-json\/wp\/v2\/tags?post=1374"}],"curies":[{"name":"wp","href":"https:\/\/api.w.org\/{rel}","templated":true}]}}