{"id":143,"date":"2020-08-24T03:04:07","date_gmt":"2020-08-24T03:04:07","guid":{"rendered":"https:\/\/fmnativa.com\/portal\/?p=143"},"modified":"2020-08-24T13:06:31","modified_gmt":"2020-08-24T13:06:31","slug":"coronavirus-fallecio-un-paciente-del-departamento-general-obligado","status":"publish","type":"post","link":"https:\/\/fmnativa.com\/portal\/2020\/08\/24\/coronavirus-fallecio-un-paciente-del-departamento-general-obligado\/","title":{"rendered":"CORONAVIRUS &#8211; FALLECIO UN PACIENTE DEL DEPARTAMENTO GENERAL OBLIGADO"},"content":{"rendered":"<div id=\"fb-root\"><\/div>\n<blockquote><p><strong>Se trata de un paciente internado en el Hospital Central Reconquista<\/strong><\/p>\n<p>*COMUNICADO OFICIAL DEL COMIT\u00c9 DE CRISIS &#8211; 23 DE AGOSTO DE 2020 \u2013 A las 21hs.*<br \/>\n_Un deceso con Covid-19 en el Departamento General Obligado_<\/p>\n<p>El Comit\u00e9 de Crisis y Seguimiento Sanitario del Coronavirus Covid-19 de Reconquista, a trav\u00e9s del Hospital Central, comunica el deceso del paciente derivado de la ciudad de Las Toscas con diagn\u00f3stico positivo de coronavirus (2019-nCoV), que se encontraba internado en Sala de Aislamiento de la UTI.<br \/>\n\u27a1\ufe0f El paciente, de 66 a\u00f1os de edad, con comorbilidades y residencia en la localidad de Las Toscas falleci\u00f3 a las 20hs de este domingo 23 de agosto de 2020.<\/p>\n<p><em>(Im\u00e1gen ilustrativa)<\/em><\/p><\/blockquote>\n","protected":false},"excerpt":{"rendered":"<p>Se trata de un paciente internado en el Hospital Central Reconquista *COMUNICADO OFICIAL DEL COMIT\u00c9&#8230;<\/p>\n","protected":false},"author":1,"featured_media":153,"comment_status":"open","ping_status":"open","sticky":false,"template":"","format":"standard","meta":{"footnotes":""},"categories":[6],"tags":[],"class_list":["post-143","post","type-post","status-publish","format-standard","has-post-thumbnail","hentry","category-regionales"],"featured_image_urls":{"full":["https:\/\/fmnativa.com\/portal\/wp-content\/uploads\/2020\/08\/coronavirus-china_15_1000x564.jpeg",1000,564,false],"thumbnail":["https:\/\/fmnativa.com\/portal\/wp-content\/uploads\/2020\/08\/coronavirus-china_15_1000x564-150x150.jpeg",150,150,true],"medium":["https:\/\/fmnativa.com\/portal\/wp-content\/uploads\/2020\/08\/coronavirus-china_15_1000x564-300x169.jpeg",300,169,true],"medium_large":["https:\/\/fmnativa.com\/portal\/wp-content\/uploads\/2020\/08\/coronavirus-china_15_1000x564-768x433.jpeg",640,361,true],"large":["https:\/\/fmnativa.com\/portal\/wp-content\/uploads\/2020\/08\/coronavirus-china_15_1000x564.jpeg",640,361,false],"1536x1536":["https:\/\/fmnativa.com\/portal\/wp-content\/uploads\/2020\/08\/coronavirus-china_15_1000x564.jpeg",1000,564,false],"2048x2048":["https:\/\/fmnativa.com\/portal\/wp-content\/uploads\/2020\/08\/coronavirus-china_15_1000x564.jpeg",1000,564,false],"covernews-slider-full":["https:\/\/fmnativa.com\/portal\/wp-content\/uploads\/2020\/08\/coronavirus-china_15_1000x564.jpeg",1000,564,false],"covernews-slider-center":["https:\/\/fmnativa.com\/portal\/wp-content\/uploads\/2020\/08\/coronavirus-china_15_1000x564.jpeg",800,451,false],"covernews-featured":["https:\/\/fmnativa.com\/portal\/wp-content\/uploads\/2020\/08\/coronavirus-china_15_1000x564.jpeg",1000,564,false],"covernews-medium":["https:\/\/fmnativa.com\/portal\/wp-content\/uploads\/2020\/08\/coronavirus-china_15_1000x564.jpeg",540,305,false],"covernews-medium-square":["https:\/\/fmnativa.com\/portal\/wp-content\/uploads\/2020\/08\/coronavirus-china_15_1000x564.jpeg",400,226,false]},"author_info":{"info":["Fabian"]},"category_info":"<a href=\"https:\/\/fmnativa.com\/portal\/category\/regionales\/\" rel=\"category tag\">REGIONALES<\/a>","tag_info":"REGIONALES","comment_count":"0","_links":{"self":[{"href":"https:\/\/fmnativa.com\/portal\/wp-json\/wp\/v2\/posts\/143","targetHints":{"allow":["GET"]}}],"collection":[{"href":"https:\/\/fmnativa.com\/portal\/wp-json\/wp\/v2\/posts"}],"about":[{"href":"https:\/\/fmnativa.com\/portal\/wp-json\/wp\/v2\/types\/post"}],"author":[{"embeddable":true,"href":"https:\/\/fmnativa.com\/portal\/wp-json\/wp\/v2\/users\/1"}],"replies":[{"embeddable":true,"href":"https:\/\/fmnativa.com\/portal\/wp-json\/wp\/v2\/comments?post=143"}],"version-history":[{"count":3,"href":"https:\/\/fmnativa.com\/portal\/wp-json\/wp\/v2\/posts\/143\/revisions"}],"predecessor-version":[{"id":155,"href":"https:\/\/fmnativa.com\/portal\/wp-json\/wp\/v2\/posts\/143\/revisions\/155"}],"wp:featuredmedia":[{"embeddable":true,"href":"https:\/\/fmnativa.com\/portal\/wp-json\/wp\/v2\/media\/153"}],"wp:attachment":[{"href":"https:\/\/fmnativa.com\/portal\/wp-json\/wp\/v2\/media?parent=143"}],"wp:term":[{"taxonomy":"category","embeddable":true,"href":"https:\/\/fmnativa.com\/portal\/wp-json\/wp\/v2\/categories?post=143"},{"taxonomy":"post_tag","embeddable":true,"href":"https:\/\/fmnativa.com\/portal\/wp-json\/wp\/v2\/tags?post=143"}],"curies":[{"name":"wp","href":"https:\/\/api.w.org\/{rel}","templated":true}]}}