{"id":1434,"date":"2020-10-03T20:28:25","date_gmt":"2020-10-03T23:28:25","guid":{"rendered":"https:\/\/fmnativa.com\/portal\/?p=1434"},"modified":"2020-10-03T20:28:25","modified_gmt":"2020-10-03T23:28:25","slug":"automovilismo-virtual-benjamin-sponton-sub-campeon-del-super-turismo","status":"publish","type":"post","link":"https:\/\/fmnativa.com\/portal\/2020\/10\/03\/automovilismo-virtual-benjamin-sponton-sub-campeon-del-super-turismo\/","title":{"rendered":"Automovilismo Virtual &#8211; BENJAMIN SPONTON SUB CAMPEON DEL SUPER TURISMO"},"content":{"rendered":"<div id=\"fb-root\"><\/div>\n<p>JOSE FLORES estuvo a nada de ganar la carrera&#8230; termin\u00f3 segundo<\/p>\n<p>Hoy se corri\u00f3 el Gran Premio Coronaci\u00f3n del Torneo Nacional del SUPER TURISMO URUGUAYO en el pista virtual de SAN JORGE.<\/p>\n<p><img fetchpriority=\"high\" decoding=\"async\" class=\"wp-image-1440  alignleft\" style=\"text-align: center;\" src=\"https:\/\/fmnativa.com\/portal\/wp-content\/uploads\/2020\/10\/1111-SUPER-TURISMO.jpg\" alt=\"\" width=\"340\" height=\"234\" srcset=\"https:\/\/fmnativa.com\/portal\/wp-content\/uploads\/2020\/10\/1111-SUPER-TURISMO.jpg 1000w, https:\/\/fmnativa.com\/portal\/wp-content\/uploads\/2020\/10\/1111-SUPER-TURISMO-300x206.jpg 300w, https:\/\/fmnativa.com\/portal\/wp-content\/uploads\/2020\/10\/1111-SUPER-TURISMO-768x528.jpg 768w\" sizes=\"(max-width: 340px) 100vw, 340px\" \/><\/p>\n<p>Mucha ilusi\u00f3n por la posibilidad de lograr el campeonato, hab\u00eda en el Team Oficial de la sucursal Reconquista de Autodromo Virtual, hablamos del AVR MOTOR SPORT&#8230; Es que eran dos los pilotos que llegaban con chances matem\u00e1ticas de campeonar, BENJAMIN SPONTON y AYRTON AYALA.<\/p>\n<p>Finalmente quien se coron\u00f3 campe\u00f3n fue PATRICIO BARRA de Merlo en la provincia de Buenos Aires y el SUB CAMPEONATO fue para BENJAMIN SPONTON, quien con su Clio gan\u00f3 el Sprint y al terminar cuarto en la carrera final, se consagr\u00f3 SUB CAMPEON.<\/p>\n<p>&nbsp;<\/p>\n<p>P\u00e1rrafo aparte el excelente trabajo de Jos\u00e9 Flores que estuvo a muy poco de ganar la carrera.<br \/>\n<strong>Aqu\u00ed el video de la \u00faltima vuelta<\/strong><\/p>\n<div style=\"width: 640px;\" class=\"wp-video\"><video class=\"wp-video-shortcode\" id=\"video-1434-1\" width=\"640\" height=\"480\" preload=\"metadata\" controls=\"controls\"><source type=\"video\/mp4\" src=\"https:\/\/fmnativa.com\/portal\/wp-content\/uploads\/2020\/10\/363-Super-Turismo-Fecha-4-San-Jorge-YouTube-Opera-2020-10-03-19-28-16.mp4?_=1\" \/><a href=\"https:\/\/fmnativa.com\/portal\/wp-content\/uploads\/2020\/10\/363-Super-Turismo-Fecha-4-San-Jorge-YouTube-Opera-2020-10-03-19-28-16.mp4\">https:\/\/fmnativa.com\/portal\/wp-content\/uploads\/2020\/10\/363-Super-Turismo-Fecha-4-San-Jorge-YouTube-Opera-2020-10-03-19-28-16.mp4<\/a><\/video><\/div>\n<p>&nbsp;<\/p>\n<p>As\u00ed se disputo la carrera:<br \/>\nCLASIFICACION: 5 minuntos<br \/>\nSPRINT: 8 vueltas (orden de largada invertida de los 10 mejores de la clasificaci\u00f3n)<br \/>\nFINAL: 18 vueltas (grilla de largada seg\u00fan el resultado de la Clasificaci\u00f3n)<\/p>\n<p><strong>Resumen de lo sucedido con los 6 PILOTOS del AVR MOTOR SPORT<\/strong><\/p>\n<p><strong>BENJAMIN SPONTON<\/strong><br \/>\nClasific\u00f3 4\u00b0<br \/>\nSPRINT\u00bb: Larg\u00f3 7\u00b0 lleg\u00f3 1\u00b0<br \/>\nFINAL: larg\u00f3 4\u00b0 termin\u00f3 4\u00b0<br \/>\nSe consagr\u00f3 SUB CAMPEON<\/p>\n<p><strong>JOSE FLORES<\/strong><br \/>\nClasific\u00f3: 3\u00b0<br \/>\nSPRINT: larg\u00f3 8\u00b0 termin\u00f3 3\u00b0<br \/>\nFINAL: larg\u00f3 3\u00b0 recibi\u00f3 la cuadriculada en la 2\u00b0 posici\u00f3n y le falt\u00f3 muy poco para ganarla.<\/p>\n<p><strong>AYRTON AYALA<\/strong><br \/>\nLe fue mal, no pudo cerrar una vuelta buena de clasificaci\u00f3n y rompio motores en las dos competencias<br \/>\nClasific\u00f3: 7\u00b0<br \/>\nSPRINT: Larg\u00f3 4\u00b0 abandon\u00f3 en la vuelta 3 cuando marchaba 3\u00b0 (rotura de motor)<br \/>\nFINAL: larg\u00f3 7\u00b0 ven\u00eda 4\u00b0 se vio enredado en un toque, le dieron un pase y siga, volvi\u00f3 a pista en el puesto 12, y promediando la carrera se rompio el impulsor.<\/p>\n<p><strong>HORACIO PATERNO<\/strong><br \/>\nClasific\u00f3: 14\u00b0<br \/>\nSPRINT: Larg\u00f3 14 termin\u00f3 ven\u00eda 10\u00b0 y un despiste lo mand\u00f3 al puesto 13\u00b0<br \/>\nFINAL: Larg\u00f3 14 ven\u00eda 13\u00b0 cuando abandon\u00f3 faltando una vuelta.<\/p>\n<p><strong>JAIR RUBIN<\/strong><br \/>\nClasific\u00f3: 9\u00b0<br \/>\nSPRINT: larg\u00f3 2\u00b0 y termin\u00f3 12\u00b0<br \/>\nFINAL: larg\u00f3 9\u00b0 termin\u00f3 en la 8\u00b0 posici\u00f3n en entretenida carrera durante todas las vueltas peleando por obtener la 7\u00b0 posici\u00f3n<\/p>\n<p><strong>AYRTON SENSIVIA<\/strong><br \/>\nDebut\u00f3 en esta carrera como Piloto Virtual, clasific\u00f3 lejos, pero en carrera pudo mantenerse en ritmo.<br \/>\nClasific\u00f3: 13\u00b0<br \/>\nSPRINT: Larg\u00f3 13\u00b0 termin\u00f3 9\u00b0<br \/>\nFINAL: Larg\u00f3 13\u00b0 culmin\u00f3 en la posici\u00f3n 10\u00b0<\/p>\n<p><strong>Aqu\u00ed la palabra de los Protagonistas:<\/strong><\/p>\n<audio class=\"wp-audio-shortcode\" id=\"audio-1434-1\" preload=\"none\" style=\"width: 100%;\" controls=\"controls\"><source type=\"audio\/mpeg\" src=\"https:\/\/fmnativa.com\/portal\/wp-content\/uploads\/2020\/10\/111-STU.mp3?_=1\" \/><a href=\"https:\/\/fmnativa.com\/portal\/wp-content\/uploads\/2020\/10\/111-STU.mp3\">https:\/\/fmnativa.com\/portal\/wp-content\/uploads\/2020\/10\/111-STU.mp3<\/a><\/audio>\n<p>&nbsp;<\/p>\n<p><strong>Lo que se viene.<\/strong><br \/>\nEste lunes desde las 20:30 hs se corre la primera fecha del campeonato de Primavera del TURISMO CARRETERA Virtual en el 12 de Buenos Aires.<br \/>\nSer\u00e1 transmisi\u00f3 de FM NATIVA 96.9 y pod\u00e9s VER LA CARRERA EN VIVO por www.youtube.com\/autodromovirtual<\/p>\n<p>Sab\u00edas que vos pod\u00e9s correr una CARRERA NACIONAL?<br \/>\nNo se requiere de experiencia previa&#8230; solo las ganas&#8230; en Aut\u00f3dromo Virtual Reconquista te ayudan a hacer la experiencia.<br \/>\nConsultas al 3482 441 825<\/p>\n<p><strong>Si quer\u00e9s revivira la carrera completa:<\/strong> <a href=\"https:\/\/youtu.be\/7N_xT1Cia64\" target=\"_blank\" rel=\"noopener noreferrer\"><strong>Click Aqu\u00ed<\/strong><\/a><\/p>\n","protected":false},"excerpt":{"rendered":"<p>JOSE FLORES estuvo a nada de ganar la carrera&#8230; termin\u00f3 segundo Hoy se corri\u00f3 el&#8230;<\/p>\n","protected":false},"author":1,"featured_media":1439,"comment_status":"closed","ping_status":"closed","sticky":false,"template":"","format":"standard","meta":{"footnotes":""},"categories":[48,5,8],"tags":[126,127,339,510,342,338,341,509,125,109,108,128,114],"class_list":["post-1434","post","type-post","status-publish","format-standard","has-post-thumbnail","hentry","category-deportes","category-locales","category-nacionales","tag-autodromo-virtual","tag-autodromo-virtual-reconquista","tag-ayrton-ayala","tag-ayrton-sensivia","tag-benjamin-sponton","tag-horacio-paterno","tag-jair-rubin","tag-jose-flores","tag-sim-racers","tag-sim-racing","tag-simuladores","tag-super-turismo","tag-super-turismo-uruguayo"],"featured_image_urls":{"full":["https:\/\/fmnativa.com\/portal\/wp-content\/uploads\/2020\/10\/Benja-Sub-Campeon.jpg",745,525,false],"thumbnail":["https:\/\/fmnativa.com\/portal\/wp-content\/uploads\/2020\/10\/Benja-Sub-Campeon-150x150.jpg",150,150,true],"medium":["https:\/\/fmnativa.com\/portal\/wp-content\/uploads\/2020\/10\/Benja-Sub-Campeon-300x211.jpg",300,211,true],"medium_large":["https:\/\/fmnativa.com\/portal\/wp-content\/uploads\/2020\/10\/Benja-Sub-Campeon.jpg",640,451,false],"large":["https:\/\/fmnativa.com\/portal\/wp-content\/uploads\/2020\/10\/Benja-Sub-Campeon.jpg",640,451,false],"1536x1536":["https:\/\/fmnativa.com\/portal\/wp-content\/uploads\/2020\/10\/Benja-Sub-Campeon.jpg",745,525,false],"2048x2048":["https:\/\/fmnativa.com\/portal\/wp-content\/uploads\/2020\/10\/Benja-Sub-Campeon.jpg",745,525,false],"covernews-slider-full":["https:\/\/fmnativa.com\/portal\/wp-content\/uploads\/2020\/10\/Benja-Sub-Campeon.jpg",745,525,false],"covernews-slider-center":["https:\/\/fmnativa.com\/portal\/wp-content\/uploads\/2020\/10\/Benja-Sub-Campeon.jpg",710,500,false],"covernews-featured":["https:\/\/fmnativa.com\/portal\/wp-content\/uploads\/2020\/10\/Benja-Sub-Campeon.jpg",745,525,false],"covernews-medium":["https:\/\/fmnativa.com\/portal\/wp-content\/uploads\/2020\/10\/Benja-Sub-Campeon.jpg",482,340,false],"covernews-medium-square":["https:\/\/fmnativa.com\/portal\/wp-content\/uploads\/2020\/10\/Benja-Sub-Campeon.jpg",355,250,false]},"author_info":{"info":["Fabian"]},"category_info":"<a href=\"https:\/\/fmnativa.com\/portal\/category\/deportes\/\" rel=\"category tag\">DEPORTES<\/a> <a href=\"https:\/\/fmnativa.com\/portal\/category\/locales\/\" rel=\"category tag\">LOCALES<\/a> <a href=\"https:\/\/fmnativa.com\/portal\/category\/nacionales\/\" rel=\"category tag\">Nacionales<\/a>","tag_info":"Nacionales","comment_count":"0","_links":{"self":[{"href":"https:\/\/fmnativa.com\/portal\/wp-json\/wp\/v2\/posts\/1434","targetHints":{"allow":["GET"]}}],"collection":[{"href":"https:\/\/fmnativa.com\/portal\/wp-json\/wp\/v2\/posts"}],"about":[{"href":"https:\/\/fmnativa.com\/portal\/wp-json\/wp\/v2\/types\/post"}],"author":[{"embeddable":true,"href":"https:\/\/fmnativa.com\/portal\/wp-json\/wp\/v2\/users\/1"}],"replies":[{"embeddable":true,"href":"https:\/\/fmnativa.com\/portal\/wp-json\/wp\/v2\/comments?post=1434"}],"version-history":[{"count":2,"href":"https:\/\/fmnativa.com\/portal\/wp-json\/wp\/v2\/posts\/1434\/revisions"}],"predecessor-version":[{"id":1441,"href":"https:\/\/fmnativa.com\/portal\/wp-json\/wp\/v2\/posts\/1434\/revisions\/1441"}],"wp:featuredmedia":[{"embeddable":true,"href":"https:\/\/fmnativa.com\/portal\/wp-json\/wp\/v2\/media\/1439"}],"wp:attachment":[{"href":"https:\/\/fmnativa.com\/portal\/wp-json\/wp\/v2\/media?parent=1434"}],"wp:term":[{"taxonomy":"category","embeddable":true,"href":"https:\/\/fmnativa.com\/portal\/wp-json\/wp\/v2\/categories?post=1434"},{"taxonomy":"post_tag","embeddable":true,"href":"https:\/\/fmnativa.com\/portal\/wp-json\/wp\/v2\/tags?post=1434"}],"curies":[{"name":"wp","href":"https:\/\/api.w.org\/{rel}","templated":true}]}}