{"id":1446,"date":"2020-10-03T21:20:20","date_gmt":"2020-10-04T00:20:20","guid":{"rendered":"https:\/\/fmnativa.com\/portal\/?p=1446"},"modified":"2020-10-03T21:20:20","modified_gmt":"2020-10-04T00:20:20","slug":"8-377-vehiculos-fueron-controlados-en-un-dia-en-los-accesos-interprovinciales","status":"publish","type":"post","link":"https:\/\/fmnativa.com\/portal\/2020\/10\/03\/8-377-vehiculos-fueron-controlados-en-un-dia-en-los-accesos-interprovinciales\/","title":{"rendered":"8.377 veh\u00edculos fueron controlados en un d\u00eda en los accesos interprovinciales"},"content":{"rendered":"<div id=\"fb-root\"><\/div>\n<div class=\"article-title\">\n<p class=\"title\"><span style=\"font-size: 16px;\">En las \u00faltimas 24 horas se fiscalizaron 8377 veh\u00edculos en los diferentes accesos a la provincia de Santa Fe, seg\u00fan inform\u00f3 la Agencia Provincial de Seguridad Vial.<\/span><\/p>\n<p>Al comenzar la pandemia, la provincia puso controles sanitarios en todos sus accesos para evitar la transmisi\u00f3n comunitaria con viajeros provenientes desde otras provincias.<\/p>\n<p>A este accionar, el Gobierno Provincial lo denomina PLAN DE ACCESOS CUIDADOS.<\/p>\n<p>Solo este s\u00e1bado, se coontrolaron 8.377\u00a0 veh\u00edculos provenientes de otras provincias.<\/p>\n<p style=\"text-align: center;\"><img fetchpriority=\"high\" decoding=\"async\" class=\"alignnone wp-image-1447 \" src=\"https:\/\/fmnativa.com\/portal\/wp-content\/uploads\/2020\/10\/imagen_2020-10-03_211840.png\" alt=\"\" width=\"598\" height=\"522\" srcset=\"https:\/\/fmnativa.com\/portal\/wp-content\/uploads\/2020\/10\/imagen_2020-10-03_211840.png 804w, https:\/\/fmnativa.com\/portal\/wp-content\/uploads\/2020\/10\/imagen_2020-10-03_211840-300x262.png 300w, https:\/\/fmnativa.com\/portal\/wp-content\/uploads\/2020\/10\/imagen_2020-10-03_211840-768x671.png 768w\" sizes=\"(max-width: 598px) 100vw, 598px\" \/><\/p>\n<\/div>\n","protected":false},"excerpt":{"rendered":"<p>En las \u00faltimas 24 horas se fiscalizaron 8377 veh\u00edculos en los diferentes accesos a la&#8230;<\/p>\n","protected":false},"author":1,"featured_media":1448,"comment_status":"closed","ping_status":"closed","sticky":false,"template":"","format":"standard","meta":{"footnotes":""},"categories":[7],"tags":[512,511,32,80,14],"class_list":["post-1446","post","type-post","status-publish","format-standard","has-post-thumbnail","hentry","category-provinciales","tag-accesos-interprovinciales","tag-controles","tag-covid-19","tag-pandemia","tag-provincia"],"featured_image_urls":{"full":["https:\/\/fmnativa.com\/portal\/wp-content\/uploads\/2020\/10\/2.jpg",1280,720,false],"thumbnail":["https:\/\/fmnativa.com\/portal\/wp-content\/uploads\/2020\/10\/2-150x150.jpg",150,150,true],"medium":["https:\/\/fmnativa.com\/portal\/wp-content\/uploads\/2020\/10\/2-300x169.jpg",300,169,true],"medium_large":["https:\/\/fmnativa.com\/portal\/wp-content\/uploads\/2020\/10\/2-768x432.jpg",640,360,true],"large":["https:\/\/fmnativa.com\/portal\/wp-content\/uploads\/2020\/10\/2-1024x576.jpg",640,360,true],"1536x1536":["https:\/\/fmnativa.com\/portal\/wp-content\/uploads\/2020\/10\/2.jpg",1280,720,false],"2048x2048":["https:\/\/fmnativa.com\/portal\/wp-content\/uploads\/2020\/10\/2.jpg",1280,720,false],"covernews-slider-full":["https:\/\/fmnativa.com\/portal\/wp-content\/uploads\/2020\/10\/2.jpg",1115,627,false],"covernews-slider-center":["https:\/\/fmnativa.com\/portal\/wp-content\/uploads\/2020\/10\/2.jpg",800,450,false],"covernews-featured":["https:\/\/fmnativa.com\/portal\/wp-content\/uploads\/2020\/10\/2.jpg",1024,576,false],"covernews-medium":["https:\/\/fmnativa.com\/portal\/wp-content\/uploads\/2020\/10\/2.jpg",540,304,false],"covernews-medium-square":["https:\/\/fmnativa.com\/portal\/wp-content\/uploads\/2020\/10\/2.jpg",400,225,false]},"author_info":{"info":["Fabian"]},"category_info":"<a href=\"https:\/\/fmnativa.com\/portal\/category\/provinciales\/\" rel=\"category tag\">PROVINCIALES<\/a>","tag_info":"PROVINCIALES","comment_count":"0","_links":{"self":[{"href":"https:\/\/fmnativa.com\/portal\/wp-json\/wp\/v2\/posts\/1446","targetHints":{"allow":["GET"]}}],"collection":[{"href":"https:\/\/fmnativa.com\/portal\/wp-json\/wp\/v2\/posts"}],"about":[{"href":"https:\/\/fmnativa.com\/portal\/wp-json\/wp\/v2\/types\/post"}],"author":[{"embeddable":true,"href":"https:\/\/fmnativa.com\/portal\/wp-json\/wp\/v2\/users\/1"}],"replies":[{"embeddable":true,"href":"https:\/\/fmnativa.com\/portal\/wp-json\/wp\/v2\/comments?post=1446"}],"version-history":[{"count":1,"href":"https:\/\/fmnativa.com\/portal\/wp-json\/wp\/v2\/posts\/1446\/revisions"}],"predecessor-version":[{"id":1449,"href":"https:\/\/fmnativa.com\/portal\/wp-json\/wp\/v2\/posts\/1446\/revisions\/1449"}],"wp:featuredmedia":[{"embeddable":true,"href":"https:\/\/fmnativa.com\/portal\/wp-json\/wp\/v2\/media\/1448"}],"wp:attachment":[{"href":"https:\/\/fmnativa.com\/portal\/wp-json\/wp\/v2\/media?parent=1446"}],"wp:term":[{"taxonomy":"category","embeddable":true,"href":"https:\/\/fmnativa.com\/portal\/wp-json\/wp\/v2\/categories?post=1446"},{"taxonomy":"post_tag","embeddable":true,"href":"https:\/\/fmnativa.com\/portal\/wp-json\/wp\/v2\/tags?post=1446"}],"curies":[{"name":"wp","href":"https:\/\/api.w.org\/{rel}","templated":true}]}}