{"id":1482,"date":"2020-10-05T20:21:19","date_gmt":"2020-10-05T23:21:19","guid":{"rendered":"https:\/\/fmnativa.com\/portal\/?p=1482"},"modified":"2020-10-05T20:21:19","modified_gmt":"2020-10-05T23:21:19","slug":"reconquista-manana-corte-de-energia","status":"publish","type":"post","link":"https:\/\/fmnativa.com\/portal\/2020\/10\/05\/reconquista-manana-corte-de-energia\/","title":{"rendered":"Reconquista &#8211; MA\u00d1ANA CORTE DE ENERGIA"},"content":{"rendered":"<div id=\"fb-root\"><\/div>\n<p>Desde las 7:30 a 8:30 en varios barrios de la Ciudad.<\/p>\n<p><strong>INFORME DE LA EPE<\/strong><\/p>\n<p>Ma\u00f1ana, en el horario de 07:30 a 08:30 se va a realizar una reparaci\u00f3n en un tramo de cable subterr\u00e1neo de media tensi\u00f3n.<\/p>\n<p>Por este motivo, es necesario interrumpir el servicio dentro del citado horario, en los barrios Zorz\u00f3n, San Jer\u00f3nimo del Rey, Platense y zona norte de Chapero.<\/p>\n<p>&nbsp;<\/p>\n","protected":false},"excerpt":{"rendered":"<p>Desde las 7:30 a 8:30 en varios barrios de la Ciudad. INFORME DE LA EPE&#8230;<\/p>\n","protected":false},"author":1,"featured_media":1168,"comment_status":"closed","ping_status":"closed","sticky":false,"template":"","format":"standard","meta":{"footnotes":""},"categories":[5],"tags":[519,520,403,37],"class_list":["post-1482","post","type-post","status-publish","format-standard","has-post-thumbnail","hentry","category-locales","tag-corte-de-energiia","tag-empresa-provinvial-de-la-energia","tag-epe","tag-reconquista"],"featured_image_urls":{"full":["https:\/\/fmnativa.com\/portal\/wp-content\/uploads\/2020\/09\/images.png",290,174,false],"thumbnail":["https:\/\/fmnativa.com\/portal\/wp-content\/uploads\/2020\/09\/images-150x150.png",150,150,true],"medium":["https:\/\/fmnativa.com\/portal\/wp-content\/uploads\/2020\/09\/images.png",290,174,false],"medium_large":["https:\/\/fmnativa.com\/portal\/wp-content\/uploads\/2020\/09\/images.png",290,174,false],"large":["https:\/\/fmnativa.com\/portal\/wp-content\/uploads\/2020\/09\/images.png",290,174,false],"1536x1536":["https:\/\/fmnativa.com\/portal\/wp-content\/uploads\/2020\/09\/images.png",290,174,false],"2048x2048":["https:\/\/fmnativa.com\/portal\/wp-content\/uploads\/2020\/09\/images.png",290,174,false],"covernews-slider-full":["https:\/\/fmnativa.com\/portal\/wp-content\/uploads\/2020\/09\/images.png",290,174,false],"covernews-slider-center":["https:\/\/fmnativa.com\/portal\/wp-content\/uploads\/2020\/09\/images.png",290,174,false],"covernews-featured":["https:\/\/fmnativa.com\/portal\/wp-content\/uploads\/2020\/09\/images.png",290,174,false],"covernews-medium":["https:\/\/fmnativa.com\/portal\/wp-content\/uploads\/2020\/09\/images.png",290,174,false],"covernews-medium-square":["https:\/\/fmnativa.com\/portal\/wp-content\/uploads\/2020\/09\/images.png",290,174,false]},"author_info":{"info":["Fabian"]},"category_info":"<a href=\"https:\/\/fmnativa.com\/portal\/category\/locales\/\" rel=\"category tag\">LOCALES<\/a>","tag_info":"LOCALES","comment_count":"0","_links":{"self":[{"href":"https:\/\/fmnativa.com\/portal\/wp-json\/wp\/v2\/posts\/1482","targetHints":{"allow":["GET"]}}],"collection":[{"href":"https:\/\/fmnativa.com\/portal\/wp-json\/wp\/v2\/posts"}],"about":[{"href":"https:\/\/fmnativa.com\/portal\/wp-json\/wp\/v2\/types\/post"}],"author":[{"embeddable":true,"href":"https:\/\/fmnativa.com\/portal\/wp-json\/wp\/v2\/users\/1"}],"replies":[{"embeddable":true,"href":"https:\/\/fmnativa.com\/portal\/wp-json\/wp\/v2\/comments?post=1482"}],"version-history":[{"count":1,"href":"https:\/\/fmnativa.com\/portal\/wp-json\/wp\/v2\/posts\/1482\/revisions"}],"predecessor-version":[{"id":1483,"href":"https:\/\/fmnativa.com\/portal\/wp-json\/wp\/v2\/posts\/1482\/revisions\/1483"}],"wp:featuredmedia":[{"embeddable":true,"href":"https:\/\/fmnativa.com\/portal\/wp-json\/wp\/v2\/media\/1168"}],"wp:attachment":[{"href":"https:\/\/fmnativa.com\/portal\/wp-json\/wp\/v2\/media?parent=1482"}],"wp:term":[{"taxonomy":"category","embeddable":true,"href":"https:\/\/fmnativa.com\/portal\/wp-json\/wp\/v2\/categories?post=1482"},{"taxonomy":"post_tag","embeddable":true,"href":"https:\/\/fmnativa.com\/portal\/wp-json\/wp\/v2\/tags?post=1482"}],"curies":[{"name":"wp","href":"https:\/\/api.w.org\/{rel}","templated":true}]}}