{"id":1499,"date":"2020-10-05T22:48:56","date_gmt":"2020-10-06T01:48:56","guid":{"rendered":"https:\/\/fmnativa.com\/portal\/?p=1499"},"modified":"2020-10-05T22:48:56","modified_gmt":"2020-10-06T01:48:56","slug":"automovilismo-virtual-corrio-el-tc-pintaba-mejor-para-los-del-norte-no-fue-asi","status":"publish","type":"post","link":"https:\/\/fmnativa.com\/portal\/2020\/10\/05\/automovilismo-virtual-corrio-el-tc-pintaba-mejor-para-los-del-norte-no-fue-asi\/","title":{"rendered":"Automovilismo Virtual &#8211; CORRIO EL TC, PINTABA MEJOR PARA LOS DEL NORTE&#8230; NO FUE ASI"},"content":{"rendered":"<div id=\"fb-root\"><\/div>\n<p>Hoy se corri\u00f3 la 1era fecha del Campeonato de TURISMO DE CARRETERA VIRTUAL, organizado por Aut\u00f3dromo Virtual.<\/p>\n<p>En el Equipo Oficial de Autodromo Virtual Reconquista, el AVR MOTOR SPORT corrieron tres pilotos.<\/p>\n<p>El P\u00f3leman hab\u00eda sido LUCAS SALVATIERRA, a la primer carrera, en la que se invirtieron las 14 primeras posiciones de la Clasificaci\u00f3n la gan\u00f3 el de VILLA BOSCH, MARTIN MAMBRETTI.<\/p>\n<p>A la segunda, con grilla ordenada de acuerdo a la Clasificaci\u00f3n, la gan\u00f3 el de Tucum\u00e1n&#8230; SI&#8230; LUCAS SALVATIERRA.<\/p>\n<p><strong>Como les fue al TRIO NORTE\u00d1O?<\/strong><\/p>\n<p><strong>SANTIAGO STECHINA<\/strong> clasific\u00f3 7\u00b0&#8230; <strong>HUGO BRESSAN 9\u00b0<\/strong> y <strong>SEBASTIAN FLORES<\/strong> no clasific\u00f3 porque no junt\u00f3 los puntos necesarios en la Pre Clasificaci\u00f3n para poder Clasificar.<\/p>\n<p><em><strong>Aqu\u00ed el Resumen<\/strong><\/em><\/p>\n<p><span style=\"color: #ffcc00;\"><strong>SANTIAGO STECHINA<\/strong><\/span><br \/>\n<em><strong>Clasific\u00f3<\/strong><\/em> 7\u00b0<br \/>\n<em><strong>Carrera 1<\/strong><\/em>: Larg\u00f3 8\u00b0 (grilla invertida), no pudo sostener el ritmo, tuvo alg\u00fan despiste y recibio la de a cuadros en el puesto 13<br \/>\n<em><strong>Carrera 2<\/strong><\/em>: Larg\u00f3 desde el caj\u00f3n 7, marchaba octavo en la carrera, tuvo un despiste, volvi\u00f3 a pista 14\u00b0, logr\u00f3 ascender a la 9\u00b0 posici\u00f3n y sobre el final, perdi\u00f3 dos posiciones llegando 11\u00b0<\/p>\n<p><span style=\"color: #ffcc00;\"><strong>HUGO BRESSAN<\/strong><\/span><br \/>\n<strong><em>Clasificaci\u00f3n<\/em><\/strong>: No pudo plasmar en la clasifica, el tiempo logrado en la previa y mas tarde luego de clasificar en una de las pruebas libres&#8230; pudo haber sido el cuarto de la clasificaci\u00f3n&#8230; pero al tiempo hay que meterlo en la \u00fanica vuelta de clasificaci\u00f3n que tiene la carrera.<br \/>\n<strong><em>Carrera 1<\/em><\/strong>: Larg\u00f3 6\u00b0 (grilla Invertida) pasadas dos vueltas se coloc\u00f3 3\u00b0 en una de las chicanas, entra pasado, toca al de adelante, pierde el control del auto, trompo, pierde mucho, vuelve a pista en el puesto 12\u00b0, logra recuperarse y terminar 7\u00b0<br \/>\n<em><strong>Carrera 2<\/strong><\/em>: Larg\u00f3 9\u00b0, ven\u00eda 6\u00b0, en la chican muerde el piano, otra vez trompo, vuelve a pista 15\u00b0, avanza hasta la 12\u00b0 posici\u00f3n, cuando llegan a la orquilla doblan a la par Con Santiago Stechina, pero puedo m\u00e1s el de Avellaneda&#8230; Hugo termina siendo el 12\u00b0 de la carrera.<\/p>\n<p><span style=\"color: #ffcc00;\"><strong>SEBASTIAN FLORES<\/strong><\/span><br \/>\n<strong><em>Clasificaci\u00f3n<\/em><\/strong>: Sin Tiempos<br \/>\n<em><strong>Carrera 1<\/strong><\/em>: Larg\u00f3 17\u00b0. Ya en el segundo giro hab\u00eda logrado escalar, por m\u00e9rito propio y errores ajenos, hasta la 13\u00b0 posici\u00f3n, pero el motor dijo basta, se qued\u00f3 de a pi\u00e9, ubicado en el puesto 17.<br \/>\n<em><strong>Carrera 2<\/strong><\/em>: Nuevamente larg\u00f3 17\u00b0, pudo ascender hasta la 13\u00b0 posici\u00f3n, muerde un piano, despiste&#8230; termin\u00f3 15\u00b0<\/p>\n<p>Asi pas\u00f3 la primera fecha&#8230; lo que se viene en carreras virtuales de Aut\u00f3dromo Virtual es la segunda fecha del campeonato de TC<br \/>\nEl pr\u00f3ximo fin de semana corre el TC REAL y lo hace en SAN NICOLAS&#8230;<br \/>\nEl Lunes 12, el dia despues de la Real, SE CORRE LA VIRTUAL y tambi\u00e9n en SAN NICOLAS.<\/p>\n<p>Si quer\u00e9s ver la carrera completa de hoy entra a AUTODROMO VIRTUAL TELEVISION, haciendo <a href=\"https:\/\/youtu.be\/ru00AtkfRTY\" target=\"_blank\" rel=\"noopener noreferrer\"><em><strong>CLICK AQU\u00cd<\/strong><\/em><\/a><\/p>\n","protected":false},"excerpt":{"rendered":"<p>Hoy se corri\u00f3 la 1era fecha del Campeonato de TURISMO DE CARRETERA VIRTUAL, organizado por&#8230;<\/p>\n","protected":false},"author":1,"featured_media":1500,"comment_status":"closed","ping_status":"closed","sticky":false,"template":"","format":"standard","meta":{"footnotes":""},"categories":[48,8,10,6],"tags":[126,127,524,125,109,108,517,525,122],"class_list":["post-1499","post","type-post","status-publish","format-standard","has-post-thumbnail","hentry","category-deportes","category-nacionales","category-ponelaquinta","category-regionales","tag-autodromo-virtual","tag-autodromo-virtual-reconquista","tag-carreras-virtual","tag-sim-racers","tag-sim-racing","tag-simuladores","tag-tc","tag-turismo-de-carretera","tag-velocidad"],"featured_image_urls":{"full":["https:\/\/fmnativa.com\/portal\/wp-content\/uploads\/2020\/10\/1-14.jpg",1000,562,false],"thumbnail":["https:\/\/fmnativa.com\/portal\/wp-content\/uploads\/2020\/10\/1-14-150x150.jpg",150,150,true],"medium":["https:\/\/fmnativa.com\/portal\/wp-content\/uploads\/2020\/10\/1-14-300x169.jpg",300,169,true],"medium_large":["https:\/\/fmnativa.com\/portal\/wp-content\/uploads\/2020\/10\/1-14-768x432.jpg",640,360,true],"large":["https:\/\/fmnativa.com\/portal\/wp-content\/uploads\/2020\/10\/1-14.jpg",640,360,false],"1536x1536":["https:\/\/fmnativa.com\/portal\/wp-content\/uploads\/2020\/10\/1-14.jpg",1000,562,false],"2048x2048":["https:\/\/fmnativa.com\/portal\/wp-content\/uploads\/2020\/10\/1-14.jpg",1000,562,false],"covernews-slider-full":["https:\/\/fmnativa.com\/portal\/wp-content\/uploads\/2020\/10\/1-14.jpg",1000,562,false],"covernews-slider-center":["https:\/\/fmnativa.com\/portal\/wp-content\/uploads\/2020\/10\/1-14.jpg",800,450,false],"covernews-featured":["https:\/\/fmnativa.com\/portal\/wp-content\/uploads\/2020\/10\/1-14.jpg",1000,562,false],"covernews-medium":["https:\/\/fmnativa.com\/portal\/wp-content\/uploads\/2020\/10\/1-14.jpg",540,303,false],"covernews-medium-square":["https:\/\/fmnativa.com\/portal\/wp-content\/uploads\/2020\/10\/1-14.jpg",400,225,false]},"author_info":{"info":["Fabian"]},"category_info":"<a href=\"https:\/\/fmnativa.com\/portal\/category\/deportes\/\" rel=\"category tag\">DEPORTES<\/a> <a href=\"https:\/\/fmnativa.com\/portal\/category\/nacionales\/\" rel=\"category tag\">Nacionales<\/a> <a href=\"https:\/\/fmnativa.com\/portal\/category\/ponelaquinta\/\" rel=\"category tag\">Pon\u00e9 La Quinta<\/a> <a href=\"https:\/\/fmnativa.com\/portal\/category\/regionales\/\" rel=\"category tag\">REGIONALES<\/a>","tag_info":"REGIONALES","comment_count":"0","_links":{"self":[{"href":"https:\/\/fmnativa.com\/portal\/wp-json\/wp\/v2\/posts\/1499","targetHints":{"allow":["GET"]}}],"collection":[{"href":"https:\/\/fmnativa.com\/portal\/wp-json\/wp\/v2\/posts"}],"about":[{"href":"https:\/\/fmnativa.com\/portal\/wp-json\/wp\/v2\/types\/post"}],"author":[{"embeddable":true,"href":"https:\/\/fmnativa.com\/portal\/wp-json\/wp\/v2\/users\/1"}],"replies":[{"embeddable":true,"href":"https:\/\/fmnativa.com\/portal\/wp-json\/wp\/v2\/comments?post=1499"}],"version-history":[{"count":1,"href":"https:\/\/fmnativa.com\/portal\/wp-json\/wp\/v2\/posts\/1499\/revisions"}],"predecessor-version":[{"id":1501,"href":"https:\/\/fmnativa.com\/portal\/wp-json\/wp\/v2\/posts\/1499\/revisions\/1501"}],"wp:featuredmedia":[{"embeddable":true,"href":"https:\/\/fmnativa.com\/portal\/wp-json\/wp\/v2\/media\/1500"}],"wp:attachment":[{"href":"https:\/\/fmnativa.com\/portal\/wp-json\/wp\/v2\/media?parent=1499"}],"wp:term":[{"taxonomy":"category","embeddable":true,"href":"https:\/\/fmnativa.com\/portal\/wp-json\/wp\/v2\/categories?post=1499"},{"taxonomy":"post_tag","embeddable":true,"href":"https:\/\/fmnativa.com\/portal\/wp-json\/wp\/v2\/tags?post=1499"}],"curies":[{"name":"wp","href":"https:\/\/api.w.org\/{rel}","templated":true}]}}