{"id":1576,"date":"2020-10-07T17:40:35","date_gmt":"2020-10-07T20:40:35","guid":{"rendered":"https:\/\/fmnativa.com\/portal\/?p=1576"},"modified":"2020-10-07T17:40:35","modified_gmt":"2020-10-07T20:40:35","slug":"recta-final-para-la-agroactiva-2020","status":"publish","type":"post","link":"https:\/\/fmnativa.com\/portal\/2020\/10\/07\/recta-final-para-la-agroactiva-2020\/","title":{"rendered":"RECTA FINAL PARA LA AGROACTIVA 2020"},"content":{"rendered":"<div id=\"fb-root\"><\/div>\n<p>Bajo la Modalidad Virtual, se desarrollar\u00e1 del 27 al 30 de Octubre a trav\u00e9z de la Web <a href=\"http:\/\/www.agroactivavirtual.com\" target=\"_blank\" rel=\"noopener noreferrer\">www.agroactivavirtual.com<\/a><\/p>\n<p><strong>El encuentro entre la Oferta y la Demanda se realizar\u00e1 mediante una plataforma innovadora <\/strong>desde el Martes 27 al viernes 30 de octubre, y permanecer\u00e1 durante 30 d\u00edas m\u00e1s online\u201d.<\/p>\n<h3><strong>La plataforma<\/strong><\/h3>\n<p>All\u00ed,\u00a0las empresas de maquinaria agr\u00edcola, automotrices, entidades bancarias, el mundo de la ganader\u00eda, la aviaci\u00f3n agr\u00edcola, las embajadas de distintos pa\u00edses y las universidades nacionales podr\u00e1n ofrecer todos sus productos<strong>,<\/strong>\u00a0novedades y promociones especiales que, seguramente, ser\u00e1n las mejores del a\u00f1o.<\/p>\n<p>Los visitantes de las plataformas podr\u00e1n explorar y descubrir todas las enormes, convenientes e inmejorables posibilidades de negocios que existen en la cadena agroindustrial. As\u00ed, y como todos los a\u00f1os, el gran objetivo de AgroActiva es ser ese eslab\u00f3n que\u00a0 reactive al sector.<\/p>\n<p><strong>\u201cSer\u00e1 una verdadera exposici\u00f3n virtual:<\/strong>\u00a0tendr\u00e1 ronda de negocios internacionales, talleres de capacitaci\u00f3n (Acci\u00f3n ganadera, tecnolog\u00eda aplicada al agro y Universidades con sus escuelas de negocios), remates de ganado, charlas de Auditorio, muestra din\u00e1mica de maquinarias, sector Internacional, conferencias de prensa, etc\u201d, informaron desde la organizaci\u00f3n.<\/p>\n<p>Escuch\u00e1 la entrevista con el Jefe de Prensa de Agroactiva, nos referimos a MARIANO ROSSI<\/p>\n<p>&nbsp;<\/p>\n<audio class=\"wp-audio-shortcode\" id=\"audio-1576-1\" preload=\"none\" style=\"width: 100%;\" controls=\"controls\"><source type=\"audio\/mpeg\" src=\"https:\/\/fmnativa.com\/portal\/wp-content\/uploads\/2020\/10\/Mariano-Rossi-Jefe-de-prensa-de-Agroactiva.mp3?_=1\" \/><a href=\"https:\/\/fmnativa.com\/portal\/wp-content\/uploads\/2020\/10\/Mariano-Rossi-Jefe-de-prensa-de-Agroactiva.mp3\">https:\/\/fmnativa.com\/portal\/wp-content\/uploads\/2020\/10\/Mariano-Rossi-Jefe-de-prensa-de-Agroactiva.mp3<\/a><\/audio>\n<p>&nbsp;<\/p>\n","protected":false},"excerpt":{"rendered":"<p>Bajo la Modalidad Virtual, se desarrollar\u00e1 del 27 al 30 de Octubre a trav\u00e9z de&#8230;<\/p>\n","protected":false},"author":1,"featured_media":1580,"comment_status":"closed","ping_status":"closed","sticky":false,"template":"","format":"standard","meta":{"footnotes":""},"categories":[8,6],"tags":[557,559,15,558],"class_list":["post-1576","post","type-post","status-publish","format-standard","has-post-thumbnail","hentry","category-nacionales","category-regionales","tag-agroactiva-2020","tag-amstrong","tag-santa-fe","tag-virtual"],"featured_image_urls":{"full":["https:\/\/fmnativa.com\/portal\/wp-content\/uploads\/2020\/10\/1-2.png",1026,666,false],"thumbnail":["https:\/\/fmnativa.com\/portal\/wp-content\/uploads\/2020\/10\/1-2-150x150.png",150,150,true],"medium":["https:\/\/fmnativa.com\/portal\/wp-content\/uploads\/2020\/10\/1-2-300x195.png",300,195,true],"medium_large":["https:\/\/fmnativa.com\/portal\/wp-content\/uploads\/2020\/10\/1-2-768x499.png",640,416,true],"large":["https:\/\/fmnativa.com\/portal\/wp-content\/uploads\/2020\/10\/1-2-1024x665.png",640,416,true],"1536x1536":["https:\/\/fmnativa.com\/portal\/wp-content\/uploads\/2020\/10\/1-2.png",1026,666,false],"2048x2048":["https:\/\/fmnativa.com\/portal\/wp-content\/uploads\/2020\/10\/1-2.png",1026,666,false],"covernews-slider-full":["https:\/\/fmnativa.com\/portal\/wp-content\/uploads\/2020\/10\/1-2.png",1026,666,false],"covernews-slider-center":["https:\/\/fmnativa.com\/portal\/wp-content\/uploads\/2020\/10\/1-2.png",770,500,false],"covernews-featured":["https:\/\/fmnativa.com\/portal\/wp-content\/uploads\/2020\/10\/1-2.png",1024,665,false],"covernews-medium":["https:\/\/fmnativa.com\/portal\/wp-content\/uploads\/2020\/10\/1-2.png",524,340,false],"covernews-medium-square":["https:\/\/fmnativa.com\/portal\/wp-content\/uploads\/2020\/10\/1-2.png",385,250,false]},"author_info":{"info":["Fabian"]},"category_info":"<a href=\"https:\/\/fmnativa.com\/portal\/category\/nacionales\/\" rel=\"category tag\">Nacionales<\/a> <a href=\"https:\/\/fmnativa.com\/portal\/category\/regionales\/\" rel=\"category tag\">REGIONALES<\/a>","tag_info":"REGIONALES","comment_count":"0","_links":{"self":[{"href":"https:\/\/fmnativa.com\/portal\/wp-json\/wp\/v2\/posts\/1576","targetHints":{"allow":["GET"]}}],"collection":[{"href":"https:\/\/fmnativa.com\/portal\/wp-json\/wp\/v2\/posts"}],"about":[{"href":"https:\/\/fmnativa.com\/portal\/wp-json\/wp\/v2\/types\/post"}],"author":[{"embeddable":true,"href":"https:\/\/fmnativa.com\/portal\/wp-json\/wp\/v2\/users\/1"}],"replies":[{"embeddable":true,"href":"https:\/\/fmnativa.com\/portal\/wp-json\/wp\/v2\/comments?post=1576"}],"version-history":[{"count":2,"href":"https:\/\/fmnativa.com\/portal\/wp-json\/wp\/v2\/posts\/1576\/revisions"}],"predecessor-version":[{"id":1581,"href":"https:\/\/fmnativa.com\/portal\/wp-json\/wp\/v2\/posts\/1576\/revisions\/1581"}],"wp:featuredmedia":[{"embeddable":true,"href":"https:\/\/fmnativa.com\/portal\/wp-json\/wp\/v2\/media\/1580"}],"wp:attachment":[{"href":"https:\/\/fmnativa.com\/portal\/wp-json\/wp\/v2\/media?parent=1576"}],"wp:term":[{"taxonomy":"category","embeddable":true,"href":"https:\/\/fmnativa.com\/portal\/wp-json\/wp\/v2\/categories?post=1576"},{"taxonomy":"post_tag","embeddable":true,"href":"https:\/\/fmnativa.com\/portal\/wp-json\/wp\/v2\/tags?post=1576"}],"curies":[{"name":"wp","href":"https:\/\/api.w.org\/{rel}","templated":true}]}}