{"id":1605,"date":"2020-10-09T13:12:30","date_gmt":"2020-10-09T16:12:30","guid":{"rendered":"https:\/\/fmnativa.com\/portal\/?p=1605"},"modified":"2020-10-09T13:13:01","modified_gmt":"2020-10-09T16:13:01","slug":"coronavirus-fallecio-uno-de-los-internados-en-reconquista","status":"publish","type":"post","link":"https:\/\/fmnativa.com\/portal\/2020\/10\/09\/coronavirus-fallecio-uno-de-los-internados-en-reconquista\/","title":{"rendered":"Coronavirus &#8211; FALLECIO UNO DE LOS PACIENTES INTERNADOS EN RECONQUISTA"},"content":{"rendered":"<div id=\"fb-root\"><\/div>\n<p><em><strong>Se trata de uno de los pacientes que permanec\u00eda en TERAPIA INTENSIVA en el Hospital Central de Reconquista<\/strong><\/em><\/p>\n<p><strong>Parte oficial HOSPITAL CENTRAL RECONQUISTA<\/strong><br \/>\n<strong>9 de octubre de 2020 &#8211; 12,30 HS.<\/strong><\/p>\n<p>El Hospital Central Reconquista informa que falleci\u00f3 este 9 de octubre un paciente de Reconquista, de 65 a\u00f1os de edad, que reingres\u00f3 a la UTI el 25 de septiembre.<br \/>\nEl paciente, con comorbilidades, que oportunamente curs\u00f3 patolog\u00eda Covid-19, no pudo externarse por las secuelas posteriores.<\/p>\n<p>&nbsp;<\/p>\n<p>Esto se informaba hoy a las 10:30 desde el HOSPITAL CENTRAL<\/p>\n<p><strong>PARTE M\u00c9DICO &#8211; 9 DE OCTUBRE DE 2020 \u2013 Actualizado a las 10,30 hs.<\/strong><br \/>\n<strong>INFORME OFICIAL HCR<\/strong><\/p>\n<p>El Hospital Central de Reconquista informa la cantidad de pacientes internados al momento de emitir este parte de prensa.<\/p>\n<p>COVID-19 POSITIVOS<br \/>\n\u27a1\ufe0f UTI HCR<br \/>\n&#8211; 4 pacientes de Reconquista: 3 en estado cr\u00edtico, con pron\u00f3stico reservado y asistencia respiratoria; 1 en condici\u00f3n inestable con ox\u00edgeno.<\/p>\n<p>\u27a1\ufe0f Sala Com\u00fan Adultos HCR<br \/>\n&#8211; 3 pacientes de Reconquista, en aislamiento y condici\u00f3n estable.<\/p>\n<p>\u27a1\ufe0f Sala Com\u00fan de Guardia HCR<br \/>\n&#8211; 2 pacientes de Reconquista, en aislamiento y condici\u00f3n estable.<\/p>\n<p>DIAGN\u00d3STICO PRESUNTIVO de COVID-19<br \/>\n\u27a1\ufe0f UTI HCR<br \/>\n&#8211; 1 paciente de Reconquista, en condici\u00f3n inestable con ox\u00edgeno.<\/p>\n<p>\u27a1\ufe0f Sala Com\u00fan Adultos HCR<br \/>\n&#8211; 1 paciente de Reconquista, en aislamiento y condici\u00f3n estable.<\/p>\n<p>\u27a1\ufe0f Hospital de Campa\u00f1a<br \/>\n&#8211; 4 pacientes de Reconquista, en aislamiento y condici\u00f3n estable.<\/p>\n<p>Testeo r\u00e1pido<br \/>\nEl Hospital Central Reconquista increment\u00f3 desde el jueves 9 de octubre las medidas de prevenci\u00f3n sanitaria para la detecci\u00f3n de casos de Covid 19 a trav\u00e9s de la implementaci\u00f3n del testeo r\u00e1pido.<\/p>\n","protected":false},"excerpt":{"rendered":"<p>Se trata de uno de los pacientes que permanec\u00eda en TERAPIA INTENSIVA en el Hospital&#8230;<\/p>\n","protected":false},"author":1,"featured_media":1480,"comment_status":"closed","ping_status":"closed","sticky":false,"template":"","format":"standard","meta":{"footnotes":""},"categories":[49,5],"tags":[30,103,133,32,130,33,42,82,184,80,37,60,73,24],"class_list":["post-1605","post","type-post","status-publish","format-standard","has-post-thumbnail","hentry","category-covid-19","category-locales","tag-aislamiento","tag-contagiados","tag-coronavirus","tag-covid-19","tag-cuarentena","tag-decesos","tag-fallecidos","tag-hospital-central-reconquista","tag-norte-de-santa-fe","tag-pandemia","tag-reconquista","tag-region","tag-salud","tag-urgente"],"featured_image_urls":{"full":["https:\/\/fmnativa.com\/portal\/wp-content\/uploads\/2020\/10\/ULTIMO-MOMENTO.png",610,385,false],"thumbnail":["https:\/\/fmnativa.com\/portal\/wp-content\/uploads\/2020\/10\/ULTIMO-MOMENTO-150x150.png",150,150,true],"medium":["https:\/\/fmnativa.com\/portal\/wp-content\/uploads\/2020\/10\/ULTIMO-MOMENTO-300x189.png",300,189,true],"medium_large":["https:\/\/fmnativa.com\/portal\/wp-content\/uploads\/2020\/10\/ULTIMO-MOMENTO.png",610,385,false],"large":["https:\/\/fmnativa.com\/portal\/wp-content\/uploads\/2020\/10\/ULTIMO-MOMENTO.png",610,385,false],"1536x1536":["https:\/\/fmnativa.com\/portal\/wp-content\/uploads\/2020\/10\/ULTIMO-MOMENTO.png",610,385,false],"2048x2048":["https:\/\/fmnativa.com\/portal\/wp-content\/uploads\/2020\/10\/ULTIMO-MOMENTO.png",610,385,false],"covernews-slider-full":["https:\/\/fmnativa.com\/portal\/wp-content\/uploads\/2020\/10\/ULTIMO-MOMENTO.png",610,385,false],"covernews-slider-center":["https:\/\/fmnativa.com\/portal\/wp-content\/uploads\/2020\/10\/ULTIMO-MOMENTO.png",610,385,false],"covernews-featured":["https:\/\/fmnativa.com\/portal\/wp-content\/uploads\/2020\/10\/ULTIMO-MOMENTO.png",610,385,false],"covernews-medium":["https:\/\/fmnativa.com\/portal\/wp-content\/uploads\/2020\/10\/ULTIMO-MOMENTO.png",540,340,false],"covernews-medium-square":["https:\/\/fmnativa.com\/portal\/wp-content\/uploads\/2020\/10\/ULTIMO-MOMENTO.png",396,250,false]},"author_info":{"info":["Fabian"]},"category_info":"<a href=\"https:\/\/fmnativa.com\/portal\/category\/covid-19\/\" rel=\"category tag\">COVID 19<\/a> <a href=\"https:\/\/fmnativa.com\/portal\/category\/locales\/\" rel=\"category tag\">LOCALES<\/a>","tag_info":"LOCALES","comment_count":"0","_links":{"self":[{"href":"https:\/\/fmnativa.com\/portal\/wp-json\/wp\/v2\/posts\/1605","targetHints":{"allow":["GET"]}}],"collection":[{"href":"https:\/\/fmnativa.com\/portal\/wp-json\/wp\/v2\/posts"}],"about":[{"href":"https:\/\/fmnativa.com\/portal\/wp-json\/wp\/v2\/types\/post"}],"author":[{"embeddable":true,"href":"https:\/\/fmnativa.com\/portal\/wp-json\/wp\/v2\/users\/1"}],"replies":[{"embeddable":true,"href":"https:\/\/fmnativa.com\/portal\/wp-json\/wp\/v2\/comments?post=1605"}],"version-history":[{"count":2,"href":"https:\/\/fmnativa.com\/portal\/wp-json\/wp\/v2\/posts\/1605\/revisions"}],"predecessor-version":[{"id":1607,"href":"https:\/\/fmnativa.com\/portal\/wp-json\/wp\/v2\/posts\/1605\/revisions\/1607"}],"wp:featuredmedia":[{"embeddable":true,"href":"https:\/\/fmnativa.com\/portal\/wp-json\/wp\/v2\/media\/1480"}],"wp:attachment":[{"href":"https:\/\/fmnativa.com\/portal\/wp-json\/wp\/v2\/media?parent=1605"}],"wp:term":[{"taxonomy":"category","embeddable":true,"href":"https:\/\/fmnativa.com\/portal\/wp-json\/wp\/v2\/categories?post=1605"},{"taxonomy":"post_tag","embeddable":true,"href":"https:\/\/fmnativa.com\/portal\/wp-json\/wp\/v2\/tags?post=1605"}],"curies":[{"name":"wp","href":"https:\/\/api.w.org\/{rel}","templated":true}]}}