{"id":1610,"date":"2020-10-09T18:01:49","date_gmt":"2020-10-09T21:01:49","guid":{"rendered":"https:\/\/fmnativa.com\/portal\/?p=1610"},"modified":"2020-10-09T18:01:49","modified_gmt":"2020-10-09T21:01:49","slug":"coronavirus-se-complica-la-situacion-en-la-region-especialmente-en-reconquista","status":"publish","type":"post","link":"https:\/\/fmnativa.com\/portal\/2020\/10\/09\/coronavirus-se-complica-la-situacion-en-la-region-especialmente-en-reconquista\/","title":{"rendered":"Coronavirus &#8211; SE COMPLICA LA SITUACION EN LA REGION, ESPECIALMENTE EN RECONQUISTA"},"content":{"rendered":"<div id=\"fb-root\"><\/div>\n<p>Al <strong>fallecimiento<\/strong> de hoy a la ma\u00f1ana, se agregan ahora <strong>21 Casos Positivos nuevos<\/strong>, de los cuales <strong>16 son de Reconquista,<\/strong> reportados en un inusual informe que env\u00eda, por la tarde (generalmente env\u00edan bien avanzada la noche) la Regi\u00f3n de Salud Reconquista, el que nos llega con la aclaraci\u00f3n PRIMER INFORME DEL DIA<\/p>\n<p>Dicho informe comienza diciendo: <strong>Se reportaron 21 casos positivos en la regi\u00f3n<\/strong><br \/>\nLa Regi\u00f3n de Salud Reconquista informa a la poblaci\u00f3n que este viernes 9 de octubre, al momento de emitir este Informe, se reportaron 21 casos de Covid-19 positivo: <em><strong>16 Reconquista<\/strong><\/em>; <strong><em>1 Villa Ocampo<\/em><\/strong>; <em><strong>1 Villa Guillermina<\/strong><\/em>; <strong><em>1 Villa Ana<\/em><\/strong>;<em><strong> 2 Avellaneda<\/strong><\/em>.<\/p>\n<p>Al 9 de octubre hay 11 localidades, en el \u00e1rea de influencia de la Regi\u00f3n de Salud Reconquista, con casos activos de Coronavirus: Reconquista, Avellaneda, Villa Ana; Ingeniero Chanourdi\u00e9; Villa Ocampo, Tacuarend\u00ed, San Antonio de Obligado; Las Toscas; Campo Hardy; Villa Guillermina y Florencia.<\/p>\n<div style=\"clear:both; margin-top:0em; margin-bottom:1em;\"><a href=\"https:\/\/fmnativa.com\/portal\/2020\/10\/09\/coronavirus-fallecio-uno-de-los-internados-en-reconquista\/\" target=\"_blank\" rel=\"nofollow\" class=\"u7e66e7e3a7ac7a6a61534260f4611dae\"><style> .u7e66e7e3a7ac7a6a61534260f4611dae { padding:0px; margin: 0; padding-top:1em!important; padding-bottom:1em!important; width:100%; display: block; font-weight:bold; background-color:#eaeaea; border:0!important; border-left:4px solid #34495E!important; text-decoration:none; } .u7e66e7e3a7ac7a6a61534260f4611dae:active, .u7e66e7e3a7ac7a6a61534260f4611dae:hover { opacity: 1; transition: opacity 250ms; webkit-transition: opacity 250ms; text-decoration:none; } .u7e66e7e3a7ac7a6a61534260f4611dae { transition: background-color 250ms; webkit-transition: background-color 250ms; opacity: 1; transition: opacity 250ms; webkit-transition: opacity 250ms; } .u7e66e7e3a7ac7a6a61534260f4611dae .ctaText { font-weight:bold; color:#D35400; text-decoration:none; font-size: 16px; } .u7e66e7e3a7ac7a6a61534260f4611dae .postTitle { color:#000000; text-decoration: underline!important; font-size: 16px; } .u7e66e7e3a7ac7a6a61534260f4611dae:hover .postTitle { text-decoration: underline!important; } <\/style><div style=\"padding-left:1em; padding-right:1em;\"><span class=\"ctaText\">Lea tambi\u00e9n<\/span>&nbsp; <span class=\"postTitle\">Coronavirus - FALLECIO UNO DE LOS PACIENTES INTERNADOS EN RECONQUISTA<\/span><\/div><\/a><\/div>\n<p>Total de casos activos a la fecha en la regi\u00f3n: 119 (108 cumpliendo aislamientos domiciliario obligatorio con vigilancia epidemiol\u00f3gica, 11 internados).<\/p>\n<p>INFORME DE LA TARDE<\/p>\n<a href=\"https:\/\/fmnativa.com\/portal\/wp-content\/uploads\/2020\/10\/Informe-diario-9-de-Octubre-2020-1-INFORME.pdf\" class=\"pdfemb-viewer\" style=\"\" data-width=\"max\" data-height=\"max\" data-toolbar=\"bottom\" data-toolbar-fixed=\"off\">Informe diario 9 de Octubre 2020- 1 INFORME<\/a>\n","protected":false},"excerpt":{"rendered":"<p>Al fallecimiento de hoy a la ma\u00f1ana, se agregan ahora 21 Casos Positivos nuevos, de&#8230;<\/p>\n","protected":false},"author":1,"featured_media":201,"comment_status":"closed","ping_status":"closed","sticky":false,"template":"","format":"standard","meta":{"footnotes":""},"categories":[49,6],"tags":[30,16,103,133,130,42,82,184,60,73,24],"class_list":["post-1610","post","type-post","status-publish","format-standard","has-post-thumbnail","hentry","category-covid-19","category-regionales","tag-aislamiento","tag-avellaneda","tag-contagiados","tag-coronavirus","tag-cuarentena","tag-fallecidos","tag-hospital-central-reconquista","tag-norte-de-santa-fe","tag-region","tag-salud","tag-urgente"],"featured_image_urls":{"full":["https:\/\/fmnativa.com\/portal\/wp-content\/uploads\/2020\/08\/AAA-CORONAVIRUS-ES-BUENO-SABERLO.jpg",640,480,false],"thumbnail":["https:\/\/fmnativa.com\/portal\/wp-content\/uploads\/2020\/08\/AAA-CORONAVIRUS-ES-BUENO-SABERLO-150x150.jpg",150,150,true],"medium":["https:\/\/fmnativa.com\/portal\/wp-content\/uploads\/2020\/08\/AAA-CORONAVIRUS-ES-BUENO-SABERLO-300x225.jpg",300,225,true],"medium_large":["https:\/\/fmnativa.com\/portal\/wp-content\/uploads\/2020\/08\/AAA-CORONAVIRUS-ES-BUENO-SABERLO.jpg",640,480,false],"large":["https:\/\/fmnativa.com\/portal\/wp-content\/uploads\/2020\/08\/AAA-CORONAVIRUS-ES-BUENO-SABERLO.jpg",640,480,false],"1536x1536":["https:\/\/fmnativa.com\/portal\/wp-content\/uploads\/2020\/08\/AAA-CORONAVIRUS-ES-BUENO-SABERLO.jpg",640,480,false],"2048x2048":["https:\/\/fmnativa.com\/portal\/wp-content\/uploads\/2020\/08\/AAA-CORONAVIRUS-ES-BUENO-SABERLO.jpg",640,480,false],"covernews-slider-full":["https:\/\/fmnativa.com\/portal\/wp-content\/uploads\/2020\/08\/AAA-CORONAVIRUS-ES-BUENO-SABERLO.jpg",640,480,false],"covernews-slider-center":["https:\/\/fmnativa.com\/portal\/wp-content\/uploads\/2020\/08\/AAA-CORONAVIRUS-ES-BUENO-SABERLO.jpg",640,480,false],"covernews-featured":["https:\/\/fmnativa.com\/portal\/wp-content\/uploads\/2020\/08\/AAA-CORONAVIRUS-ES-BUENO-SABERLO.jpg",640,480,false],"covernews-medium":["https:\/\/fmnativa.com\/portal\/wp-content\/uploads\/2020\/08\/AAA-CORONAVIRUS-ES-BUENO-SABERLO.jpg",453,340,false],"covernews-medium-square":["https:\/\/fmnativa.com\/portal\/wp-content\/uploads\/2020\/08\/AAA-CORONAVIRUS-ES-BUENO-SABERLO.jpg",333,250,false]},"author_info":{"info":["Fabian"]},"category_info":"<a href=\"https:\/\/fmnativa.com\/portal\/category\/covid-19\/\" rel=\"category tag\">COVID 19<\/a> <a href=\"https:\/\/fmnativa.com\/portal\/category\/regionales\/\" rel=\"category tag\">REGIONALES<\/a>","tag_info":"REGIONALES","comment_count":"0","_links":{"self":[{"href":"https:\/\/fmnativa.com\/portal\/wp-json\/wp\/v2\/posts\/1610","targetHints":{"allow":["GET"]}}],"collection":[{"href":"https:\/\/fmnativa.com\/portal\/wp-json\/wp\/v2\/posts"}],"about":[{"href":"https:\/\/fmnativa.com\/portal\/wp-json\/wp\/v2\/types\/post"}],"author":[{"embeddable":true,"href":"https:\/\/fmnativa.com\/portal\/wp-json\/wp\/v2\/users\/1"}],"replies":[{"embeddable":true,"href":"https:\/\/fmnativa.com\/portal\/wp-json\/wp\/v2\/comments?post=1610"}],"version-history":[{"count":1,"href":"https:\/\/fmnativa.com\/portal\/wp-json\/wp\/v2\/posts\/1610\/revisions"}],"predecessor-version":[{"id":1612,"href":"https:\/\/fmnativa.com\/portal\/wp-json\/wp\/v2\/posts\/1610\/revisions\/1612"}],"wp:featuredmedia":[{"embeddable":true,"href":"https:\/\/fmnativa.com\/portal\/wp-json\/wp\/v2\/media\/201"}],"wp:attachment":[{"href":"https:\/\/fmnativa.com\/portal\/wp-json\/wp\/v2\/media?parent=1610"}],"wp:term":[{"taxonomy":"category","embeddable":true,"href":"https:\/\/fmnativa.com\/portal\/wp-json\/wp\/v2\/categories?post=1610"},{"taxonomy":"post_tag","embeddable":true,"href":"https:\/\/fmnativa.com\/portal\/wp-json\/wp\/v2\/tags?post=1610"}],"curies":[{"name":"wp","href":"https:\/\/api.w.org\/{rel}","templated":true}]}}