{"id":1614,"date":"2020-10-09T19:33:33","date_gmt":"2020-10-09T22:33:33","guid":{"rendered":"https:\/\/fmnativa.com\/portal\/?p=1614"},"modified":"2020-10-09T19:33:33","modified_gmt":"2020-10-09T22:33:33","slug":"la-provincia-evalua-la-vuelta-a-la-presencialidad-en-50-escuelas-del-centro-norte-santafesino","status":"publish","type":"post","link":"https:\/\/fmnativa.com\/portal\/2020\/10\/09\/la-provincia-evalua-la-vuelta-a-la-presencialidad-en-50-escuelas-del-centro-norte-santafesino\/","title":{"rendered":"La provincia eval\u00faa la vuelta a la presencialidad en 50 escuelas del centro norte santafesino"},"content":{"rendered":"<div id=\"fb-root\"><\/div>\n<p>Lo afirm\u00f3 la ministra Adriana Cantero, luego de participar del Consejo Federal de Educaci\u00f3n. El gobierno provincial y la Naci\u00f3n destinar\u00e1n fondos para la adquisici\u00f3n de equipamiento sanitario y la compra permanente de insumos en todos los establecimientos educativos.<\/p>\n<p>La ministra de Educaci\u00f3n de la provincia, Adriana Cantero, brind\u00f3 precisiones acerca de los puntos que se acordaron en un nuevo encuentro del Consejo Federal de Educaci\u00f3n que fue convocado por el ministro de Educaci\u00f3n de la Naci\u00f3n, Nicol\u00e1s Trotta y del que participaron adem\u00e1s sus pares de todas las provincias. Durante el mismo, se aprob\u00f3 por unanimidad, un marco de an\u00e1lisis y evaluaci\u00f3n de riesgo epidemiol\u00f3gico, que deber\u00e1 ser tenido en cuenta por cada provincia a la hora de tomar la decisi\u00f3n del retorno progresivo a las clases presenciales.<\/p>\n<p>En este sentido, Cantero expres\u00f3 que \u201chemos acordado por unanimidad una resoluci\u00f3n federal sobre los criterios de riesgo que debemos estar observando a la hora de poder posibilitar la vuelta a un espacio de presencialidad en cada una de las provincias, departamentos o localidades en funci\u00f3n de c\u00f3mo est\u00e1n las curvas de contagio porque como siempre decimos la salud est\u00e1 primero\u201d.<\/p>\n<p>Asimismo, la ministra precis\u00f3 que \u201cnosotros estar\u00edamos en condiciones de empezar gradualmente y escalonadamente las primeras experiencias en la ruralidad, y para eso estamos pensando en una primera muestra de un grupo de escuelas que re\u00fanen todas las condiciones de seguridad sanitaria para comenzar el dispositivo de presencialidad. Por ello estamos trabajado con sus directivos, supervisores y directores regionales en el centro norte de la provincia\u201d.<\/p>\n<p>Respecto a la posibilidad de extensi\u00f3n del ciclo lectivo, Cantero afirm\u00f3 que \u201cno hemos hablado de extender el ciclo lectivo, lo que si pensamos que el tiempo que antes se dedicaba a los ex\u00e1menes o a instancias de recuperaci\u00f3n, van a ser utilizados en intensificaci\u00f3n pedag\u00f3gica sobre todo de los grupos prioritarios, esto es final de escuela primaria, final de escuela secundaria y comienzo de la escolaridad primaria\u201d.<\/p>\n<p>50 escuelas con posibilidad de retorno<br \/>\nSeguidamente, Cantero aclar\u00f3 cu\u00e1les ser\u00edan las instituciones escolares que podr\u00edan volver a la presencialidad expresando que \u201cestar\u00edamos pensando en una primera etapa de 50 escuelas diseminadas en distintos departamentos del centro norte provincial que est\u00e1n hoy con todas las condiciones sanitarias. Esto significa que sus maestros no se trasladan de localidades o parajes que han tenido Covid, sino que no tienen Covid en la localidad y cuentan con los edificios en condiciones seguras, que tienen los recursos humanos necesarios, que ya tienen implementado el protocolo de la desinfecci\u00f3n y la limpieza y d\u00f3nde estamos pensando para ellos una propuesta pedag\u00f3gica\u201d.<\/p>\n<p>Adem\u00e1s, la titular de la cartera educativa provincial asegur\u00f3 que \u201cla semana que viene estar\u00edamos pensando un cronograma de primera vuelta a clases de directivos y asistentes escolares y en breve la vuelta de las alumnas y alumnos a estas escuelas rurales. Esta primera muestra tendr\u00eda unas 50 escuelas y unos 850 o 900 alumnos y es el primer escal\u00f3n de la posible vuelta a la presencialidad en la ruralidad\u201d.<\/p>\n<p>Fondos para escuelas<br \/>\nM\u00e1s adelante, Cantero se refiri\u00f3 a las acciones tendientes a garantizar la adecuaci\u00f3n de la infraestructura edilicia manifestando que \u201cla semana que viene todas las escuelas del territorio provincial van a recibir la suma de $70.000 para adquisici\u00f3n de lavamanos, la adecuaci\u00f3n de los espacios de circulaci\u00f3n, y la tarjeta que ha destinado el gobierno nacional para todas las escuelas santafesinas con cifras que van entre los $ 10.000 a los $ 50.000, seg\u00fan la matr\u00edcula, para la compra permanente de insumos que requieren los protocolos. Adem\u00e1s estamos refaccionando, sanitarios, techos, instalaciones, porque lo que no dejamos de hacer es poner en condiciones todos los edificios\u201d.<\/p>\n<p>\u201cCuando est\u00e9n dadas las condiciones vamos a iniciar el trabajo en la presencialidad as\u00ed sea por pocos d\u00edas, por eso tenemos que poner todos los edificios en condiciones sanitarias, porque la escuela que se viene es una escuela donde salud y educaci\u00f3n van a tener que articular toda la pr\u00e1ctica diaria\u201d, confirm\u00f3 Cantero.<\/p>\n<p>La necesidad de una Santa Fe m\u00e1s conectada<br \/>\nPor \u00faltimo, en referencia a la importancia de la presencialidad en la educaci\u00f3n, Adriana Cantero manifest\u00f3 que \u201cnada sustituye el v\u00ednculo presencial. Hemos comprobado que es absolutamente necesaria la tecnolog\u00eda pero no suficiente, por eso estamos trabajando tambi\u00e9n, con el programa Santa Fe + Conectada, para que ese recurso digital est\u00e9 disponible para toda la comunidad, pero seguimos trabajando para que nuestras escuelas est\u00e9n preparadas en lo que nosotros llamamos una escuela post pandemia\u201d.<\/p>\n","protected":false},"excerpt":{"rendered":"<p>Lo afirm\u00f3 la ministra Adriana Cantero, luego de participar del Consejo Federal de Educaci\u00f3n. El&#8230;<\/p>\n","protected":false},"author":1,"featured_media":1615,"comment_status":"closed","ping_status":"closed","sticky":false,"template":"","format":"standard","meta":{"footnotes":""},"categories":[7],"tags":[326,26,246,457],"class_list":["post-1614","post","type-post","status-publish","format-standard","has-post-thumbnail","hentry","category-provinciales","tag-cantero","tag-educacion","tag-provincia-de-santa-fe","tag-vuelta-a-clases"],"featured_image_urls":{"full":["https:\/\/fmnativa.com\/portal\/wp-content\/uploads\/2020\/10\/1-26.jpg",1280,718,false],"thumbnail":["https:\/\/fmnativa.com\/portal\/wp-content\/uploads\/2020\/10\/1-26-150x150.jpg",150,150,true],"medium":["https:\/\/fmnativa.com\/portal\/wp-content\/uploads\/2020\/10\/1-26-300x168.jpg",300,168,true],"medium_large":["https:\/\/fmnativa.com\/portal\/wp-content\/uploads\/2020\/10\/1-26-768x431.jpg",640,359,true],"large":["https:\/\/fmnativa.com\/portal\/wp-content\/uploads\/2020\/10\/1-26-1024x574.jpg",640,359,true],"1536x1536":["https:\/\/fmnativa.com\/portal\/wp-content\/uploads\/2020\/10\/1-26.jpg",1280,718,false],"2048x2048":["https:\/\/fmnativa.com\/portal\/wp-content\/uploads\/2020\/10\/1-26.jpg",1280,718,false],"covernews-slider-full":["https:\/\/fmnativa.com\/portal\/wp-content\/uploads\/2020\/10\/1-26.jpg",1115,625,false],"covernews-slider-center":["https:\/\/fmnativa.com\/portal\/wp-content\/uploads\/2020\/10\/1-26.jpg",800,449,false],"covernews-featured":["https:\/\/fmnativa.com\/portal\/wp-content\/uploads\/2020\/10\/1-26.jpg",1024,574,false],"covernews-medium":["https:\/\/fmnativa.com\/portal\/wp-content\/uploads\/2020\/10\/1-26.jpg",540,303,false],"covernews-medium-square":["https:\/\/fmnativa.com\/portal\/wp-content\/uploads\/2020\/10\/1-26.jpg",400,224,false]},"author_info":{"info":["Fabian"]},"category_info":"<a href=\"https:\/\/fmnativa.com\/portal\/category\/provinciales\/\" rel=\"category tag\">PROVINCIALES<\/a>","tag_info":"PROVINCIALES","comment_count":"0","_links":{"self":[{"href":"https:\/\/fmnativa.com\/portal\/wp-json\/wp\/v2\/posts\/1614","targetHints":{"allow":["GET"]}}],"collection":[{"href":"https:\/\/fmnativa.com\/portal\/wp-json\/wp\/v2\/posts"}],"about":[{"href":"https:\/\/fmnativa.com\/portal\/wp-json\/wp\/v2\/types\/post"}],"author":[{"embeddable":true,"href":"https:\/\/fmnativa.com\/portal\/wp-json\/wp\/v2\/users\/1"}],"replies":[{"embeddable":true,"href":"https:\/\/fmnativa.com\/portal\/wp-json\/wp\/v2\/comments?post=1614"}],"version-history":[{"count":1,"href":"https:\/\/fmnativa.com\/portal\/wp-json\/wp\/v2\/posts\/1614\/revisions"}],"predecessor-version":[{"id":1616,"href":"https:\/\/fmnativa.com\/portal\/wp-json\/wp\/v2\/posts\/1614\/revisions\/1616"}],"wp:featuredmedia":[{"embeddable":true,"href":"https:\/\/fmnativa.com\/portal\/wp-json\/wp\/v2\/media\/1615"}],"wp:attachment":[{"href":"https:\/\/fmnativa.com\/portal\/wp-json\/wp\/v2\/media?parent=1614"}],"wp:term":[{"taxonomy":"category","embeddable":true,"href":"https:\/\/fmnativa.com\/portal\/wp-json\/wp\/v2\/categories?post=1614"},{"taxonomy":"post_tag","embeddable":true,"href":"https:\/\/fmnativa.com\/portal\/wp-json\/wp\/v2\/tags?post=1614"}],"curies":[{"name":"wp","href":"https:\/\/api.w.org\/{rel}","templated":true}]}}