{"id":1660,"date":"2020-10-12T13:44:19","date_gmt":"2020-10-12T16:44:19","guid":{"rendered":"https:\/\/fmnativa.com\/portal\/?p=1660"},"modified":"2020-10-12T13:44:19","modified_gmt":"2020-10-12T16:44:19","slug":"reconquista-hubo-reunion-de-trabajo-entre-directivos-de-las-distintas-areas-de-salud","status":"publish","type":"post","link":"https:\/\/fmnativa.com\/portal\/2020\/10\/12\/reconquista-hubo-reunion-de-trabajo-entre-directivos-de-las-distintas-areas-de-salud\/","title":{"rendered":"Reconquista &#8211; HUBO REUNION DE TRABAJO ENTRE DIRECTIVOS DE LAS DISTINTAS AREAS DE SALUD"},"content":{"rendered":"<div id=\"fb-root\"><\/div>\n<p><strong>La misma fue encabezada por el Intendente Vallejos, y all\u00ed se realiz\u00f3 una evaluaci\u00f3n exhaustiva del estado de situaci\u00f3n de la ciudad y del funcionamiento del Hospital Central Reconquista.<\/strong><\/p>\n<div style=\"clear:both; margin-top:0em; margin-bottom:1em;\"><a href=\"https:\/\/fmnativa.com\/portal\/2020\/10\/11\/coronavirus-hoy-reportan-3-nuevos-casos-en-reconquista-y-2-en-avellaneda\/\" target=\"_blank\" rel=\"nofollow\" class=\"uc78d6b1c70c997f75bd47f1ece8c5848\"><style> .uc78d6b1c70c997f75bd47f1ece8c5848 { padding:0px; margin: 0; padding-top:1em!important; padding-bottom:1em!important; width:100%; display: block; font-weight:bold; background-color:#eaeaea; border:0!important; border-left:4px solid #34495E!important; text-decoration:none; } .uc78d6b1c70c997f75bd47f1ece8c5848:active, .uc78d6b1c70c997f75bd47f1ece8c5848:hover { opacity: 1; transition: opacity 250ms; webkit-transition: opacity 250ms; text-decoration:none; } .uc78d6b1c70c997f75bd47f1ece8c5848 { transition: background-color 250ms; webkit-transition: background-color 250ms; opacity: 1; transition: opacity 250ms; webkit-transition: opacity 250ms; } .uc78d6b1c70c997f75bd47f1ece8c5848 .ctaText { font-weight:bold; color:#D35400; text-decoration:none; font-size: 16px; } .uc78d6b1c70c997f75bd47f1ece8c5848 .postTitle { color:#000000; text-decoration: underline!important; font-size: 16px; } .uc78d6b1c70c997f75bd47f1ece8c5848:hover .postTitle { text-decoration: underline!important; } <\/style><div style=\"padding-left:1em; padding-right:1em;\"><span class=\"ctaText\">Lea tambi\u00e9n<\/span>&nbsp; <span class=\"postTitle\">Coronavirus - HOY REPORTAN 3 NUEVOS CASOS EN RECONQUISTA Y 2 EN AVELLANEDA<\/span><\/div><\/a><\/div>\n<p><em><strong>Esta tarde a las 18 en la Casa del Bicentenario, se llevar\u00e1 adelante una reunion extraordinaria del Comite de Crisis Covid 19 Local, para determinar como se sigue la cuarentena, finalizada la misma se desarrollar\u00e1 una conferencia de prensa.<\/strong><\/em><\/p>\n<p><strong>LA REUNION DE HOY EN LA MA\u00d1ANA.<\/strong><\/p>\n<p>El Intendente Dr. Amadeo Enrique Vallejos encabez\u00f3, en la ma\u00f1ana del lunes 12 de octubre, una reuni\u00f3n de trabajo junto a autoridades y directivos de las distintas \u00e1reas de la salud p\u00fablica y privada de Reconquista.<\/p>\n<p>Con la presencia de representantes de todos los sectores que trabajan peri\u00f3dicamente ante la emergencia epidemiol\u00f3gica por el Covid \u2013 19, se realiz\u00f3 una evaluaci\u00f3n exhaustiva del estado de situaci\u00f3n de la ciudad y del funcionamiento del Hospital Central Reconquista, Hospital de Campa\u00f1a, sanatorios, cl\u00ednicas y centros de aislamiento.<\/p>\n<div style=\"clear:both; margin-top:0em; margin-bottom:1em;\"><a href=\"https:\/\/fmnativa.com\/portal\/2020\/10\/11\/coronavirus-1-577-nuevos-casos-en-la-provincia-y-10-fallecidos\/\" target=\"_blank\" rel=\"nofollow\" class=\"u9d9153c4a00b16f68069669ca6c76028\"><style> .u9d9153c4a00b16f68069669ca6c76028 { padding:0px; margin: 0; padding-top:1em!important; padding-bottom:1em!important; width:100%; display: block; font-weight:bold; background-color:#eaeaea; border:0!important; border-left:4px solid #34495E!important; text-decoration:none; } .u9d9153c4a00b16f68069669ca6c76028:active, .u9d9153c4a00b16f68069669ca6c76028:hover { opacity: 1; transition: opacity 250ms; webkit-transition: opacity 250ms; text-decoration:none; } .u9d9153c4a00b16f68069669ca6c76028 { transition: background-color 250ms; webkit-transition: background-color 250ms; opacity: 1; transition: opacity 250ms; webkit-transition: opacity 250ms; } .u9d9153c4a00b16f68069669ca6c76028 .ctaText { font-weight:bold; color:#D35400; text-decoration:none; font-size: 16px; } .u9d9153c4a00b16f68069669ca6c76028 .postTitle { color:#000000; text-decoration: underline!important; font-size: 16px; } .u9d9153c4a00b16f68069669ca6c76028:hover .postTitle { text-decoration: underline!important; } <\/style><div style=\"padding-left:1em; padding-right:1em;\"><span class=\"ctaText\">Lea tambi\u00e9n<\/span>&nbsp; <span class=\"postTitle\">Coronavirus - 1.577 nuevos casos en la provincia y 10 fallecidos<\/span><\/div><\/a><\/div>\n<p>El objetivo del an\u00e1lisis es tomar las medidas preventivas necesarias para los pr\u00f3ximos d\u00edas y coordinar acciones en todas las instalaciones sanitarias para que el sistema de salud siga brindando respuesta en materia de infraestructura, equipos m\u00e9dicos y recursos humanos ante el aumento de casos que afecta a toda la regi\u00f3n.<\/p>\n<p>Acompa\u00f1aron al Intendente Municipal Dr. Amadeo Enrique Vallejos la titular de la Regi\u00f3n de Salud, Dra. Leira Mansur; el Director del Hospital Central Reconquista, Lic. Rub\u00e9n Correa; el Subdirector del HCR, Dr. Fabi\u00e1n Nuzzarello; el Director de Infectolog\u00eda del HCR, Dr. Juan Carlos Zanuttini; la Jefa de Infectolog\u00eda del HCR, Dra. Lucila Frey; y los representantes de distintas \u00e1reas de la salud p\u00fablica y privada Dr. Gerardo Rodgers, Dr. Alejandro Mansur, Dr. Mauro Dutto, Dr. Manuel Pereyra, Dra. Zulema Furrer, Lic. Ainelen Radosevich, Bioq. Ana Muchiut, Eduardo Chapero, Silvana Caparelli, Mabel Godoy, Claudia Tortul, Dra. Carolina Cardozo y Estela L\u00f3pez.<\/p>\n","protected":false},"excerpt":{"rendered":"<p>La misma fue encabezada por el Intendente Vallejos, y all\u00ed se realiz\u00f3 una evaluaci\u00f3n exhaustiva&#8230;<\/p>\n","protected":false},"author":1,"featured_media":1661,"comment_status":"closed","ping_status":"closed","sticky":false,"template":"","format":"standard","meta":{"footnotes":""},"categories":[49,5],"tags":[30,103,133,32,130,37,73],"class_list":["post-1660","post","type-post","status-publish","format-standard","has-post-thumbnail","hentry","category-covid-19","category-locales","tag-aislamiento","tag-contagiados","tag-coronavirus","tag-covid-19","tag-cuarentena","tag-reconquista","tag-salud"],"featured_image_urls":{"full":["https:\/\/fmnativa.com\/portal\/wp-content\/uploads\/2020\/10\/1-3.jpeg",1280,671,false],"thumbnail":["https:\/\/fmnativa.com\/portal\/wp-content\/uploads\/2020\/10\/1-3-150x150.jpeg",150,150,true],"medium":["https:\/\/fmnativa.com\/portal\/wp-content\/uploads\/2020\/10\/1-3-300x157.jpeg",300,157,true],"medium_large":["https:\/\/fmnativa.com\/portal\/wp-content\/uploads\/2020\/10\/1-3-768x403.jpeg",640,336,true],"large":["https:\/\/fmnativa.com\/portal\/wp-content\/uploads\/2020\/10\/1-3-1024x537.jpeg",640,336,true],"1536x1536":["https:\/\/fmnativa.com\/portal\/wp-content\/uploads\/2020\/10\/1-3.jpeg",1280,671,false],"2048x2048":["https:\/\/fmnativa.com\/portal\/wp-content\/uploads\/2020\/10\/1-3.jpeg",1280,671,false],"covernews-slider-full":["https:\/\/fmnativa.com\/portal\/wp-content\/uploads\/2020\/10\/1-3.jpeg",1115,585,false],"covernews-slider-center":["https:\/\/fmnativa.com\/portal\/wp-content\/uploads\/2020\/10\/1-3.jpeg",800,419,false],"covernews-featured":["https:\/\/fmnativa.com\/portal\/wp-content\/uploads\/2020\/10\/1-3.jpeg",1024,537,false],"covernews-medium":["https:\/\/fmnativa.com\/portal\/wp-content\/uploads\/2020\/10\/1-3.jpeg",540,283,false],"covernews-medium-square":["https:\/\/fmnativa.com\/portal\/wp-content\/uploads\/2020\/10\/1-3.jpeg",400,210,false]},"author_info":{"info":["Fabian"]},"category_info":"<a href=\"https:\/\/fmnativa.com\/portal\/category\/covid-19\/\" rel=\"category tag\">COVID 19<\/a> <a href=\"https:\/\/fmnativa.com\/portal\/category\/locales\/\" rel=\"category tag\">LOCALES<\/a>","tag_info":"LOCALES","comment_count":"0","_links":{"self":[{"href":"https:\/\/fmnativa.com\/portal\/wp-json\/wp\/v2\/posts\/1660","targetHints":{"allow":["GET"]}}],"collection":[{"href":"https:\/\/fmnativa.com\/portal\/wp-json\/wp\/v2\/posts"}],"about":[{"href":"https:\/\/fmnativa.com\/portal\/wp-json\/wp\/v2\/types\/post"}],"author":[{"embeddable":true,"href":"https:\/\/fmnativa.com\/portal\/wp-json\/wp\/v2\/users\/1"}],"replies":[{"embeddable":true,"href":"https:\/\/fmnativa.com\/portal\/wp-json\/wp\/v2\/comments?post=1660"}],"version-history":[{"count":1,"href":"https:\/\/fmnativa.com\/portal\/wp-json\/wp\/v2\/posts\/1660\/revisions"}],"predecessor-version":[{"id":1662,"href":"https:\/\/fmnativa.com\/portal\/wp-json\/wp\/v2\/posts\/1660\/revisions\/1662"}],"wp:featuredmedia":[{"embeddable":true,"href":"https:\/\/fmnativa.com\/portal\/wp-json\/wp\/v2\/media\/1661"}],"wp:attachment":[{"href":"https:\/\/fmnativa.com\/portal\/wp-json\/wp\/v2\/media?parent=1660"}],"wp:term":[{"taxonomy":"category","embeddable":true,"href":"https:\/\/fmnativa.com\/portal\/wp-json\/wp\/v2\/categories?post=1660"},{"taxonomy":"post_tag","embeddable":true,"href":"https:\/\/fmnativa.com\/portal\/wp-json\/wp\/v2\/tags?post=1660"}],"curies":[{"name":"wp","href":"https:\/\/api.w.org\/{rel}","templated":true}]}}