{"id":1685,"date":"2020-10-12T23:32:54","date_gmt":"2020-10-13T02:32:54","guid":{"rendered":"https:\/\/fmnativa.com\/portal\/?p=1685"},"modified":"2020-10-12T23:45:05","modified_gmt":"2020-10-13T02:45:05","slug":"automovilismo-virtual-corrio-el-turismo-de-carretera","status":"publish","type":"post","link":"https:\/\/fmnativa.com\/portal\/2020\/10\/12\/automovilismo-virtual-corrio-el-turismo-de-carretera\/","title":{"rendered":"Automovilismo Virtual &#8211; Corri\u00f3 el Turismo de Carretera. 4 pilotos de la regi\u00f3n fueron de la partida"},"content":{"rendered":"<div id=\"fb-root\"><\/div>\n<p><img fetchpriority=\"high\" decoding=\"async\" class=\"alignnone size-medium wp-image-1689\" src=\"https:\/\/fmnativa.com\/portal\/wp-content\/uploads\/2020\/10\/1-30-300x170.jpg\" alt=\"\" width=\"300\" height=\"170\" srcset=\"https:\/\/fmnativa.com\/portal\/wp-content\/uploads\/2020\/10\/1-30-300x170.jpg 300w, https:\/\/fmnativa.com\/portal\/wp-content\/uploads\/2020\/10\/1-30-1024x580.jpg 1024w, https:\/\/fmnativa.com\/portal\/wp-content\/uploads\/2020\/10\/1-30-768x435.jpg 768w, https:\/\/fmnativa.com\/portal\/wp-content\/uploads\/2020\/10\/1-30.jpg 1196w\" sizes=\"(max-width: 300px) 100vw, 300px\" \/>Tal como lo adelantaramos ayer en este portal, en la noche de hoy se corri\u00f3 una fecha m\u00e1s del TURISMO DE CARRETERA VIRTUAL, la segunda del campeonato, con presencia de cuatro PILOTOS DE LA REGION<\/p>\n<p><strong>Los mejores ubicados de la regi\u00f3n.<\/strong><br \/>\nCarrera 1 <strong>BRIAN WUTHRICH (8\u00b0)<\/strong><br \/>\nCarrera 2 <strong>JOSE FLORES (5\u00b0)<\/strong><\/p>\n<p>El p\u00f3leman fue el de Tucum\u00e1n LUCAS SALVATIERRA.<\/p>\n<p><strong>AQUI LOS RESULTADOS DE LA COMPETENCIA<\/strong><\/p>\n<p>CLASIFICACION Lucas Salvatierra T 1:28:222<\/p>\n<p><strong>CARRERA 1 (Grilla invertida clasificacion)<\/strong><br \/>\nPos. Usuario<br \/>\n1 Patricio Barra M<br \/>\n2 Lucas Caceres M<br \/>\n3 Luciano Condo VB<br \/>\n4 Sergio Schiavelli VB<br \/>\n5 Sergio DeSimone VB<br \/>\n6 Lucas Salvatierra T<br \/>\n7 Lucas Boiko VB<br \/>\n<strong>8 Brian Wuthrich REC<\/strong><br \/>\n9 Pablo Iglesias VB<br \/>\n<strong>10 Sebastian Flores REC<\/strong><br \/>\n<strong>11 Jose Flores REC<\/strong><br \/>\n12 Adrian Marder T<br \/>\n13 Jose IbarraHussem T<br \/>\n14 Lucas Guerrero T<br \/>\n15 Fabian Betancort M<br \/>\n<strong>16 Hugo Bressan REC <\/strong>(abandono por inconvenientes mec\u00e1nicos)<br \/>\n17 Martin Mambretti VB<br \/>\n18 Nicolas Contrera VB<\/p>\n<p>INSIDENCIAS:<br \/>\nPatricio Barra M APERCIBIMIENTO. CORTE DE PISTA<br \/>\nJose Flores REC RECARGO +20 SEG. IMPACTO A IGLESIAS<br \/>\nAdrian Marder T RECARGO +5 SEG. IMPACTO A DE SIMONE<br \/>\nNicolas Contrera VB EXCLUSION. IMPACTO A CONDO EN VUELTA PREVIA<\/p>\n<p><strong>CARRERA 2 (grilla ordenada de acuerdo a clasificacion<\/strong>)<br \/>\nPos. Usuario<br \/>\n1 Martin Mambretti VB<br \/>\n2 Luciano Condo VB<br \/>\n3 Pablo Iglesias VB<br \/>\n4 Lucas Salvatierra T<br \/>\n<strong>5 Jose Flores REC<\/strong><br \/>\n6 Patricio Barra M<br \/>\n7 Sergio DeSimone VB<br \/>\n8 Fabian Betancort M<br \/>\n9 Sergio Schiavelli VB<br \/>\n10 Adrian Marder T<br \/>\n11 Lucas Caceres M<br \/>\n<strong>12 Hugo Bressan REC<\/strong><br \/>\n13 Lucas Boiko VB<br \/>\n14 Lucas Guerrero T<br \/>\n15 Nicolas Contrera VB<br \/>\n<strong>16 Brian Wuthrich REC<\/strong><br \/>\n17 Jose IbarraHussem T<br \/>\n<strong>18 Sebastian Flores REC <\/strong>(rotura de motor)<\/p>\n<p>INSIDENCIAS:<br \/>\nLucas Caceres M<br \/>\nRECARGO +10 SEG. NO RESPETAR POSICION EN LARGADA<br \/>\nRECARGO +5 SEG. IMPACTO A SALVATIERRA<\/p>\n<p>CAMPEONATO 2da Fecha<br \/>\nNro. Usuario Pts.<br \/>\n1 Lucas Salvatierra T (101)<br \/>\n2 Luciano Condo VB (99)<br \/>\n3 Lucas Caceres M (91)<br \/>\n4 Martin Mambretti VB (91)<br \/>\n5 Pablo Iglesias VB 81)<br \/>\n6 Sergio Schiavelli VB (73)<br \/>\n7 Sergio DeSimone VB (71)<br \/>\n8 Adrian Marder T (67)<br \/>\n9 Hugo Bressan REC (57)<br \/>\n10 Lucas Boiko VB (55)<br \/>\n11 Lucas Guerrero T (52)<br \/>\n12 Patricio Barra M (50)<br \/>\n13 Fabian Betancort M (43)<br \/>\n14 Miguel Montecino T (39)<br \/>\n15 Jose Flores REC (36)<br \/>\n16 Sebastian Flores REC (36)<br \/>\n17 Lucas Diaz T (33)<br \/>\n18 Jose IbarraHussem T (32)<br \/>\n19 Brian Wuthrich REC (28)<br \/>\n20 Santiago Stechina REC (28)<br \/>\n21 Nicolas Contrera VB (11)<\/p>\n<p>La pr\u00f3xima competencia del TC VIRTUAL ser\u00e1 el lunes siguiente a la carrera de TC REAL en el mismo aut\u00f3dromo (est\u00e1 a confirmarse)<br \/>\nLa fecha: Lunes 9 de Noviembre.<\/p>\n<p><strong>La continuidad en competencias virtuales:<\/strong><\/p>\n<p><strong>TURISMO PISTA CLASE 1<\/strong><br \/>\nFecha: S\u00e1bado 17 de Octubre<br \/>\n<strong>Carrera LOCAL<\/strong> (se correr\u00e1 solo desde los simuladores de Aut\u00f3dromo Virtual Reconquista)<br \/>\nAut\u00f3dromo: a Definir<br \/>\nHorario: 16 hs<br \/>\nCupo Limitado: 12 pilotos<br \/>\nComisario Deportivo: Fernando \u00abPaco Moschen\u00bb<\/p>\n<p><strong>TURISMO NACIONAL CLASE 3<\/strong><br \/>\nLunes 19 de Octubre<br \/>\n<strong>Carrera NACIONAL<\/strong><br \/>\nHora: 20:30<br \/>\nPista: POSADAS<br \/>\nHasta el momento tres pilotos confirmados de la regi\u00f3n HUGO FRANCO, HUGO BRESSAN y AYRTON SENSIVIA<\/p>\n","protected":false},"excerpt":{"rendered":"<p>Tal como lo adelantaramos ayer en este portal, en la noche de hoy se corri\u00f3&#8230;<\/p>\n","protected":false},"author":1,"featured_media":1689,"comment_status":"closed","ping_status":"closed","sticky":false,"template":"","format":"standard","meta":{"footnotes":""},"categories":[48,8,10,6],"tags":[126,127,125,109,108,517,525,122,123],"class_list":["post-1685","post","type-post","status-publish","format-standard","has-post-thumbnail","hentry","category-deportes","category-nacionales","category-ponelaquinta","category-regionales","tag-autodromo-virtual","tag-autodromo-virtual-reconquista","tag-sim-racers","tag-sim-racing","tag-simuladores","tag-tc","tag-turismo-de-carretera","tag-velocidad","tag-vertigo"],"featured_image_urls":{"full":["https:\/\/fmnativa.com\/portal\/wp-content\/uploads\/2020\/10\/1-30.jpg",1196,678,false],"thumbnail":["https:\/\/fmnativa.com\/portal\/wp-content\/uploads\/2020\/10\/1-30-150x150.jpg",150,150,true],"medium":["https:\/\/fmnativa.com\/portal\/wp-content\/uploads\/2020\/10\/1-30-300x170.jpg",300,170,true],"medium_large":["https:\/\/fmnativa.com\/portal\/wp-content\/uploads\/2020\/10\/1-30-768x435.jpg",640,363,true],"large":["https:\/\/fmnativa.com\/portal\/wp-content\/uploads\/2020\/10\/1-30-1024x580.jpg",640,363,true],"1536x1536":["https:\/\/fmnativa.com\/portal\/wp-content\/uploads\/2020\/10\/1-30.jpg",1196,678,false],"2048x2048":["https:\/\/fmnativa.com\/portal\/wp-content\/uploads\/2020\/10\/1-30.jpg",1196,678,false],"covernews-slider-full":["https:\/\/fmnativa.com\/portal\/wp-content\/uploads\/2020\/10\/1-30.jpg",1115,632,false],"covernews-slider-center":["https:\/\/fmnativa.com\/portal\/wp-content\/uploads\/2020\/10\/1-30.jpg",800,454,false],"covernews-featured":["https:\/\/fmnativa.com\/portal\/wp-content\/uploads\/2020\/10\/1-30.jpg",1024,580,false],"covernews-medium":["https:\/\/fmnativa.com\/portal\/wp-content\/uploads\/2020\/10\/1-30.jpg",540,306,false],"covernews-medium-square":["https:\/\/fmnativa.com\/portal\/wp-content\/uploads\/2020\/10\/1-30.jpg",400,227,false]},"author_info":{"info":["Fabian"]},"category_info":"<a href=\"https:\/\/fmnativa.com\/portal\/category\/deportes\/\" rel=\"category tag\">DEPORTES<\/a> <a href=\"https:\/\/fmnativa.com\/portal\/category\/nacionales\/\" rel=\"category tag\">Nacionales<\/a> <a href=\"https:\/\/fmnativa.com\/portal\/category\/ponelaquinta\/\" rel=\"category tag\">Pon\u00e9 La Quinta<\/a> <a href=\"https:\/\/fmnativa.com\/portal\/category\/regionales\/\" rel=\"category tag\">REGIONALES<\/a>","tag_info":"REGIONALES","comment_count":"0","_links":{"self":[{"href":"https:\/\/fmnativa.com\/portal\/wp-json\/wp\/v2\/posts\/1685","targetHints":{"allow":["GET"]}}],"collection":[{"href":"https:\/\/fmnativa.com\/portal\/wp-json\/wp\/v2\/posts"}],"about":[{"href":"https:\/\/fmnativa.com\/portal\/wp-json\/wp\/v2\/types\/post"}],"author":[{"embeddable":true,"href":"https:\/\/fmnativa.com\/portal\/wp-json\/wp\/v2\/users\/1"}],"replies":[{"embeddable":true,"href":"https:\/\/fmnativa.com\/portal\/wp-json\/wp\/v2\/comments?post=1685"}],"version-history":[{"count":3,"href":"https:\/\/fmnativa.com\/portal\/wp-json\/wp\/v2\/posts\/1685\/revisions"}],"predecessor-version":[{"id":1691,"href":"https:\/\/fmnativa.com\/portal\/wp-json\/wp\/v2\/posts\/1685\/revisions\/1691"}],"wp:featuredmedia":[{"embeddable":true,"href":"https:\/\/fmnativa.com\/portal\/wp-json\/wp\/v2\/media\/1689"}],"wp:attachment":[{"href":"https:\/\/fmnativa.com\/portal\/wp-json\/wp\/v2\/media?parent=1685"}],"wp:term":[{"taxonomy":"category","embeddable":true,"href":"https:\/\/fmnativa.com\/portal\/wp-json\/wp\/v2\/categories?post=1685"},{"taxonomy":"post_tag","embeddable":true,"href":"https:\/\/fmnativa.com\/portal\/wp-json\/wp\/v2\/tags?post=1685"}],"curies":[{"name":"wp","href":"https:\/\/api.w.org\/{rel}","templated":true}]}}