{"id":1696,"date":"2020-10-14T14:56:18","date_gmt":"2020-10-14T17:56:18","guid":{"rendered":"https:\/\/fmnativa.com\/portal\/?p=1696"},"modified":"2020-10-14T14:56:18","modified_gmt":"2020-10-14T17:56:18","slug":"eduardo-aymo-y-las-rutas-amistosas-escuchalo-aqui","status":"publish","type":"post","link":"https:\/\/fmnativa.com\/portal\/2020\/10\/14\/eduardo-aymo-y-las-rutas-amistosas-escuchalo-aqui\/","title":{"rendered":"EDUARDO AYMO Y LAS RUTAS AMISTOSAS, ESCUCHALO AQUI"},"content":{"rendered":"<div id=\"fb-root\"><\/div>\n<h3 class=\"title-post\">SEGURIDAD VIAL ANALIZA INSTRUMENTAR UN M\u00c9TODO SUECO PARA REDUCIR ACCIDENTES FRONTALES EN RUTAS DE LA PROVINCIA<\/h3>\n<p class=\"headline-post\">El m\u00e9todo, in\u00e9dito en Am\u00e9rica Latina y denominado Rutas Amistosas, supone la implementaci\u00f3n de una barrera f\u00edsica que anula el paso al carril contrario.<\/p>\n<p>HOY en CAISTE JUSTO TUVIMOS LA PALABRA DE AYMO&#8230;<\/p>\n<p>El subsecretario de Seguridad Vial de Santa Fe, nos cont\u00f3 que participaron de una videoconferencia con especialistas de la ciudad de Barcelona, para analizar la posibilidad de instrumentar en la provincia e<strong>l programa Rutas Amistosas<\/strong>, un m\u00e9todo de origen sueco de reducci\u00f3n de choques frontales, in\u00e9dito en Am\u00e9rica Latina.<\/p>\n<p>En ese marco, Aymo explic\u00f3 que \u201cestas rutas se llaman 2 + 1 con barrera, es decir, dos manos en un sentido y en cambio de doble l\u00ednea amarilla, una barrera f\u00edsica para que nadie la pueda pasar. Esa barrera se va alternando y, cada cinco kil\u00f3metros, te da la posibilidad de hacer el sobrepaso seguro\u201d.<\/p>\n<p>Al respecto, destac\u00f3 la relevancia de la implementaci\u00f3n: \u201cActualmente en Argentina, el 51% de los choques son de frente y generan un 60% de muertes, por lo que en tema de seguridad vial es muy importante\u201d.<\/p>\n<p>Y sum\u00f3: \u201cLa pol\u00edtica de seguridad vial en la provincia de Santa Fe entiende indispensable entre sus componentes tanto la fiscalizaci\u00f3n y juzgamiento de las faltas, como tambi\u00e9n la prevenci\u00f3n desde la concientizaci\u00f3n, formaci\u00f3n y debate de todos los actores involucrados\u201d.<\/p>\n<p>\u201cImponer este modelo en una sociedad que no est\u00e1 acostumbrada es muy dif\u00edcil, pero los resultados en otros pa\u00edses hablan de la gran cantidad de personas que se han salvado de morir en un choque frontal\u201d,<\/p>\n<p>ESCUCHA AQUI A EDUARDO AYMO<\/p>\n<audio class=\"wp-audio-shortcode\" id=\"audio-1696-1\" preload=\"none\" style=\"width: 100%;\" controls=\"controls\"><source type=\"audio\/mpeg\" src=\"https:\/\/fmnativa.com\/portal\/wp-content\/uploads\/2020\/10\/111-Osvaldo-aymo.mp3?_=1\" \/><a href=\"https:\/\/fmnativa.com\/portal\/wp-content\/uploads\/2020\/10\/111-Osvaldo-aymo.mp3\">https:\/\/fmnativa.com\/portal\/wp-content\/uploads\/2020\/10\/111-Osvaldo-aymo.mp3<\/a><\/audio>\n","protected":false},"excerpt":{"rendered":"<p>SEGURIDAD VIAL ANALIZA INSTRUMENTAR UN M\u00c9TODO SUECO PARA REDUCIR ACCIDENTES FRONTALES EN RUTAS DE LA&#8230;<\/p>\n","protected":false},"author":1,"featured_media":1698,"comment_status":"closed","ping_status":"closed","sticky":false,"template":"","format":"standard","meta":{"footnotes":""},"categories":[7],"tags":[582,583,584,15],"class_list":["post-1696","post","type-post","status-publish","format-standard","has-post-thumbnail","hentry","category-provinciales","tag-agencia-de-seguridad-vial","tag-osvaldo-aymo","tag-rutas-amistosas","tag-santa-fe"],"featured_image_urls":{"full":["https:\/\/fmnativa.com\/portal\/wp-content\/uploads\/2020\/10\/1-32.jpg",300,168,false],"thumbnail":["https:\/\/fmnativa.com\/portal\/wp-content\/uploads\/2020\/10\/1-32-150x150.jpg",150,150,true],"medium":["https:\/\/fmnativa.com\/portal\/wp-content\/uploads\/2020\/10\/1-32.jpg",300,168,false],"medium_large":["https:\/\/fmnativa.com\/portal\/wp-content\/uploads\/2020\/10\/1-32.jpg",300,168,false],"large":["https:\/\/fmnativa.com\/portal\/wp-content\/uploads\/2020\/10\/1-32.jpg",300,168,false],"1536x1536":["https:\/\/fmnativa.com\/portal\/wp-content\/uploads\/2020\/10\/1-32.jpg",300,168,false],"2048x2048":["https:\/\/fmnativa.com\/portal\/wp-content\/uploads\/2020\/10\/1-32.jpg",300,168,false],"covernews-slider-full":["https:\/\/fmnativa.com\/portal\/wp-content\/uploads\/2020\/10\/1-32.jpg",300,168,false],"covernews-slider-center":["https:\/\/fmnativa.com\/portal\/wp-content\/uploads\/2020\/10\/1-32.jpg",300,168,false],"covernews-featured":["https:\/\/fmnativa.com\/portal\/wp-content\/uploads\/2020\/10\/1-32.jpg",300,168,false],"covernews-medium":["https:\/\/fmnativa.com\/portal\/wp-content\/uploads\/2020\/10\/1-32.jpg",300,168,false],"covernews-medium-square":["https:\/\/fmnativa.com\/portal\/wp-content\/uploads\/2020\/10\/1-32.jpg",300,168,false]},"author_info":{"info":["Fabian"]},"category_info":"<a href=\"https:\/\/fmnativa.com\/portal\/category\/provinciales\/\" rel=\"category tag\">PROVINCIALES<\/a>","tag_info":"PROVINCIALES","comment_count":"0","_links":{"self":[{"href":"https:\/\/fmnativa.com\/portal\/wp-json\/wp\/v2\/posts\/1696","targetHints":{"allow":["GET"]}}],"collection":[{"href":"https:\/\/fmnativa.com\/portal\/wp-json\/wp\/v2\/posts"}],"about":[{"href":"https:\/\/fmnativa.com\/portal\/wp-json\/wp\/v2\/types\/post"}],"author":[{"embeddable":true,"href":"https:\/\/fmnativa.com\/portal\/wp-json\/wp\/v2\/users\/1"}],"replies":[{"embeddable":true,"href":"https:\/\/fmnativa.com\/portal\/wp-json\/wp\/v2\/comments?post=1696"}],"version-history":[{"count":1,"href":"https:\/\/fmnativa.com\/portal\/wp-json\/wp\/v2\/posts\/1696\/revisions"}],"predecessor-version":[{"id":1699,"href":"https:\/\/fmnativa.com\/portal\/wp-json\/wp\/v2\/posts\/1696\/revisions\/1699"}],"wp:featuredmedia":[{"embeddable":true,"href":"https:\/\/fmnativa.com\/portal\/wp-json\/wp\/v2\/media\/1698"}],"wp:attachment":[{"href":"https:\/\/fmnativa.com\/portal\/wp-json\/wp\/v2\/media?parent=1696"}],"wp:term":[{"taxonomy":"category","embeddable":true,"href":"https:\/\/fmnativa.com\/portal\/wp-json\/wp\/v2\/categories?post=1696"},{"taxonomy":"post_tag","embeddable":true,"href":"https:\/\/fmnativa.com\/portal\/wp-json\/wp\/v2\/tags?post=1696"}],"curies":[{"name":"wp","href":"https:\/\/api.w.org\/{rel}","templated":true}]}}