{"id":1725,"date":"2020-10-14T16:29:37","date_gmt":"2020-10-14T19:29:37","guid":{"rendered":"https:\/\/fmnativa.com\/portal\/?p=1725"},"modified":"2020-10-14T16:29:37","modified_gmt":"2020-10-14T19:29:37","slug":"hospital-reconquista-4-pacientes-en-terapia-intensivas-2-de-ellos-en-estado-critico","status":"publish","type":"post","link":"https:\/\/fmnativa.com\/portal\/2020\/10\/14\/hospital-reconquista-4-pacientes-en-terapia-intensivas-2-de-ellos-en-estado-critico\/","title":{"rendered":"HOSPITAL RECONQUISTA &#8211; 4 PACIENTES EN TERAPIA INTENSIVAS 2 DE ELLOS EN ESTADO CRITICO"},"content":{"rendered":"<div id=\"fb-root\"><\/div>\n<p>INFORME OFICIAL HOSPITAL CENTRAL RECONQUISTA<\/p>\n<p>El Hospital Central de Reconquista informa la cantidad de pacientes internados al momento de emitir este parte de prensa.<\/p>\n<p>COVID-19 POSITIVOS<br \/>\n\u27a1\ufe0f UTI HCR<br \/>\n&#8211; 4 pacientes de Reconquista: 2 en estado cr\u00edtico, con pron\u00f3stico reservado y asistencia respiratoria; 2 en aislamiento y condici\u00f3n estable<\/p>\n<p>\u27a1\ufe0f Hospital de Campa\u00f1a<br \/>\n&#8211; 3 pacientes de Reconquista, en aislamiento y condici\u00f3n estable; de la ciudad de Reconquista.<\/p>\n<p>\u27a1\ufe0f Sala Com\u00fan Adultos HCR<br \/>\n&#8211; 4 pacientes de Reconquista, en aislamiento y condici\u00f3n estable.<\/p>\n<p>\u27a1\ufe0f Sala Com\u00fan de Guardia HCR<br \/>\n&#8211; 1 paciente de Reconquista, en aislamiento y condici\u00f3n estable.<\/p>\n","protected":false},"excerpt":{"rendered":"<p>INFORME OFICIAL HOSPITAL CENTRAL RECONQUISTA El Hospital Central de Reconquista informa la cantidad de pacientes&#8230;<\/p>\n","protected":false},"author":1,"featured_media":561,"comment_status":"closed","ping_status":"closed","sticky":false,"template":"","format":"standard","meta":{"footnotes":""},"categories":[49,6],"tags":[30,103,133,32,130,184,80,60,73],"class_list":["post-1725","post","type-post","status-publish","format-standard","has-post-thumbnail","hentry","category-covid-19","category-regionales","tag-aislamiento","tag-contagiados","tag-coronavirus","tag-covid-19","tag-cuarentena","tag-norte-de-santa-fe","tag-pandemia","tag-region","tag-salud"],"featured_image_urls":{"full":["https:\/\/fmnativa.com\/portal\/wp-content\/uploads\/2020\/09\/1-56.jpg",720,479,false],"thumbnail":["https:\/\/fmnativa.com\/portal\/wp-content\/uploads\/2020\/09\/1-56-150x150.jpg",150,150,true],"medium":["https:\/\/fmnativa.com\/portal\/wp-content\/uploads\/2020\/09\/1-56-300x200.jpg",300,200,true],"medium_large":["https:\/\/fmnativa.com\/portal\/wp-content\/uploads\/2020\/09\/1-56.jpg",640,426,false],"large":["https:\/\/fmnativa.com\/portal\/wp-content\/uploads\/2020\/09\/1-56.jpg",640,426,false],"1536x1536":["https:\/\/fmnativa.com\/portal\/wp-content\/uploads\/2020\/09\/1-56.jpg",720,479,false],"2048x2048":["https:\/\/fmnativa.com\/portal\/wp-content\/uploads\/2020\/09\/1-56.jpg",720,479,false],"covernews-slider-full":["https:\/\/fmnativa.com\/portal\/wp-content\/uploads\/2020\/09\/1-56.jpg",720,479,false],"covernews-slider-center":["https:\/\/fmnativa.com\/portal\/wp-content\/uploads\/2020\/09\/1-56.jpg",720,479,false],"covernews-featured":["https:\/\/fmnativa.com\/portal\/wp-content\/uploads\/2020\/09\/1-56.jpg",720,479,false],"covernews-medium":["https:\/\/fmnativa.com\/portal\/wp-content\/uploads\/2020\/09\/1-56.jpg",511,340,false],"covernews-medium-square":["https:\/\/fmnativa.com\/portal\/wp-content\/uploads\/2020\/09\/1-56.jpg",376,250,false]},"author_info":{"info":["Fabian"]},"category_info":"<a href=\"https:\/\/fmnativa.com\/portal\/category\/covid-19\/\" rel=\"category tag\">COVID 19<\/a> <a href=\"https:\/\/fmnativa.com\/portal\/category\/regionales\/\" rel=\"category tag\">REGIONALES<\/a>","tag_info":"REGIONALES","comment_count":"0","_links":{"self":[{"href":"https:\/\/fmnativa.com\/portal\/wp-json\/wp\/v2\/posts\/1725","targetHints":{"allow":["GET"]}}],"collection":[{"href":"https:\/\/fmnativa.com\/portal\/wp-json\/wp\/v2\/posts"}],"about":[{"href":"https:\/\/fmnativa.com\/portal\/wp-json\/wp\/v2\/types\/post"}],"author":[{"embeddable":true,"href":"https:\/\/fmnativa.com\/portal\/wp-json\/wp\/v2\/users\/1"}],"replies":[{"embeddable":true,"href":"https:\/\/fmnativa.com\/portal\/wp-json\/wp\/v2\/comments?post=1725"}],"version-history":[{"count":1,"href":"https:\/\/fmnativa.com\/portal\/wp-json\/wp\/v2\/posts\/1725\/revisions"}],"predecessor-version":[{"id":1726,"href":"https:\/\/fmnativa.com\/portal\/wp-json\/wp\/v2\/posts\/1725\/revisions\/1726"}],"wp:featuredmedia":[{"embeddable":true,"href":"https:\/\/fmnativa.com\/portal\/wp-json\/wp\/v2\/media\/561"}],"wp:attachment":[{"href":"https:\/\/fmnativa.com\/portal\/wp-json\/wp\/v2\/media?parent=1725"}],"wp:term":[{"taxonomy":"category","embeddable":true,"href":"https:\/\/fmnativa.com\/portal\/wp-json\/wp\/v2\/categories?post=1725"},{"taxonomy":"post_tag","embeddable":true,"href":"https:\/\/fmnativa.com\/portal\/wp-json\/wp\/v2\/tags?post=1725"}],"curies":[{"name":"wp","href":"https:\/\/api.w.org\/{rel}","templated":true}]}}