{"id":1778,"date":"2020-12-26T12:29:33","date_gmt":"2020-12-26T15:29:33","guid":{"rendered":"https:\/\/fmnativa.com\/portal\/?p=1778"},"modified":"2020-12-26T12:29:33","modified_gmt":"2020-12-26T15:29:33","slug":"la-provincia-trabaja-para-facilitar-el-acceso-de-las-pymes-santafesinas-al-sistema-financiero","status":"publish","type":"post","link":"https:\/\/fmnativa.com\/portal\/2020\/12\/26\/la-provincia-trabaja-para-facilitar-el-acceso-de-las-pymes-santafesinas-al-sistema-financiero\/","title":{"rendered":"La provincia trabaja para facilitar el acceso de las pymes santafesinas al sistema financiero"},"content":{"rendered":"<div id=\"fb-root\"><\/div>\n<p>La Provincia present\u00f3 un documento que compila todas las herramientas de financiamiento disponibles para el sector productivo.<\/p>\n<p>El Ministerio de Producci\u00f3n, Ciencia y Tecnolog\u00eda present\u00f3 un documento que compila todas las herramientas de financiamiento disponibles para el sector productivo santafesino, publicaci\u00f3n que busca facilitar el acceso de las pymes de todo el territorio al sistema financiero.<\/p>\n<p>Durante 2020, desde la mencionada \u00e1rea de Gobierno, se llev\u00f3 adelante una importante tarea de di\u00e1logo y articulaci\u00f3n con el sector productivo santafesino, de estas acciones surgi\u00f3 que una de las mayores demandas es el acceso al financiamiento productos de dos factores, altas tasas de intereses y plazo de devoluci\u00f3n cortos y dificultad en contar con la garant\u00edas para el respaldo necesario que requiere el sistema financiero.<\/p>\n<p>En ese marco, la cartera productiva instrumentaron diversas herramientas entre la que se destacaron dos fondos que suman 600 millones de pesos, y que permiten a las micro, peque\u00f1as y medianas empresas contar con 2,4 mil millones de pesos en certificados de garant\u00eda, lo que significa acceso a cr\u00e9ditos bancarios en mejores condiciones, evitando dep\u00f3sitos prendarios e hipotecarios. Se trata de la renovaci\u00f3n y ampliaci\u00f3n del fondo espec\u00edfico de la provincia de Santa Fe en Garantizar SGR a 100 millones de pesos y la constituci\u00f3n de un fondo espec\u00edfico en Fogar, en conjunto con el Ministerio de Desarrollo Productivo de 500 millones. Cabe destacar que Santa Fe fue la primera provincia en constituir este fondo espec\u00edfico.<\/p>\n<p>Otro punto a destacar es el Programa Santa Fe de Pie, un paquete de financiamiento disponible en el Nuevo Banco de Santa Fe, de 500 millones de pesos y con garant\u00eda Fogar, para las actividades afectadas por la pandemia. En detalle, se trata de capital de trabajo a 18 meses con 6 meses de gracias a tasas: 0%, 10% y 12% seg\u00fan la actividad y el grado de afectaci\u00f3n por DISPO y ASPO; y para bienes de capital a 24% fija y en peso a 36 meses. Tambi\u00e9n se previ\u00f3 una l\u00ednea para prefinanciaci\u00f3n de exportaciones a 3,5% de inter\u00e9s, en d\u00f3lares.<\/p>\n<p>Para mayor informaci\u00f3n adjuntamos el documento que resume todas las l\u00edneas disponibles para el sector productivo. Desde el Ministerio tambi\u00e9n se comunica que otras entidades financieras que deseen participar deber\u00e1n enviar su informaci\u00f3n a unidaddegestion@santafe.gov.ar.<\/p>\n<a href=\"https:\/\/fmnativa.com\/portal\/wp-content\/uploads\/2020\/12\/2020-12-26NID_269499O_1.pdf\" class=\"pdfemb-viewer\" style=\"\" data-width=\"max\" data-height=\"max\" data-toolbar=\"bottom\" data-toolbar-fixed=\"off\">2020-12-26NID_269499O_1<\/a>\n","protected":false},"excerpt":{"rendered":"<p>La Provincia present\u00f3 un documento que compila todas las herramientas de financiamiento disponibles para el&#8230;<\/p>\n","protected":false},"author":1,"featured_media":1780,"comment_status":"closed","ping_status":"closed","sticky":false,"template":"","format":"standard","meta":{"footnotes":""},"categories":[7],"tags":[62,240,145,246,606,290],"class_list":["post-1778","post","type-post","status-publish","format-standard","has-post-thumbnail","hentry","category-provinciales","tag-economia","tag-financiacion","tag-financiamiento","tag-provincia-de-santa-fe","tag-pyme","tag-pymes"],"featured_image_urls":{"full":["https:\/\/fmnativa.com\/portal\/wp-content\/uploads\/2020\/12\/IMG-20201226-WA0004.jpg",1280,853,false],"thumbnail":["https:\/\/fmnativa.com\/portal\/wp-content\/uploads\/2020\/12\/IMG-20201226-WA0004-150x150.jpg",150,150,true],"medium":["https:\/\/fmnativa.com\/portal\/wp-content\/uploads\/2020\/12\/IMG-20201226-WA0004-300x200.jpg",300,200,true],"medium_large":["https:\/\/fmnativa.com\/portal\/wp-content\/uploads\/2020\/12\/IMG-20201226-WA0004-768x512.jpg",640,427,true],"large":["https:\/\/fmnativa.com\/portal\/wp-content\/uploads\/2020\/12\/IMG-20201226-WA0004-1024x682.jpg",640,426,true],"1536x1536":["https:\/\/fmnativa.com\/portal\/wp-content\/uploads\/2020\/12\/IMG-20201226-WA0004.jpg",1280,853,false],"2048x2048":["https:\/\/fmnativa.com\/portal\/wp-content\/uploads\/2020\/12\/IMG-20201226-WA0004.jpg",1280,853,false],"covernews-slider-full":["https:\/\/fmnativa.com\/portal\/wp-content\/uploads\/2020\/12\/IMG-20201226-WA0004.jpg",1073,715,false],"covernews-slider-center":["https:\/\/fmnativa.com\/portal\/wp-content\/uploads\/2020\/12\/IMG-20201226-WA0004.jpg",750,500,false],"covernews-featured":["https:\/\/fmnativa.com\/portal\/wp-content\/uploads\/2020\/12\/IMG-20201226-WA0004.jpg",1024,682,false],"covernews-medium":["https:\/\/fmnativa.com\/portal\/wp-content\/uploads\/2020\/12\/IMG-20201226-WA0004.jpg",510,340,false],"covernews-medium-square":["https:\/\/fmnativa.com\/portal\/wp-content\/uploads\/2020\/12\/IMG-20201226-WA0004.jpg",375,250,false]},"author_info":{"info":["Fabian"]},"category_info":"<a href=\"https:\/\/fmnativa.com\/portal\/category\/provinciales\/\" rel=\"category tag\">PROVINCIALES<\/a>","tag_info":"PROVINCIALES","comment_count":"0","_links":{"self":[{"href":"https:\/\/fmnativa.com\/portal\/wp-json\/wp\/v2\/posts\/1778","targetHints":{"allow":["GET"]}}],"collection":[{"href":"https:\/\/fmnativa.com\/portal\/wp-json\/wp\/v2\/posts"}],"about":[{"href":"https:\/\/fmnativa.com\/portal\/wp-json\/wp\/v2\/types\/post"}],"author":[{"embeddable":true,"href":"https:\/\/fmnativa.com\/portal\/wp-json\/wp\/v2\/users\/1"}],"replies":[{"embeddable":true,"href":"https:\/\/fmnativa.com\/portal\/wp-json\/wp\/v2\/comments?post=1778"}],"version-history":[{"count":1,"href":"https:\/\/fmnativa.com\/portal\/wp-json\/wp\/v2\/posts\/1778\/revisions"}],"predecessor-version":[{"id":1781,"href":"https:\/\/fmnativa.com\/portal\/wp-json\/wp\/v2\/posts\/1778\/revisions\/1781"}],"wp:featuredmedia":[{"embeddable":true,"href":"https:\/\/fmnativa.com\/portal\/wp-json\/wp\/v2\/media\/1780"}],"wp:attachment":[{"href":"https:\/\/fmnativa.com\/portal\/wp-json\/wp\/v2\/media?parent=1778"}],"wp:term":[{"taxonomy":"category","embeddable":true,"href":"https:\/\/fmnativa.com\/portal\/wp-json\/wp\/v2\/categories?post=1778"},{"taxonomy":"post_tag","embeddable":true,"href":"https:\/\/fmnativa.com\/portal\/wp-json\/wp\/v2\/tags?post=1778"}],"curies":[{"name":"wp","href":"https:\/\/api.w.org\/{rel}","templated":true}]}}