{"id":1799,"date":"2020-12-26T15:31:01","date_gmt":"2020-12-26T18:31:01","guid":{"rendered":"https:\/\/fmnativa.com\/portal\/?p=1799"},"modified":"2020-12-26T15:31:01","modified_gmt":"2020-12-26T18:31:01","slug":"fuerte-critica-de-lavagna-a-las-politicas-populistas-del-gobierno-se-termino-la-hora-de-las-excusas","status":"publish","type":"post","link":"https:\/\/fmnativa.com\/portal\/2020\/12\/26\/fuerte-critica-de-lavagna-a-las-politicas-populistas-del-gobierno-se-termino-la-hora-de-las-excusas\/","title":{"rendered":"Fuerte cr\u00edtica de Lavagna a las pol\u00edticas populistas del Gobierno: \u00abSe termin\u00f3 la hora de las excusas\u00bb"},"content":{"rendered":"<div id=\"fb-root\"><\/div>\n<h4 class=\"article-headline | bold width_full\"><span style=\"font-size: 16px;\">El l\u00edder de \u201cConsenso Federal\u201d conden\u00f3 tanto el populismo como las pol\u00edticas de ajuste y list\u00f3 medidas para la recuperaci\u00f3n; \u00e9nfasis en inversi\u00f3n y empleo privados, reducir el costo de la pol\u00edtica, frenar el empleo p\u00fablico y desarmar el sistema de subsidios<\/span><\/h4>\n<p>En una carta p\u00fablica, el ex candidato presidencial (en 2011 y 2019) y l\u00edder de \u201cConsenso Federal\u201d, Roberto Lavagna, conden\u00f3 las pol\u00edticas populistas y de ajuste que, junto con la pandemia, llevaron a la actual situaci\u00f3n socioecon\u00f3mica, con altos \u00edndices de pobreza e indigencia.<\/p>\n<p>El tambi\u00e9n exministro de Econom\u00eda (2002-2005), quien lo fue durante la presidencia interina de Eduardo Duhalde y los primeros dos a\u00f1os de gobierno de N\u00e9stor Kirchner, de quien se alej\u00f3 despu\u00e9s de criticar en un discurso \u201cla cartelizaci\u00f3n de la Obra P\u00fablica\u201d, dijo que la prioridad debe ser la creaci\u00f3n de trabajo privado, salir del estancamiento priorizando la inversi\u00f3n privada y la b\u00fasqueda de productividad e \u201cincorporar a la mayor\u00eda que est\u00e1 hoy excluida\u201d a \u201cformas modernas de empleo\u201d.<\/p>\n<p>Adem\u00e1s, pidi\u00f3 empezar a reducir el costo de la pol\u00edtica y frenar el aumento del empleo p\u00fablico que \u2013precis\u00f3- \u201ccreci\u00f3 en alrededor de un mill\u00f3n de personas en 15 a\u00f1os\u201d y desarmar el esquema de subsidios al consumo de servicios p\u00fablicos, concentrada en CABA y el conurbano bonaerense.<\/p>\n<p><strong>Sociedad aturdida<\/strong><\/p>\n<p>El economista y pol\u00edtica dijo que \u201cla sociedad parece aturdida por los gritos de dos modelos que definimos -por consenso- como partes de \u201cla grieta\u201d y dijo que \u201cpara avanzar hay que identificar a quienes ya han sido incapaces, cada uno a su turno, de empezar a revertir el retroceso\u201d.<\/p>\n<p>El texto dice que \u201c10 a\u00f1os de estancamiento, incluso retroceso econ\u00f3mico y la pandemia, han puesto a los argentinos todos en una dif\u00edcil encrucijada\u201d, tras el fracaso de \u201clas pol\u00edticas populistas por un lado, o de ajuste por el otro, m\u00e1s la par\u00e1lisis derivada de la pandemia\u201d que \u2013sigue- \u201chan llevado la realidad socioecon\u00f3mica a niveles insostenibles como lo exponen las cifras de pobreza e indigencia, tanto del INDEC como del Observatorio de la Deuda Social Argentina (de la UCA)\u201d. Adem\u00e1s, Lavagna hizo 6 se\u00f1alamientos o cuestiones a priorizar, a saber:<\/p>\n<p><strong>Trabajo privado<\/strong> \u201cPoner a la creaci\u00f3n del trabajo privado como objetivo central, protegiendo derechos adquiridos pero incorporando a la mayor\u00eda que hoy est\u00e1 excluida, sin derecho alguno, a formas modernas de empleo\u201d<\/p>\n<p><strong>Inversi\u00f3n y productividad<\/strong>: \u201cDarle a la inversi\u00f3n y a la b\u00fasqueda de productividad un papel central en la soluci\u00f3n al estancamiento y empobrecimiento de los argentinos\u201d<\/p>\n<p><strong>Jubilaciones<\/strong>: \u201cDar equidad al sistema jubilatorio de quienes menos ganan haciendo ajustes diferentes a las jubilaciones y pensiones m\u00e1s altas, de modo de reducir las abismales diferencias que hoy existen entre la m\u00ednima y los sistemas de privilegio. Esto implica tanto reg\u00edmenes nacionales como los inevitables cambios en sistemas provinciales, ampliamente deficitarios y cargados de privilegios\u201d.<\/p>\n<p><strong>Costo de la pol\u00edtica<\/strong>; Empezar ya con un proceso, que llevar\u00e1 tiempo, pero que no puede postergarse, de bajar los costos de funcionamiento del sistema pol\u00edtico. C\u00e1maras m\u00e1s reducidas en cuanto al n\u00famero de miembros, legislativos provinciales unicamerales, concejos deliberantes marcadamente m\u00e1s reducidos, l\u00edmites estrictos al n\u00famero de asesores etc. El efecto no es s\u00f3lo de ahorro y mejor uso de recursos, sino que ayudar\u00e1 a la reconciliaci\u00f3n de la pol\u00edtica con los que m\u00e1s necesitan. Modificar conductas y valores es central en un proceso de cambio\u201d.<\/p>\n<p><strong>Empleo P\u00fablico<\/strong>:\u201cEvitar que el empleo p\u00fablico siga creciendo all\u00ed donde no debe. Creci\u00f3 en alrededor de un mill\u00f3n de personas en 15 a\u00f1os. Reeducar, redistribuir, penalizar el intervencionismo in\u00fatil y burocr\u00e1tico. En definitiva, darle m\u00e1s poder a los ciudadanos y menos a las estructuras, gerenciales, sindicales y a las alianzas espurias entre el Estado y pseudo empresarios\u201d.<\/p>\n<p><strong>Subsidios<\/strong>: \u201cDesarmar progresivamente el sistema de subsidios que privilegia la concentraci\u00f3n en Capital y el Gran Buenos Aires, porque vac\u00eda el interior del pa\u00eds. Es imperioso re-federalizar la Naci\u00f3n. Hay que empezar con el proceso de transformaci\u00f3n territorial, sin intervenciones asfixiantes sino con reglas de juego justas\u201d.<\/p>\n<p><strong>Resistencias<\/strong><\/p>\n<p>En su parte final, Lavagna alerta que una agenda de este tipo generar\u00e1 la resistencia de \u201cpol\u00edticos, empresarios, sindicalistas, corporaciones de la obra p\u00fablica, corporaciones de la justicia, medios, intelectuales\u201d pero se\u00f1ala que \u201chabr\u00e1 tambi\u00e9n pol\u00edticos, empresarios, sindicalistas, corporaciones de la obra p\u00fablica, corporaciones de la justicia, medios, intelectuales, etc. que hartos del estancamiento, del retroceso en el mundo, de la pobreza creciente, de la desarticulaci\u00f3n territorial, ser\u00e1n capaces de ver lo insostenible de la situaci\u00f3n en que estamos. M\u00e1s a\u00fan, que ser\u00e1n capaces de ver lo que ser\u00e1 la sociedad argentina dentro de 20 a\u00f1os si no hacemos cambios de fondo\u201d.<\/p>\n<p>El texto condena tambi\u00e9n el excesivo intervencionismo estatal y la carga impositiva. \u201cCuanto m\u00e1s reglas menos inversiones; cuanto m\u00e1s intervenciones menos productividad. Cuanta m\u00e1s creatividad fiscal m\u00e1s desv\u00edos grandes (subsidios e\u00f3licos, monopolios renovables sin l\u00edmites); o desv\u00edos chicos (VTVs, registros automotores, parqu\u00edmetros, impuestos al viento, etc.). La lista es infinita y se agranda\u201d, dice. \u201cLos argentinos necesitamos una bocanada de aire fresco, de mayor libertad para movernos con creatividad; para ser productivos, no para buscar ma\u00f1osamente rentas que se le extraen al Estado que debe ocuparse S\u00cd de educaci\u00f3n, salud, de crear igualdad de oportunidades, seguridad, ciencia y tecnolog\u00eda\u201d.<\/p>\n<ul>\n<li>Cuanto m\u00e1s reglas menos inversiones; cuanto m\u00e1s intervenciones menos productividad. Cuanta m\u00e1s creatividad fiscal m\u00e1s desv\u00edos grandes o desv\u00edos chicos<\/li>\n<\/ul>\n<p>Seg\u00fan el exministro los temas a abordar son \u201ccientos\u201d pero no vale hacer listas extensas \u201csi no hay voluntad de abordar cuestiones centrales como las que se enuncian\u201d.<\/p>\n<p>\u201cEs posible construir en 20 a\u00f1os una sociedad argentina que valga la pena, muy diferente de la que hoy tenemos y mucho m\u00e1s de la que tendremos si no revertimos la decadencia, si no cambiamos\u201d, dice, haciendo tal vez un involuntario gui\u00f1o al principal bloque de oposici\u00f3n.<\/p>\n<p>El excandidato presidencial y l\u00edder de Consenso Federal termina su llamado diciendo: \u201cMuchos de estos cambios los venimos proponiendo desde hace tiempo, pero la sociedad parece aturdida por los gritos de dos modelos que definimos -por consenso- como partes de la grieta. Para avanzar hay que identificar a quienes ya han sido incapaces, cada uno a su turno, de empezar a revertir el retroceso y encaminarnos hacia la recuperaci\u00f3n y el crecimiento. No hay tiempo para m\u00e1s excusas. Fuerza y esperanza para el 2021\u201d.<\/p>\n<p><em>Fuente: Infobae<\/em><\/p>\n","protected":false},"excerpt":{"rendered":"<p>El l\u00edder de \u201cConsenso Federal\u201d conden\u00f3 tanto el populismo como las pol\u00edticas de ajuste y&#8230;<\/p>\n","protected":false},"author":1,"featured_media":1800,"comment_status":"closed","ping_status":"closed","sticky":false,"template":"","format":"standard","meta":{"footnotes":""},"categories":[8],"tags":[43,619,620,25],"class_list":["post-1799","post","type-post","status-publish","format-standard","has-post-thumbnail","hentry","category-nacionales","tag-argentina","tag-consenso-federal","tag-lavagna","tag-politica"],"featured_image_urls":{"full":["https:\/\/fmnativa.com\/portal\/wp-content\/uploads\/2020\/12\/RB4PZ57V5BCWBA2N5NFMPJXDCU.jpg",768,432,false],"thumbnail":["https:\/\/fmnativa.com\/portal\/wp-content\/uploads\/2020\/12\/RB4PZ57V5BCWBA2N5NFMPJXDCU-150x150.jpg",150,150,true],"medium":["https:\/\/fmnativa.com\/portal\/wp-content\/uploads\/2020\/12\/RB4PZ57V5BCWBA2N5NFMPJXDCU-300x169.jpg",300,169,true],"medium_large":["https:\/\/fmnativa.com\/portal\/wp-content\/uploads\/2020\/12\/RB4PZ57V5BCWBA2N5NFMPJXDCU.jpg",640,360,false],"large":["https:\/\/fmnativa.com\/portal\/wp-content\/uploads\/2020\/12\/RB4PZ57V5BCWBA2N5NFMPJXDCU.jpg",640,360,false],"1536x1536":["https:\/\/fmnativa.com\/portal\/wp-content\/uploads\/2020\/12\/RB4PZ57V5BCWBA2N5NFMPJXDCU.jpg",768,432,false],"2048x2048":["https:\/\/fmnativa.com\/portal\/wp-content\/uploads\/2020\/12\/RB4PZ57V5BCWBA2N5NFMPJXDCU.jpg",768,432,false],"covernews-slider-full":["https:\/\/fmnativa.com\/portal\/wp-content\/uploads\/2020\/12\/RB4PZ57V5BCWBA2N5NFMPJXDCU.jpg",768,432,false],"covernews-slider-center":["https:\/\/fmnativa.com\/portal\/wp-content\/uploads\/2020\/12\/RB4PZ57V5BCWBA2N5NFMPJXDCU.jpg",768,432,false],"covernews-featured":["https:\/\/fmnativa.com\/portal\/wp-content\/uploads\/2020\/12\/RB4PZ57V5BCWBA2N5NFMPJXDCU.jpg",768,432,false],"covernews-medium":["https:\/\/fmnativa.com\/portal\/wp-content\/uploads\/2020\/12\/RB4PZ57V5BCWBA2N5NFMPJXDCU.jpg",540,304,false],"covernews-medium-square":["https:\/\/fmnativa.com\/portal\/wp-content\/uploads\/2020\/12\/RB4PZ57V5BCWBA2N5NFMPJXDCU.jpg",400,225,false]},"author_info":{"info":["Fabian"]},"category_info":"<a href=\"https:\/\/fmnativa.com\/portal\/category\/nacionales\/\" rel=\"category tag\">Nacionales<\/a>","tag_info":"Nacionales","comment_count":"0","_links":{"self":[{"href":"https:\/\/fmnativa.com\/portal\/wp-json\/wp\/v2\/posts\/1799","targetHints":{"allow":["GET"]}}],"collection":[{"href":"https:\/\/fmnativa.com\/portal\/wp-json\/wp\/v2\/posts"}],"about":[{"href":"https:\/\/fmnativa.com\/portal\/wp-json\/wp\/v2\/types\/post"}],"author":[{"embeddable":true,"href":"https:\/\/fmnativa.com\/portal\/wp-json\/wp\/v2\/users\/1"}],"replies":[{"embeddable":true,"href":"https:\/\/fmnativa.com\/portal\/wp-json\/wp\/v2\/comments?post=1799"}],"version-history":[{"count":1,"href":"https:\/\/fmnativa.com\/portal\/wp-json\/wp\/v2\/posts\/1799\/revisions"}],"predecessor-version":[{"id":1801,"href":"https:\/\/fmnativa.com\/portal\/wp-json\/wp\/v2\/posts\/1799\/revisions\/1801"}],"wp:featuredmedia":[{"embeddable":true,"href":"https:\/\/fmnativa.com\/portal\/wp-json\/wp\/v2\/media\/1800"}],"wp:attachment":[{"href":"https:\/\/fmnativa.com\/portal\/wp-json\/wp\/v2\/media?parent=1799"}],"wp:term":[{"taxonomy":"category","embeddable":true,"href":"https:\/\/fmnativa.com\/portal\/wp-json\/wp\/v2\/categories?post=1799"},{"taxonomy":"post_tag","embeddable":true,"href":"https:\/\/fmnativa.com\/portal\/wp-json\/wp\/v2\/tags?post=1799"}],"curies":[{"name":"wp","href":"https:\/\/api.w.org\/{rel}","templated":true}]}}