{"id":1816,"date":"2020-12-26T18:32:52","date_gmt":"2020-12-26T21:32:52","guid":{"rendered":"https:\/\/fmnativa.com\/portal\/?p=1816"},"modified":"2020-12-26T18:32:52","modified_gmt":"2020-12-26T21:32:52","slug":"la-provincia-entrego-luminarias-led-para-escuelas-de-la-familia-agricola","status":"publish","type":"post","link":"https:\/\/fmnativa.com\/portal\/2020\/12\/26\/la-provincia-entrego-luminarias-led-para-escuelas-de-la-familia-agricola\/","title":{"rendered":"La provincia entreg\u00f3 luminarias LED para Escuelas de la Familia Agr\u00edcola"},"content":{"rendered":"<div id=\"fb-root\"><\/div>\n<p><em><strong>Son artefactos amigables con el ambiente, que reducen costos de consumo y mejoran la luminosidad.<\/strong><\/em><\/p>\n<p>El gobierno de Santa Fe entreg\u00f3, a la Uni\u00f3n de Escuelas de la Familia Agr\u00edcola, 70 reflectores LED que distribuir\u00e1n en 12 establecimientos. Los mismos se encuentran distribuidos en los departamentos San Crist\u00f3bal, San Javier, Vera, General Obligado, 9 de julio, San Justo e Iriondo.<\/p>\n<p>A trav\u00e9s del Ministerio de Ambiente y Cambio Clim\u00e1tico se dio respuesta a esta demanda con equipamiento sustentable, que genera un beneficio econ\u00f3mico, ambiental y social, ya que las instituciones se encuentran en zonas rurales y son referencias en cada localidad.<\/p>\n<p>\u201cComo siempre decimos, la acci\u00f3n clim\u00e1tica es ahora y estamos convencidos de que tenemos que hacerlo todas y todos juntos, con la participaci\u00f3n de todos los actores cada uno aportando desde su lugar; con las escuelas EFA venimos trabajando desde hace tiempo y esta era una de las solicitudes que hab\u00edamos recibido\u201d, cont\u00f3 la ministra de Ambiente y Cambio Clim\u00e1tico, Erika Gonnet.<\/p>\n<div style=\"clear:both; margin-top:0em; margin-bottom:1em;\"><a href=\"https:\/\/fmnativa.com\/portal\/2020\/12\/26\/la-provincia-entrego-aportes-para-establecimientos-educativos-de-la-region-ii-por-un-total-de-1-770-254\/\" target=\"_blank\" rel=\"nofollow\" class=\"uc08df6f47f11053af608c083b54522d0\"><style> .uc08df6f47f11053af608c083b54522d0 { padding:0px; margin: 0; padding-top:1em!important; padding-bottom:1em!important; width:100%; display: block; font-weight:bold; background-color:#eaeaea; border:0!important; border-left:4px solid #34495E!important; text-decoration:none; } .uc08df6f47f11053af608c083b54522d0:active, .uc08df6f47f11053af608c083b54522d0:hover { opacity: 1; transition: opacity 250ms; webkit-transition: opacity 250ms; text-decoration:none; } .uc08df6f47f11053af608c083b54522d0 { transition: background-color 250ms; webkit-transition: background-color 250ms; opacity: 1; transition: opacity 250ms; webkit-transition: opacity 250ms; } .uc08df6f47f11053af608c083b54522d0 .ctaText { font-weight:bold; color:#D35400; text-decoration:none; font-size: 16px; } .uc08df6f47f11053af608c083b54522d0 .postTitle { color:#000000; text-decoration: underline!important; font-size: 16px; } .uc08df6f47f11053af608c083b54522d0:hover .postTitle { text-decoration: underline!important; } <\/style><div style=\"padding-left:1em; padding-right:1em;\"><span class=\"ctaText\">Lea tambi\u00e9n<\/span>&nbsp; <span class=\"postTitle\">La provincia entreg\u00f3 aportes para establecimientos educativos de la Regi\u00f3n II<\/span><\/div><\/a><\/div>\n<p>\u201cLos reflectores LED ahorran un 50 por ciento de la energ\u00eda respecto de los reflectores tradicionales, ahorrando energ\u00eda, costos energ\u00e9ticos y emisiones de CO2\u201d, resalt\u00f3 el Ing. Franco Blatter, subsecretario de Tecnolog\u00edas para la Sostenibilidad. Y agreg\u00f3: \u201cA su vez tienen una vida \u00fatil mayor, por lo que son una tecnolog\u00eda de iluminaci\u00f3n m\u00e1s sustentable\u201d.<\/p>\n<p>\u201cLas escuelas EFA, por ser escuelas rurales, requieren iluminaci\u00f3n exterior para delimitar senderos de acceso seguro, por lo que estos reflectores suman infraestructura comunitaria sostenible a las escuelas. Las inversiones en tecnolog\u00eda eficiente muchas veces es dificultosa para las instituciones sociales o educativas, como en el caso de las EFA, en este sentido es importante que el gobierno de Santa Fe contin\u00fae llevando tecnolog\u00eda sostenible a estos sectores tan importantes de nuestro tejido social\u201d, concluy\u00f3 Blatter.<\/p>\n<p>Junto a Gonnet y Blatter, participaron de la entrega el secretario de la Uni\u00f3n de EFA, Mario Zapata; el director de la EFA N\u00ba 8209 \u201cSan Mart\u00edn Norte\u201d, Horacio Cortina; el presidente comunal de San Mart\u00edn Norte, Juan Testa, y el asesor del ministerio, Maximiliano Aimaretti<\/p>\n","protected":false},"excerpt":{"rendered":"<p>Son artefactos amigables con el ambiente, que reducen costos de consumo y mejoran la luminosidad&#8230;.<\/p>\n","protected":false},"author":1,"featured_media":1817,"comment_status":"closed","ping_status":"closed","sticky":false,"template":"","format":"standard","meta":{"footnotes":""},"categories":[7],"tags":[626,26,627,246],"class_list":["post-1816","post","type-post","status-publish","format-standard","has-post-thumbnail","hentry","category-provinciales","tag-agricola","tag-educacion","tag-luminarias","tag-provincia-de-santa-fe"],"featured_image_urls":{"full":["https:\/\/fmnativa.com\/portal\/wp-content\/uploads\/2020\/12\/2.jpeg",1280,960,false],"thumbnail":["https:\/\/fmnativa.com\/portal\/wp-content\/uploads\/2020\/12\/2-150x150.jpeg",150,150,true],"medium":["https:\/\/fmnativa.com\/portal\/wp-content\/uploads\/2020\/12\/2-300x225.jpeg",300,225,true],"medium_large":["https:\/\/fmnativa.com\/portal\/wp-content\/uploads\/2020\/12\/2-768x576.jpeg",640,480,true],"large":["https:\/\/fmnativa.com\/portal\/wp-content\/uploads\/2020\/12\/2-1024x768.jpeg",640,480,true],"1536x1536":["https:\/\/fmnativa.com\/portal\/wp-content\/uploads\/2020\/12\/2.jpeg",1280,960,false],"2048x2048":["https:\/\/fmnativa.com\/portal\/wp-content\/uploads\/2020\/12\/2.jpeg",1280,960,false],"covernews-slider-full":["https:\/\/fmnativa.com\/portal\/wp-content\/uploads\/2020\/12\/2.jpeg",953,715,false],"covernews-slider-center":["https:\/\/fmnativa.com\/portal\/wp-content\/uploads\/2020\/12\/2.jpeg",667,500,false],"covernews-featured":["https:\/\/fmnativa.com\/portal\/wp-content\/uploads\/2020\/12\/2.jpeg",1024,768,false],"covernews-medium":["https:\/\/fmnativa.com\/portal\/wp-content\/uploads\/2020\/12\/2.jpeg",453,340,false],"covernews-medium-square":["https:\/\/fmnativa.com\/portal\/wp-content\/uploads\/2020\/12\/2.jpeg",333,250,false]},"author_info":{"info":["Fabian"]},"category_info":"<a href=\"https:\/\/fmnativa.com\/portal\/category\/provinciales\/\" rel=\"category tag\">PROVINCIALES<\/a>","tag_info":"PROVINCIALES","comment_count":"0","_links":{"self":[{"href":"https:\/\/fmnativa.com\/portal\/wp-json\/wp\/v2\/posts\/1816","targetHints":{"allow":["GET"]}}],"collection":[{"href":"https:\/\/fmnativa.com\/portal\/wp-json\/wp\/v2\/posts"}],"about":[{"href":"https:\/\/fmnativa.com\/portal\/wp-json\/wp\/v2\/types\/post"}],"author":[{"embeddable":true,"href":"https:\/\/fmnativa.com\/portal\/wp-json\/wp\/v2\/users\/1"}],"replies":[{"embeddable":true,"href":"https:\/\/fmnativa.com\/portal\/wp-json\/wp\/v2\/comments?post=1816"}],"version-history":[{"count":1,"href":"https:\/\/fmnativa.com\/portal\/wp-json\/wp\/v2\/posts\/1816\/revisions"}],"predecessor-version":[{"id":1818,"href":"https:\/\/fmnativa.com\/portal\/wp-json\/wp\/v2\/posts\/1816\/revisions\/1818"}],"wp:featuredmedia":[{"embeddable":true,"href":"https:\/\/fmnativa.com\/portal\/wp-json\/wp\/v2\/media\/1817"}],"wp:attachment":[{"href":"https:\/\/fmnativa.com\/portal\/wp-json\/wp\/v2\/media?parent=1816"}],"wp:term":[{"taxonomy":"category","embeddable":true,"href":"https:\/\/fmnativa.com\/portal\/wp-json\/wp\/v2\/categories?post=1816"},{"taxonomy":"post_tag","embeddable":true,"href":"https:\/\/fmnativa.com\/portal\/wp-json\/wp\/v2\/tags?post=1816"}],"curies":[{"name":"wp","href":"https:\/\/api.w.org\/{rel}","templated":true}]}}