{"id":1834,"date":"2020-12-26T22:26:16","date_gmt":"2020-12-27T01:26:16","guid":{"rendered":"https:\/\/fmnativa.com\/portal\/?p=1834"},"modified":"2020-12-26T22:26:16","modified_gmt":"2020-12-27T01:26:16","slug":"coronavirus-vacuna-la-palabra-de-perotti-tras-la-reunion-con-el-presidente","status":"publish","type":"post","link":"https:\/\/fmnativa.com\/portal\/2020\/12\/26\/coronavirus-vacuna-la-palabra-de-perotti-tras-la-reunion-con-el-presidente\/","title":{"rendered":"Coronavirus &#8211; VACUNA: LA PALABRA DE PEROTTI TRAS LA REUNION CON EL PRESIDENTE"},"content":{"rendered":"<div id=\"fb-root\"><\/div>\n<p><em><strong>El gobernador particip\u00f3 de la reuni\u00f3n de la que formaron parte los 24 mandatarios y mandatarias provinciales y en la que el presidente brind\u00f3 detalles del operativo. El lunes arribar\u00e1n las vacunas a Santa Fe y el martes comenzar\u00e1n a colocarse.<\/strong><\/em><\/p>\n<p>El gobernador Omar Perotti particip\u00f3 este s\u00e1bado de la reuni\u00f3n por videoconferencia que el presidente de la naci\u00f3n, Alberto Fern\u00e1ndez, encabez\u00f3 junto al ministro de Salud, Gin\u00e9s Gonz\u00e1lez Garc\u00eda, con el objetivo de informar sobre el operativo de arribo y traslado de las primeras 300 mil dosis de vacunasSputnik V a todas las provincias argentinas. Tambi\u00e9n abord\u00f3 aspectos centrales, junto a los gobernadores, respecto de las tareas de vacunaci\u00f3n, en el marco de la pandemia de Covid 19.<br \/>\nEl presidente de la Naci\u00f3n, desde la Residencia de Olivos se\u00f1al\u00f3 que \u201cla idea es que cuando llegue el oto\u00f1o tengamos vacunada a la mayor cantidad de gente en riesgo, ese es mi objetivo. Mientras tanto, tenemos que cuidarnos y que nuestros compatriotas entiendan que el riesgo est\u00e1 latente y que hay que evitar las aglomeraciones como las de los \u00faltimos d\u00edas\u201d, sostuvo Fern\u00e1ndez.<\/p>\n<p><strong>Santa Fe y la llegada de las vacunas a la provincia<\/strong><\/p>\n<p>El gobernador Omar Perotti felicit\u00f3 y destac\u00f3 la labor del gobierno nacional por el trabajo mancomunado en Rusia y en el territorio argentino durante el arribo de las primeras dosis. Y reconoci\u00f3 como buena se\u00f1al que \u201cen todo el pa\u00eds comience la vacunaci\u00f3n a la vez, todos juntos como desde el inicio. Seguimos peleando contra el virus y ahora sumamos la vacunaci\u00f3n\u201d.<\/p>\n<p>Respecto puntualmente a la provincia de Santa Fe, Perotti sostuvo que est\u00e1 previsto recibirlas el lunes 28 al mediod\u00eda. \u201cSon 21 centros de almacenamiento que se han definido para recibir las vacunas en esta instancia, donde el mismo transporte que se ha hecho cargo del esquema nacional, llegar\u00e1 a cada uno de estos centros con la seguridad de no alterar el fr\u00edo que es el que hay que resguardar en todo momento\u201d.<\/p>\n<p>Por otra parte, el titular de la Casa Gris afirm\u00f3 que el martes 29 es \u201cel d\u00eda de inicio en todo el pa\u00eds de la vacunaci\u00f3n. A las 9hs se estar\u00e1 comenzando en cada una de las provincias argentinas con el proceso de vacunaci\u00f3n, tomando como prioridad a todo el personal de terapistas, guardias, ambulancias y responsables de laboratorios. Es decir, el considerado personal cr\u00edtico y de resguardo, que han tenido que llevar hasta aqu\u00ed el trabajo con los casos positivos que requirieron atenci\u00f3n\u201d.<\/p>\n<div style=\"clear:both; margin-top:0em; margin-bottom:1em;\"><a href=\"https:\/\/fmnativa.com\/portal\/2020\/12\/26\/coronavirus-que-cantidad-de-dosis-llegaran-a-cada-provincia\/\" target=\"_blank\" rel=\"nofollow\" class=\"u3da0dae551e7a436731d3868cc011f90\"><style> .u3da0dae551e7a436731d3868cc011f90 { padding:0px; margin: 0; padding-top:1em!important; padding-bottom:1em!important; width:100%; display: block; font-weight:bold; background-color:#eaeaea; border:0!important; border-left:4px solid #34495E!important; text-decoration:none; } .u3da0dae551e7a436731d3868cc011f90:active, .u3da0dae551e7a436731d3868cc011f90:hover { opacity: 1; transition: opacity 250ms; webkit-transition: opacity 250ms; text-decoration:none; } .u3da0dae551e7a436731d3868cc011f90 { transition: background-color 250ms; webkit-transition: background-color 250ms; opacity: 1; transition: opacity 250ms; webkit-transition: opacity 250ms; } .u3da0dae551e7a436731d3868cc011f90 .ctaText { font-weight:bold; color:#D35400; text-decoration:none; font-size: 16px; } .u3da0dae551e7a436731d3868cc011f90 .postTitle { color:#000000; text-decoration: underline!important; font-size: 16px; } .u3da0dae551e7a436731d3868cc011f90:hover .postTitle { text-decoration: underline!important; } <\/style><div style=\"padding-left:1em; padding-right:1em;\"><span class=\"ctaText\">Lea tambi\u00e9n<\/span>&nbsp; <span class=\"postTitle\">Coronavirus - Qu\u00e9 cantidad de dosis llegar\u00e1n a cada provincia ?<\/span><\/div><\/a><\/div>\n<p><strong>Un caso destacado a nivel mundial<\/strong><\/p>\n<p>Alberto Fern\u00e1ndez resalt\u00f3 \u201cla imperiosa necesidad de estar coordinados debido a que se trata de una operaci\u00f3n que involucrar\u00e1 a una important\u00edsima en cantidad de gente. Todo debe estar muy bien organizado.<\/p>\n<p>El Jefe de Estado destac\u00f3 la cantidad de dosis que se est\u00e1n distribuyendo y consign\u00f3: \u201cTuvimos una enorme posibilidad de acceder como nadie en el mundo de la periferia ha accedido \u201cDebemos seguir trabajando muy unidos porque la \u00fanica preocupaci\u00f3n que tenemos que tener es garantizar la salud de los argentinos, y en eso no tenemos bander\u00eda pol\u00edtica\u201d, dijo el Presidente.<\/p>\n<p>En concordancia, Gonz\u00e1lez Garc\u00eda subray\u00f3 que la estrategia federal ser\u00e1 \u201ccoordinada, integral y con equidad absoluta entre las 24 jurisdicciones\u201d. Es por ello, que el titular de la cartera sanitaria nacional remarc\u00f3 que el plan operativo de vacunaci\u00f3n tiene una poblaci\u00f3n objetivo que ya ha sido determinada conjuntamente con las provincias. \u201cHemos trabajado en poblaci\u00f3n objetivo, puntos de vacunaci\u00f3n, equipos de vacunaci\u00f3n, registros, cadenas de fr\u00edo, cuestiones que tiene un desaf\u00edo de esta magnitud\u201d, asegur\u00f3.<\/p>\n<p><strong>Seguir cuid\u00e1ndonos<\/strong><\/p>\n<p>Durante el encuentro virtual con los primeros mandatarios provinciales, el presidente Alberto Fern\u00e1ndez resalt\u00f3 que el virus del Covid 19 sigue circulando entre la poblaci\u00f3n, \u201cy en la medida que nos descuidemos, las posibilidades que el problema se potencie es m\u00e1s clara\u201d.<\/p>\n<p>Y en relaci\u00f3n a ello, el ministro de Salud agreg\u00f3: \u201cQue no se conviertan las fiestas y las vacaciones, en un problema agregado. Hoy, teniendo la esperanza de la vacuna, es m\u00e1s importante cumplir con las medidas que todos sabemos que hay que cumplir\u201d.<\/p>\n<p>Respecto a las primeras 300 mil dosis de vacunas Sputnik V que llegaron a la Argentina, se detall\u00f3 que este lunes saldr\u00e1n las primeras 150 mil en camiones de la empresa de log\u00edstica contratada para dicho evento, a excepci\u00f3n de Santa Cruz y Tierra del Fuego, provincias a las que, debido a la distancia, llegar\u00e1n por avi\u00f3n.<\/p>\n<p>El objetivo primero de vacunaci\u00f3n es el personal de salud que est\u00e1 en riesgo por v\u00ednculo directo con enfermos o presuntos enfermos de Coronavirus. \u201cEs un desaf\u00edo que seguiremos haciendo todos juntos como lo hemos hecho desde el comienzo de la pandemia\u201d, dijo Gin\u00e9s Gonz\u00e1les Garc\u00eda.<\/p>\n<p><strong>Presentes<\/strong><\/p>\n<p>Participaron del encuentro el jefe de Gobierno de la Ciudad de Buenos Aires, Horacio Rodr\u00edguez Larreta; y los gobernadores de Buenos Aires, Axel Kicillof; de Catamarca, Ra\u00fal Jalil; de Chaco, Jorge Capitanich; de C\u00f3rdoba, Juan Schiaretti; de Corrientes, Gustavo Vald\u00e9s; de Entre R\u00edos, Gustavo Bordet; de Formosa, GildoInsfr\u00e1n; de Jujuy, Gerardo Morales; de La Pampa, Sergio Ziliotto; de La Rioja, Ricardo Quintela; de Mendoza, Rodolfo Su\u00e1rez; de Misiones, Oscar Herrera Ahuad; de Neuqu\u00e9n, Omar Guti\u00e9rrez; de R\u00edo Negro, Arabela Carreras; de Salta, Gustavo S\u00e1enz; de San Juan, Sergio U\u00f1ac; de San Luis, Alberto Rodr\u00edguez Sa\u00e1; de Santa Cruz, Alicia Kirchner; de Santiago del Estero, Gerardo Zamora; de Tierra del Fuego, Ant\u00e1rtida e Islas del Atl\u00e1ntico Sur, Gustavo Melella y de Tucum\u00e1n, Juan Manzur, y el vicegobernador de Chubut, Ricardo Sastre.<\/p>\n<p>Todos los mandatarios provinciales expresaron sus felicitaciones por el comienzo del plan de vacunaci\u00f3n contra el Covid-19.<\/p>\n","protected":false},"excerpt":{"rendered":"<p>El gobernador particip\u00f3 de la reuni\u00f3n de la que formaron parte los 24 mandatarios y&#8230;<\/p>\n","protected":false},"author":1,"featured_media":1835,"comment_status":"closed","ping_status":"closed","sticky":false,"template":"","format":"standard","meta":{"footnotes":""},"categories":[49,7],"tags":[133,32,130,80,75,246,628,83],"class_list":["post-1834","post","type-post","status-publish","format-standard","has-post-thumbnail","hentry","category-covid-19","category-provinciales","tag-coronavirus","tag-covid-19","tag-cuarentena","tag-pandemia","tag-perotti","tag-provincia-de-santa-fe","tag-sputnikv","tag-vacuna"],"featured_image_urls":{"full":["https:\/\/fmnativa.com\/portal\/wp-content\/uploads\/2020\/12\/1-1.jpeg",1280,853,false],"thumbnail":["https:\/\/fmnativa.com\/portal\/wp-content\/uploads\/2020\/12\/1-1-150x150.jpeg",150,150,true],"medium":["https:\/\/fmnativa.com\/portal\/wp-content\/uploads\/2020\/12\/1-1-300x200.jpeg",300,200,true],"medium_large":["https:\/\/fmnativa.com\/portal\/wp-content\/uploads\/2020\/12\/1-1-768x512.jpeg",640,427,true],"large":["https:\/\/fmnativa.com\/portal\/wp-content\/uploads\/2020\/12\/1-1-1024x682.jpeg",640,426,true],"1536x1536":["https:\/\/fmnativa.com\/portal\/wp-content\/uploads\/2020\/12\/1-1.jpeg",1280,853,false],"2048x2048":["https:\/\/fmnativa.com\/portal\/wp-content\/uploads\/2020\/12\/1-1.jpeg",1280,853,false],"covernews-slider-full":["https:\/\/fmnativa.com\/portal\/wp-content\/uploads\/2020\/12\/1-1.jpeg",1073,715,false],"covernews-slider-center":["https:\/\/fmnativa.com\/portal\/wp-content\/uploads\/2020\/12\/1-1.jpeg",750,500,false],"covernews-featured":["https:\/\/fmnativa.com\/portal\/wp-content\/uploads\/2020\/12\/1-1.jpeg",1024,682,false],"covernews-medium":["https:\/\/fmnativa.com\/portal\/wp-content\/uploads\/2020\/12\/1-1.jpeg",510,340,false],"covernews-medium-square":["https:\/\/fmnativa.com\/portal\/wp-content\/uploads\/2020\/12\/1-1.jpeg",375,250,false]},"author_info":{"info":["Fabian"]},"category_info":"<a href=\"https:\/\/fmnativa.com\/portal\/category\/covid-19\/\" rel=\"category tag\">COVID 19<\/a> <a href=\"https:\/\/fmnativa.com\/portal\/category\/provinciales\/\" rel=\"category tag\">PROVINCIALES<\/a>","tag_info":"PROVINCIALES","comment_count":"0","_links":{"self":[{"href":"https:\/\/fmnativa.com\/portal\/wp-json\/wp\/v2\/posts\/1834","targetHints":{"allow":["GET"]}}],"collection":[{"href":"https:\/\/fmnativa.com\/portal\/wp-json\/wp\/v2\/posts"}],"about":[{"href":"https:\/\/fmnativa.com\/portal\/wp-json\/wp\/v2\/types\/post"}],"author":[{"embeddable":true,"href":"https:\/\/fmnativa.com\/portal\/wp-json\/wp\/v2\/users\/1"}],"replies":[{"embeddable":true,"href":"https:\/\/fmnativa.com\/portal\/wp-json\/wp\/v2\/comments?post=1834"}],"version-history":[{"count":1,"href":"https:\/\/fmnativa.com\/portal\/wp-json\/wp\/v2\/posts\/1834\/revisions"}],"predecessor-version":[{"id":1836,"href":"https:\/\/fmnativa.com\/portal\/wp-json\/wp\/v2\/posts\/1834\/revisions\/1836"}],"wp:featuredmedia":[{"embeddable":true,"href":"https:\/\/fmnativa.com\/portal\/wp-json\/wp\/v2\/media\/1835"}],"wp:attachment":[{"href":"https:\/\/fmnativa.com\/portal\/wp-json\/wp\/v2\/media?parent=1834"}],"wp:term":[{"taxonomy":"category","embeddable":true,"href":"https:\/\/fmnativa.com\/portal\/wp-json\/wp\/v2\/categories?post=1834"},{"taxonomy":"post_tag","embeddable":true,"href":"https:\/\/fmnativa.com\/portal\/wp-json\/wp\/v2\/tags?post=1834"}],"curies":[{"name":"wp","href":"https:\/\/api.w.org\/{rel}","templated":true}]}}