{"id":1860,"date":"2020-12-28T18:27:25","date_gmt":"2020-12-28T21:27:25","guid":{"rendered":"https:\/\/fmnativa.com\/portal\/?p=1860"},"modified":"2020-12-28T18:31:07","modified_gmt":"2020-12-28T21:31:07","slug":"coronavirus-se-reunio-el-comite-de-crisis-y-seguimiento-covid-19-de-reconquista","status":"publish","type":"post","link":"https:\/\/fmnativa.com\/portal\/2020\/12\/28\/coronavirus-se-reunio-el-comite-de-crisis-y-seguimiento-covid-19-de-reconquista\/","title":{"rendered":"Coronavirus &#8211; SE REUNIO EL COMITE DE CRISIS Y SEGUIMIENTO COVID-19 DE RECONQUISTA"},"content":{"rendered":"<div id=\"fb-root\"><\/div>\n<p><em><strong>A la fecha un total de casos activos de 246 personas con Covid, para un total de 1637 casos acumulados desde el comienzo de la pandemia<\/strong><\/em><\/p>\n<p>El Intendente Dr. Amadeo Enrique Vallejos encabez\u00f3, en la ma\u00f1ana del lunes 28 de diciembre, la reuni\u00f3n semanal del Comit\u00e9 de Crisis y Seguimiento Sanitario del Covid-19, destacando el inicio de la distribuci\u00f3n y aplicaci\u00f3n de la primera dosis de la vacuna.<\/p>\n<p>En Casa del Bicentenario, la Dra. Leira Mansur actualiz\u00f3 el resumen de la situaci\u00f3n epidemiol\u00f3gica de Reconquista, luego de \u201cun fin de semana largo, ven\u00edamos manejando la posibilidad de que el n\u00famero de hisopados iba a disminuir con respecto a semanas previas, por lo que van a ver que el n\u00famero total de pacientes positivos ha tenido un descenso franco, pero creemos que los primeros d\u00edas de enero, luego de las fechas festivas, vamos a tener nuevamente un aumento\u201d.<\/p>\n<p>La titular de la Regi\u00f3n de Salud detall\u00f3 que el jueves se registraron 28 casos positivos (14 nexo definido, 14 en estudio), el viernes 6 (3 nexo definido, 3 en estudio), el s\u00e1bado 16 (9 nexo definido, 7 en estudio) y el domingo 7 (3 nexo definido, 4 en estudio). Agreg\u00f3 que \u201csi uno ve comparativamente los n\u00fameros, hubo un descenso importante en los activos por la cantidad de altas, que superaron mucho a los positivos que sumamos en estos cuatro d\u00edas, lo que hace que tengamos a la fecha un total de casos activos de 246 personas con Covid, para un total de 1637 casos acumulados desde el comienzo de la pandemia\u201d.<\/p>\n<p>A continuaci\u00f3n, el Director del Hospital Central Reconquista especific\u00f3 que en terapia intensiva hay 9 pacientes Covid internados, de los cuales 7 est\u00e1n en ventilaci\u00f3n asistida y el resto con alto flujo, 15 en cl\u00ednica m\u00e9dica y 10 en el Hospital de Campa\u00f1a, con \u201cel primer caso de una internaci\u00f3n de una ni\u00f1a en pediatr\u00eda, estable, con Covid positivo de 8 a\u00f1os\u201d. El Dr. Fabi\u00e1n Nuzzarello apel\u00f3 \u201ca la responsabilidad extrema de la poblaci\u00f3n, ya que el colapso del sistema privado para pacientes no Covid nos puede poner en riesgo la ocupaci\u00f3n de camas en terapia\u201d.<\/p>\n<p>La Mg. Ainelen Radosevich, responsable del \u00c1rea de Salud de la Municipalidad de Reconquista, a\u00f1adi\u00f3 que \u201ca la fecha tenemos un total de 3611 test realizados y registrados, con un \u00edndice de positividad de 48%, 977 personas aisladas y un \u00edndice de letalidad del 1,8%\u201d.<\/p>\n<p>Para finalizar, el Intendente Dr. Amadeo Enrique Vallejos se refiri\u00f3 al aumento a 53 \u201clocalidades que derivan al Hospital de Reconquista en el \u00faltimo tiempo\u201d, lo que expandi\u00f3 mucho el \u00e1rea de cobertura, especialmente desde el Departamento 9 de Julio que habitualmente lo hac\u00eda a Santa Fe y Rafaela, por lo que se sigue trabajando para coordinar derivaciones hacia la ciudad de Rosario.<\/p>\n","protected":false},"excerpt":{"rendered":"<p>A la fecha un total de casos activos de 246 personas con Covid, para un&#8230;<\/p>\n","protected":false},"author":1,"featured_media":1862,"comment_status":"closed","ping_status":"closed","sticky":false,"template":"","format":"standard","meta":{"footnotes":""},"categories":[49,5],"tags":[30,639,133,32,130,37,73],"class_list":["post-1860","post","type-post","status-publish","format-standard","has-post-thumbnail","hentry","category-covid-19","category-locales","tag-aislamiento","tag-comitedecrisisyseguimientocovid-19","tag-coronavirus","tag-covid-19","tag-cuarentena","tag-reconquista","tag-salud"],"featured_image_urls":{"full":["https:\/\/fmnativa.com\/portal\/wp-content\/uploads\/2020\/12\/1-4.jpeg",1268,816,false],"thumbnail":["https:\/\/fmnativa.com\/portal\/wp-content\/uploads\/2020\/12\/1-4-150x150.jpeg",150,150,true],"medium":["https:\/\/fmnativa.com\/portal\/wp-content\/uploads\/2020\/12\/1-4-300x193.jpeg",300,193,true],"medium_large":["https:\/\/fmnativa.com\/portal\/wp-content\/uploads\/2020\/12\/1-4-768x494.jpeg",640,412,true],"large":["https:\/\/fmnativa.com\/portal\/wp-content\/uploads\/2020\/12\/1-4-1024x659.jpeg",640,412,true],"1536x1536":["https:\/\/fmnativa.com\/portal\/wp-content\/uploads\/2020\/12\/1-4.jpeg",1268,816,false],"2048x2048":["https:\/\/fmnativa.com\/portal\/wp-content\/uploads\/2020\/12\/1-4.jpeg",1268,816,false],"covernews-slider-full":["https:\/\/fmnativa.com\/portal\/wp-content\/uploads\/2020\/12\/1-4.jpeg",1111,715,false],"covernews-slider-center":["https:\/\/fmnativa.com\/portal\/wp-content\/uploads\/2020\/12\/1-4.jpeg",777,500,false],"covernews-featured":["https:\/\/fmnativa.com\/portal\/wp-content\/uploads\/2020\/12\/1-4.jpeg",1024,659,false],"covernews-medium":["https:\/\/fmnativa.com\/portal\/wp-content\/uploads\/2020\/12\/1-4.jpeg",528,340,false],"covernews-medium-square":["https:\/\/fmnativa.com\/portal\/wp-content\/uploads\/2020\/12\/1-4.jpeg",388,250,false]},"author_info":{"info":["Fabian"]},"category_info":"<a href=\"https:\/\/fmnativa.com\/portal\/category\/covid-19\/\" rel=\"category tag\">COVID 19<\/a> <a href=\"https:\/\/fmnativa.com\/portal\/category\/locales\/\" rel=\"category tag\">LOCALES<\/a>","tag_info":"LOCALES","comment_count":"0","_links":{"self":[{"href":"https:\/\/fmnativa.com\/portal\/wp-json\/wp\/v2\/posts\/1860","targetHints":{"allow":["GET"]}}],"collection":[{"href":"https:\/\/fmnativa.com\/portal\/wp-json\/wp\/v2\/posts"}],"about":[{"href":"https:\/\/fmnativa.com\/portal\/wp-json\/wp\/v2\/types\/post"}],"author":[{"embeddable":true,"href":"https:\/\/fmnativa.com\/portal\/wp-json\/wp\/v2\/users\/1"}],"replies":[{"embeddable":true,"href":"https:\/\/fmnativa.com\/portal\/wp-json\/wp\/v2\/comments?post=1860"}],"version-history":[{"count":1,"href":"https:\/\/fmnativa.com\/portal\/wp-json\/wp\/v2\/posts\/1860\/revisions"}],"predecessor-version":[{"id":1861,"href":"https:\/\/fmnativa.com\/portal\/wp-json\/wp\/v2\/posts\/1860\/revisions\/1861"}],"wp:featuredmedia":[{"embeddable":true,"href":"https:\/\/fmnativa.com\/portal\/wp-json\/wp\/v2\/media\/1862"}],"wp:attachment":[{"href":"https:\/\/fmnativa.com\/portal\/wp-json\/wp\/v2\/media?parent=1860"}],"wp:term":[{"taxonomy":"category","embeddable":true,"href":"https:\/\/fmnativa.com\/portal\/wp-json\/wp\/v2\/categories?post=1860"},{"taxonomy":"post_tag","embeddable":true,"href":"https:\/\/fmnativa.com\/portal\/wp-json\/wp\/v2\/tags?post=1860"}],"curies":[{"name":"wp","href":"https:\/\/api.w.org\/{rel}","templated":true}]}}