{"id":1872,"date":"2020-12-28T19:07:15","date_gmt":"2020-12-28T22:07:15","guid":{"rendered":"https:\/\/fmnativa.com\/portal\/?p=1872"},"modified":"2020-12-28T19:07:15","modified_gmt":"2020-12-28T22:07:15","slug":"a-cuidar-el-agua","status":"publish","type":"post","link":"https:\/\/fmnativa.com\/portal\/2020\/12\/28\/a-cuidar-el-agua\/","title":{"rendered":"A CUIDAR EL AGUA !!!!"},"content":{"rendered":"<div id=\"fb-root\"><\/div>\n<p><strong>Aguas Santafesinas recuerda la necesidad de realizar un uso responsable y solidario del agua potable<\/strong><\/p>\n<p>Se debe a la intensa ola de calor que alcanza a toda la regi\u00f3n, ya que la alta demanda puede llevar a un consumo por encima de su capacidad de producci\u00f3n.<\/p>\n<p>Ante la intensa ola de calor con altas temperaturas que alcanza a toda la regi\u00f3n, Aguas Santafesinas recuerda la necesidad de realizar un uso responsable y solidario del agua potable, ya que la alta demanda puede llevar a un consumo por encima de su capacidad de producci\u00f3n.<br \/>\nLa empresa est\u00e1 trabajando con toda la disponibilidad de sus sistemas de captaci\u00f3n, potabilizaci\u00f3n y distribuci\u00f3n de agua potable.<\/p>\n<p>Por eso, para sostener la prestaci\u00f3n de este servicio esencial es necesario el aporte de los usuarios mediante acciones concretas que no modifican la calidad de vida pero evitan derroches innecesarios:<\/p>\n<p><strong>&gt;&gt; Piletas de lona:<\/strong> se debe evitar la renovaci\u00f3n constante del agua de las piletas de esparcimiento en forma innecesaria. Una pileta de lona llena de 3.000 litros equivale al consumo diario de agua potable de 25 personas. Con la dosificaci\u00f3n diaria de hipoclorito de sodio (lavandina) o con una pastilla de cloro s\u00f3lido se puede conservarla en adecuado estado por varios d\u00edas. Tambi\u00e9n se debe lavar los pies antes de ingresar a la pileta, retirar la basura de la superficie y cubrirla con una lona o pl\u00e1stico mientras no se use para evitar el ingreso de polvo u hojas que afectan el estado de conservaci\u00f3n del agua.<\/p>\n<p><strong>&gt;&gt; No utilizar el agua potable en actividades que pueden postergarse<\/strong>, en particular las que demandan importante cantidad de agua: lavado de autos y veredas, regado de jardines, lavarropas, llenado o renovaci\u00f3n del agua de piletas de esparcimiento.<\/p>\n<p><strong>&gt;&gt; Una manguera con salida continua de agua gasta 500 litros por hora<\/strong>: evitar su uso. S\u00f3lo lavar las veredas los d\u00edas y horarios autorizados por la Municipalidad. Utilizar baldes o mangueras provistas de sistemas de corte (gatillo o interruptores o pulsadores) para evitar el derroche. Tampoco lavar veh\u00edculos ni arrojar aguas servidas a la v\u00eda p\u00fablica.<\/p>\n<p><strong>&gt;&gt; No est\u00e1n permitidas las bombas \u201cchupadoras\u201d<\/strong> conectadas en forma directa a la red, que causan riesgos y perjuicios directamente a las ca\u00f1er\u00edas de sus instalaciones internas y de sus vecinos.<\/p>\n<p><strong>&gt;&gt; No se debe dejar que el agua corra innecesariamente al lavar<\/strong> los platos, al lavarse los dientes o al ba\u00f1arse, una ducha de 10 minutos consume 80 litros de agua.<\/p>\n<p><strong>&gt;&gt; Controlar las p\u00e9rdidas en canillas,<\/strong> tanques de agua y otras instalaciones, un dep\u00f3sito de inodoro con deficiencias desperdicia 4.500 litros por d\u00eda.<\/p>\n<blockquote><p><strong>&gt; En caso de localizar una fuga de agua potable en la v\u00eda p\u00fablica<\/strong>, los usuarios pueden notificarla a trav\u00e9s del Centro de Atenci\u00f3n 24 horas por Whatsapp: +54 341 695-0008.<\/p><\/blockquote>\n<p style=\"text-align: center;\"><img fetchpriority=\"high\" decoding=\"async\" class=\"alignnone wp-image-1874 \" src=\"https:\/\/fmnativa.com\/portal\/wp-content\/uploads\/2020\/12\/1-5.jpeg\" alt=\"\" width=\"723\" height=\"405\" srcset=\"https:\/\/fmnativa.com\/portal\/wp-content\/uploads\/2020\/12\/1-5.jpeg 1140w, https:\/\/fmnativa.com\/portal\/wp-content\/uploads\/2020\/12\/1-5-300x168.jpeg 300w, https:\/\/fmnativa.com\/portal\/wp-content\/uploads\/2020\/12\/1-5-1024x575.jpeg 1024w, https:\/\/fmnativa.com\/portal\/wp-content\/uploads\/2020\/12\/1-5-768x431.jpeg 768w\" sizes=\"(max-width: 723px) 100vw, 723px\" \/><\/p>\n","protected":false},"excerpt":{"rendered":"<p>Aguas Santafesinas recuerda la necesidad de realizar un uso responsable y solidario del agua potable&#8230;<\/p>\n","protected":false},"author":1,"featured_media":1875,"comment_status":"closed","ping_status":"closed","sticky":false,"template":"","format":"standard","meta":{"footnotes":""},"categories":[7],"tags":[645,647,648,649,646],"class_list":["post-1872","post","type-post","status-publish","format-standard","has-post-thumbnail","hentry","category-provinciales","tag-agua","tag-calor","tag-cuidarelagua","tag-provincidesantafe","tag-verano"],"featured_image_urls":{"full":["https:\/\/fmnativa.com\/portal\/wp-content\/uploads\/2020\/12\/1-7.jpg",895,490,false],"thumbnail":["https:\/\/fmnativa.com\/portal\/wp-content\/uploads\/2020\/12\/1-7-150x150.jpg",150,150,true],"medium":["https:\/\/fmnativa.com\/portal\/wp-content\/uploads\/2020\/12\/1-7-300x164.jpg",300,164,true],"medium_large":["https:\/\/fmnativa.com\/portal\/wp-content\/uploads\/2020\/12\/1-7-768x420.jpg",640,350,true],"large":["https:\/\/fmnativa.com\/portal\/wp-content\/uploads\/2020\/12\/1-7.jpg",640,350,false],"1536x1536":["https:\/\/fmnativa.com\/portal\/wp-content\/uploads\/2020\/12\/1-7.jpg",895,490,false],"2048x2048":["https:\/\/fmnativa.com\/portal\/wp-content\/uploads\/2020\/12\/1-7.jpg",895,490,false],"covernews-slider-full":["https:\/\/fmnativa.com\/portal\/wp-content\/uploads\/2020\/12\/1-7.jpg",895,490,false],"covernews-slider-center":["https:\/\/fmnativa.com\/portal\/wp-content\/uploads\/2020\/12\/1-7.jpg",800,438,false],"covernews-featured":["https:\/\/fmnativa.com\/portal\/wp-content\/uploads\/2020\/12\/1-7.jpg",895,490,false],"covernews-medium":["https:\/\/fmnativa.com\/portal\/wp-content\/uploads\/2020\/12\/1-7.jpg",540,296,false],"covernews-medium-square":["https:\/\/fmnativa.com\/portal\/wp-content\/uploads\/2020\/12\/1-7.jpg",400,219,false]},"author_info":{"info":["Fabian"]},"category_info":"<a href=\"https:\/\/fmnativa.com\/portal\/category\/provinciales\/\" rel=\"category tag\">PROVINCIALES<\/a>","tag_info":"PROVINCIALES","comment_count":"0","_links":{"self":[{"href":"https:\/\/fmnativa.com\/portal\/wp-json\/wp\/v2\/posts\/1872","targetHints":{"allow":["GET"]}}],"collection":[{"href":"https:\/\/fmnativa.com\/portal\/wp-json\/wp\/v2\/posts"}],"about":[{"href":"https:\/\/fmnativa.com\/portal\/wp-json\/wp\/v2\/types\/post"}],"author":[{"embeddable":true,"href":"https:\/\/fmnativa.com\/portal\/wp-json\/wp\/v2\/users\/1"}],"replies":[{"embeddable":true,"href":"https:\/\/fmnativa.com\/portal\/wp-json\/wp\/v2\/comments?post=1872"}],"version-history":[{"count":1,"href":"https:\/\/fmnativa.com\/portal\/wp-json\/wp\/v2\/posts\/1872\/revisions"}],"predecessor-version":[{"id":1876,"href":"https:\/\/fmnativa.com\/portal\/wp-json\/wp\/v2\/posts\/1872\/revisions\/1876"}],"wp:featuredmedia":[{"embeddable":true,"href":"https:\/\/fmnativa.com\/portal\/wp-json\/wp\/v2\/media\/1875"}],"wp:attachment":[{"href":"https:\/\/fmnativa.com\/portal\/wp-json\/wp\/v2\/media?parent=1872"}],"wp:term":[{"taxonomy":"category","embeddable":true,"href":"https:\/\/fmnativa.com\/portal\/wp-json\/wp\/v2\/categories?post=1872"},{"taxonomy":"post_tag","embeddable":true,"href":"https:\/\/fmnativa.com\/portal\/wp-json\/wp\/v2\/tags?post=1872"}],"curies":[{"name":"wp","href":"https:\/\/api.w.org\/{rel}","templated":true}]}}