{"id":1880,"date":"2020-12-28T19:19:44","date_gmt":"2020-12-28T22:19:44","guid":{"rendered":"https:\/\/fmnativa.com\/portal\/?p=1880"},"modified":"2020-12-28T19:19:44","modified_gmt":"2020-12-28T22:19:44","slug":"calchaqui-tendra-nueva-estacion-terminal-de-omnibus","status":"publish","type":"post","link":"https:\/\/fmnativa.com\/portal\/2020\/12\/28\/calchaqui-tendra-nueva-estacion-terminal-de-omnibus\/","title":{"rendered":"CALCHAQUI TENDRA NUEVA ESTACION TERMINAL DE OMNIBUS"},"content":{"rendered":"<div id=\"fb-root\"><\/div>\n<p><strong>La construir\u00e1 la Provincia&#8230;\u00a0 E<\/strong><strong>l proyecto arquitect\u00f3nico incorpora criterios de eficiencia constructiva y la singularidad dada por el programa funcional. Tendr\u00e1 un plazo de ejecuci\u00f3n de ocho meses y un presupuesto que supera los 170 millones de pesos.<\/strong><\/p>\n<p>El Ministerio de Infraestructura, Servicios P\u00fablicos y H\u00e1bitat, a trav\u00e9s de la Secretar\u00eda de Arquitectura y Obras P\u00fablicas, realizar\u00e1 el mi\u00e9rcoles 30 del corriente a las 11:30 horas, la apertura de sobres para la Construcci\u00f3n de una Nueva Estaci\u00f3n Terminal de \u00d3mnibus en la ciudad de Calchaqu\u00ed, departamento Vera.<\/p>\n<p>La obra, localizada en el predio ubicado en Calle Juan de Garay entre calles Mitre, Estanislao L\u00f3pez y Tucum\u00e1n de la Localidad de Calchaqu\u00ed, al margen oeste de la Ruta 11, tendr\u00e1 un plazo de ejecuci\u00f3n de ocho meses y un presupuesto oficial de $ 178.268.482,46.<br \/>\n\u201cEl proyecto se pens\u00f3 como un edificio de singular simplicidad y gran eficiencia constructiva. El desarrollo de la obra consiste en una cubierta de estructura liviana y un espacio interior de servicios, realizado mediante el sistema de construcci\u00f3n en seco, estructura met\u00e1lica, cubierta de liviana, un gran frente vidriado para el resguardo de la espera de los pasajeros, anunci\u00e1ndose \u00e9ste junto con el espacio semicubierto como puerta de entrada a la ciudad de Calchaqu\u00ed\u201d, adelant\u00f3 la secretaria de Arquitectura y Obras P\u00fablicas, Leticia Battaglia.<\/p>\n<p><strong><img fetchpriority=\"high\" decoding=\"async\" class=\" wp-image-1882 alignright\" src=\"https:\/\/fmnativa.com\/portal\/wp-content\/uploads\/2020\/12\/2-2-300x169.jpeg\" alt=\"\" width=\"426\" height=\"240\" srcset=\"https:\/\/fmnativa.com\/portal\/wp-content\/uploads\/2020\/12\/2-2-300x169.jpeg 300w, https:\/\/fmnativa.com\/portal\/wp-content\/uploads\/2020\/12\/2-2-1024x576.jpeg 1024w, https:\/\/fmnativa.com\/portal\/wp-content\/uploads\/2020\/12\/2-2-768x432.jpeg 768w, https:\/\/fmnativa.com\/portal\/wp-content\/uploads\/2020\/12\/2-2.jpeg 1280w\" sizes=\"(max-width: 426px) 100vw, 426px\" \/>LA OBRA<\/strong><br \/>\nEl edificio se desarrolla con aproximadamente 1,210 m2 entre superficie cubierta y semicubierta; y propone adem\u00e1s la puesta en valor de los espacios p\u00fablicos del entorno al Hospital Estanislao L\u00f3pez con nuevas veredas, parquizaci\u00f3n, arbolado y equipamientos urbanos.<\/p>\n<p>El acceso a la Terminal desde la ruta, a trav\u00e9s de la calle Mitre y su reincorporaci\u00f3n por calle Tucum\u00e1n, ser\u00e1 consolidado y se proyecta la pavimentaci\u00f3n de la colectora Juan de Garay frente a la terminal, agregando de esta manera, una prolongaci\u00f3n de la red vial de la ciudad de Calchaqu\u00ed.<\/p>\n<p><strong>EL ACTO<\/strong><br \/>\nLa apertura de sobres se efectuar\u00e1 el mi\u00e9rcoles 30 de diciembre, a las 11.30 horas en la Municipalidad de Calchaqu\u00ed, sita en calle Rodr\u00edguez S\u00e1enz Pe\u00f1a N\u00b0 1115.<\/p>\n","protected":false},"excerpt":{"rendered":"<p>La construir\u00e1 la Provincia&#8230;\u00a0 El proyecto arquitect\u00f3nico incorpora criterios de eficiencia constructiva y la singularidad&#8230;<\/p>\n","protected":false},"author":1,"featured_media":1881,"comment_status":"closed","ping_status":"closed","sticky":false,"template":"","format":"standard","meta":{"footnotes":""},"categories":[6],"tags":[605,653,654,643,652],"class_list":["post-1880","post","type-post","status-publish","format-standard","has-post-thumbnail","hentry","category-regionales","tag-calchaqui","tag-construccion","tag-obrapublica","tag-provinciadesantafe","tag-terminaldeomnibus"],"featured_image_urls":{"full":["https:\/\/fmnativa.com\/portal\/wp-content\/uploads\/2020\/12\/1-6.jpeg",1140,640,false],"thumbnail":["https:\/\/fmnativa.com\/portal\/wp-content\/uploads\/2020\/12\/1-6-150x150.jpeg",150,150,true],"medium":["https:\/\/fmnativa.com\/portal\/wp-content\/uploads\/2020\/12\/1-6-300x168.jpeg",300,168,true],"medium_large":["https:\/\/fmnativa.com\/portal\/wp-content\/uploads\/2020\/12\/1-6-768x431.jpeg",640,359,true],"large":["https:\/\/fmnativa.com\/portal\/wp-content\/uploads\/2020\/12\/1-6-1024x575.jpeg",640,359,true],"1536x1536":["https:\/\/fmnativa.com\/portal\/wp-content\/uploads\/2020\/12\/1-6.jpeg",1140,640,false],"2048x2048":["https:\/\/fmnativa.com\/portal\/wp-content\/uploads\/2020\/12\/1-6.jpeg",1140,640,false],"covernews-slider-full":["https:\/\/fmnativa.com\/portal\/wp-content\/uploads\/2020\/12\/1-6.jpeg",1115,626,false],"covernews-slider-center":["https:\/\/fmnativa.com\/portal\/wp-content\/uploads\/2020\/12\/1-6.jpeg",800,449,false],"covernews-featured":["https:\/\/fmnativa.com\/portal\/wp-content\/uploads\/2020\/12\/1-6.jpeg",1024,575,false],"covernews-medium":["https:\/\/fmnativa.com\/portal\/wp-content\/uploads\/2020\/12\/1-6.jpeg",540,303,false],"covernews-medium-square":["https:\/\/fmnativa.com\/portal\/wp-content\/uploads\/2020\/12\/1-6.jpeg",400,225,false]},"author_info":{"info":["Fabian"]},"category_info":"<a href=\"https:\/\/fmnativa.com\/portal\/category\/regionales\/\" rel=\"category tag\">REGIONALES<\/a>","tag_info":"REGIONALES","comment_count":"0","_links":{"self":[{"href":"https:\/\/fmnativa.com\/portal\/wp-json\/wp\/v2\/posts\/1880","targetHints":{"allow":["GET"]}}],"collection":[{"href":"https:\/\/fmnativa.com\/portal\/wp-json\/wp\/v2\/posts"}],"about":[{"href":"https:\/\/fmnativa.com\/portal\/wp-json\/wp\/v2\/types\/post"}],"author":[{"embeddable":true,"href":"https:\/\/fmnativa.com\/portal\/wp-json\/wp\/v2\/users\/1"}],"replies":[{"embeddable":true,"href":"https:\/\/fmnativa.com\/portal\/wp-json\/wp\/v2\/comments?post=1880"}],"version-history":[{"count":1,"href":"https:\/\/fmnativa.com\/portal\/wp-json\/wp\/v2\/posts\/1880\/revisions"}],"predecessor-version":[{"id":1883,"href":"https:\/\/fmnativa.com\/portal\/wp-json\/wp\/v2\/posts\/1880\/revisions\/1883"}],"wp:featuredmedia":[{"embeddable":true,"href":"https:\/\/fmnativa.com\/portal\/wp-json\/wp\/v2\/media\/1881"}],"wp:attachment":[{"href":"https:\/\/fmnativa.com\/portal\/wp-json\/wp\/v2\/media?parent=1880"}],"wp:term":[{"taxonomy":"category","embeddable":true,"href":"https:\/\/fmnativa.com\/portal\/wp-json\/wp\/v2\/categories?post=1880"},{"taxonomy":"post_tag","embeddable":true,"href":"https:\/\/fmnativa.com\/portal\/wp-json\/wp\/v2\/tags?post=1880"}],"curies":[{"name":"wp","href":"https:\/\/api.w.org\/{rel}","templated":true}]}}