{"id":1896,"date":"2020-12-29T11:49:28","date_gmt":"2020-12-29T14:49:28","guid":{"rendered":"https:\/\/fmnativa.com\/portal\/?p=1896"},"modified":"2020-12-29T11:49:28","modified_gmt":"2020-12-29T14:49:28","slug":"avellaneda-entregaron-certificado-del-curso-cuidadores-domiciliarios-polivalente","status":"publish","type":"post","link":"https:\/\/fmnativa.com\/portal\/2020\/12\/29\/avellaneda-entregaron-certificado-del-curso-cuidadores-domiciliarios-polivalente\/","title":{"rendered":"Avellaneda &#8211; Entregaron certificado del curso CUIDADORES DOMICILIARIOS POLIVALENTE"},"content":{"rendered":"<div id=\"fb-root\"><\/div>\n<p>El Intendente Dionisio Scarpin junto a la Coordinadora de Salud, Milagros Abraham y la Dra Noem\u00ed Piazza entregaron, este lunes 28 de diciembre en el hall del Auditorio municipal, los certificados del Curso \u201cCuidadores domiciliarios polivalentes\u201d.<\/p>\n<p>Tras cumplir con una primera etapa, la te\u00f3rica, 25 personas recibieron su constancia de aprobaci\u00f3n y luego, cuando la situaci\u00f3n epidemiol\u00f3gica lo permita, concluir\u00e1n con la instancia pr\u00e1ctica.<\/p>\n<p>La capacitaci\u00f3n fue organizada por el Municipio, desde la Oficina y de empleo y Salud, y cont\u00f3 con el apoyo del Senador Orfilio Marc\u00f3n.<\/p>\n<p>\u201cLos felicito por el esfuerzo y por lograr un objetivo de vida. Este logro luego hay que transformarlo en una oportunidad de trabajo y en un beneficio para aquellas personas que recibir\u00e1n los cuidados que uds aprendieron\u201d, se\u00f1al\u00f3 el Intendente y destac\u00f3 \u201cest\u00e1 en proceso la cooperativa, que es un instrumento muy importante para este tipo de iniciativas para lo cual tambi\u00e9n deber\u00e1n capacitarse y trabajar entre uds\u201d.<\/p>\n<p>Por su parte, la Dra Abraham se\u00f1al\u00f3 \u201cestamos muy contentos por su logro. Esta mano de obra en servicios es un deseo suyo y de la comunidad que lo necesita\u201d y felicit\u00f3 a los presentes por el objetivo cumplido.<\/p>\n<p>Al finalizar, la Dra Piazza \u2013 como representante del cuerpo docente \u2013 destac\u00f3 el compromiso y esfuerzo de los alumnos, y agradeci\u00f3 la dedicaci\u00f3n a lo largo del curso.<\/p>\n<p>Hubo, adem\u00e1s, palabras de agradecimiento por parte de los alumnos de esta capacitaci\u00f3n.<\/p>\n","protected":false},"excerpt":{"rendered":"<p>El Intendente Dionisio Scarpin junto a la Coordinadora de Salud, Milagros Abraham y la Dra&#8230;<\/p>\n","protected":false},"author":1,"featured_media":1897,"comment_status":"closed","ping_status":"closed","sticky":false,"template":"","format":"standard","meta":{"footnotes":""},"categories":[5],"tags":[16,658],"class_list":["post-1896","post","type-post","status-publish","format-standard","has-post-thumbnail","hentry","category-locales","tag-avellaneda","tag-cuidadoresdomiciliariospolivalentes"],"featured_image_urls":{"full":["https:\/\/fmnativa.com\/portal\/wp-content\/uploads\/2020\/12\/1-8.jpg",768,576,false],"thumbnail":["https:\/\/fmnativa.com\/portal\/wp-content\/uploads\/2020\/12\/1-8-150x150.jpg",150,150,true],"medium":["https:\/\/fmnativa.com\/portal\/wp-content\/uploads\/2020\/12\/1-8-300x225.jpg",300,225,true],"medium_large":["https:\/\/fmnativa.com\/portal\/wp-content\/uploads\/2020\/12\/1-8.jpg",640,480,false],"large":["https:\/\/fmnativa.com\/portal\/wp-content\/uploads\/2020\/12\/1-8.jpg",640,480,false],"1536x1536":["https:\/\/fmnativa.com\/portal\/wp-content\/uploads\/2020\/12\/1-8.jpg",768,576,false],"2048x2048":["https:\/\/fmnativa.com\/portal\/wp-content\/uploads\/2020\/12\/1-8.jpg",768,576,false],"covernews-slider-full":["https:\/\/fmnativa.com\/portal\/wp-content\/uploads\/2020\/12\/1-8.jpg",768,576,false],"covernews-slider-center":["https:\/\/fmnativa.com\/portal\/wp-content\/uploads\/2020\/12\/1-8.jpg",667,500,false],"covernews-featured":["https:\/\/fmnativa.com\/portal\/wp-content\/uploads\/2020\/12\/1-8.jpg",768,576,false],"covernews-medium":["https:\/\/fmnativa.com\/portal\/wp-content\/uploads\/2020\/12\/1-8.jpg",453,340,false],"covernews-medium-square":["https:\/\/fmnativa.com\/portal\/wp-content\/uploads\/2020\/12\/1-8.jpg",333,250,false]},"author_info":{"info":["Fabian"]},"category_info":"<a href=\"https:\/\/fmnativa.com\/portal\/category\/locales\/\" rel=\"category tag\">LOCALES<\/a>","tag_info":"LOCALES","comment_count":"0","_links":{"self":[{"href":"https:\/\/fmnativa.com\/portal\/wp-json\/wp\/v2\/posts\/1896","targetHints":{"allow":["GET"]}}],"collection":[{"href":"https:\/\/fmnativa.com\/portal\/wp-json\/wp\/v2\/posts"}],"about":[{"href":"https:\/\/fmnativa.com\/portal\/wp-json\/wp\/v2\/types\/post"}],"author":[{"embeddable":true,"href":"https:\/\/fmnativa.com\/portal\/wp-json\/wp\/v2\/users\/1"}],"replies":[{"embeddable":true,"href":"https:\/\/fmnativa.com\/portal\/wp-json\/wp\/v2\/comments?post=1896"}],"version-history":[{"count":1,"href":"https:\/\/fmnativa.com\/portal\/wp-json\/wp\/v2\/posts\/1896\/revisions"}],"predecessor-version":[{"id":1898,"href":"https:\/\/fmnativa.com\/portal\/wp-json\/wp\/v2\/posts\/1896\/revisions\/1898"}],"wp:featuredmedia":[{"embeddable":true,"href":"https:\/\/fmnativa.com\/portal\/wp-json\/wp\/v2\/media\/1897"}],"wp:attachment":[{"href":"https:\/\/fmnativa.com\/portal\/wp-json\/wp\/v2\/media?parent=1896"}],"wp:term":[{"taxonomy":"category","embeddable":true,"href":"https:\/\/fmnativa.com\/portal\/wp-json\/wp\/v2\/categories?post=1896"},{"taxonomy":"post_tag","embeddable":true,"href":"https:\/\/fmnativa.com\/portal\/wp-json\/wp\/v2\/tags?post=1896"}],"curies":[{"name":"wp","href":"https:\/\/api.w.org\/{rel}","templated":true}]}}