{"id":1912,"date":"2020-12-29T19:58:09","date_gmt":"2020-12-29T22:58:09","guid":{"rendered":"https:\/\/fmnativa.com\/portal\/?p=1912"},"modified":"2020-12-29T19:58:09","modified_gmt":"2020-12-29T22:58:09","slug":"educacion-perotti-quiere-un-verano-activo","status":"publish","type":"post","link":"https:\/\/fmnativa.com\/portal\/2020\/12\/29\/educacion-perotti-quiere-un-verano-activo\/","title":{"rendered":"Educaci\u00f3n &#8211; PEROTTI QUIERE UN \u00abVERANO ACTIVO\u00bb"},"content":{"rendered":"<div id=\"fb-root\"><\/div>\n<p><em><strong>El gobernador Omar Perotti y la ministra de Educaci\u00f3n, Adriana Cantero presentaron las l\u00edneas de trabajo de Verano Activo, una iniciativa que busca recuperar el v\u00ednculo pedag\u00f3gico.<\/strong><\/em><\/p>\n<p>Las l\u00edneas centrales del programa Verano Activo, una iniciativa que busca identificar y recuperar el v\u00ednculo pedag\u00f3gico de los y las estudiantes cuyas trayectorias escolares se encuentran interrumpidas o est\u00e9n en riesgo, fueron dadas a conocer este martes a trav\u00e9s del gobernador Omar Perotti y la ministra de Educaci\u00f3n, Adriana Cantero.<br \/>\nEn la oportunidad, el mandatario provincial detall\u00f3 que \u201ceste programa es algo nuevo, no est\u00e1 escrito en ning\u00fan manual c\u00f3mo se hace, despu\u00e9s de una pandemia, para volver a vincularnos con los chicos. Nos toca enfrentarlo y hacer una experiencia innovadora\u201d.<\/p>\n<p>\u201cNuestro objetivo es hacer visible y concreto el derecho a la educaci\u00f3n. Al principio de la gesti\u00f3n nos planteamos el desaf\u00edo que ninguno de nuestros chicos y chicas est\u00e9 fuera de la escuela. Ese desaf\u00edo se ha redoblado con la pandemia, que expuso crudamente una realidad de falta de conectividad con cada uno de los alumnos y docentes\u201d, agreg\u00f3 el rafaelino.<\/p>\n<p>\u201cEl proceso ahora nos lleva, otra vez, a algo in\u00e9dito, que es generar actividades desde distintos lugares para ver c\u00f3mo conseguimos llamar la atenci\u00f3n y volver a concentrar ese v\u00ednculo educativo\u201d, continu\u00f3 Perotti.<\/p>\n<p>\u201cLo m\u00e1s valioso de esta iniciativa es la presencia del Estado y de cada uno de los actores involucrados. Estamos haciendo algo novedoso e innovador, con un gran contenido de amor a la educaci\u00f3n y de amor a los chicos. La educaci\u00f3n es el camino a la libertad y estamos abriendo ese camino saliendo al encuentro de los chicos, fortaleciendo el derecho a la educaci\u00f3n\u201d.<\/p>\n<p>\u201cLa educaci\u00f3n es el activo m\u00e1s fuerte que tenemos como provincia, no podemos dejar que se debilite. Somos una provincia que acepta las diferencias, pero no las desigualdades. Salir a buscar a los chicos para estudiar es acotar ese margen de desigualdades\u201d, concluy\u00f3 el gobernador.<\/p>\n<p>Por su parte, Cantero describi\u00f3 que el programa \u201cse va a dedicar a ir en b\u00fasqueda de los chicos que han fragilizado sus trayectorias escolares en esta pandemia. Queremos mostrarles con gestos concretos que cada chica y cada chico es importante para nosotros, y que los queremos vinculados a la escuela porque no hay un lugar que abrigue mejor mientras se crece\u201d.<\/p>\n<p>\u201cEn este programa se vinculan actores de distintos sectores -detall\u00f3 la ministra-. Los profesores de educaci\u00f3n f\u00edsica del Ministerio de Educaci\u00f3n que armar\u00e1n los equipos recreativos en combinaci\u00f3n con los actores culturales que aporta el Ministerio de Cultura. Los agentes de la ciencia y la tecnolog\u00eda que acerca la Secretaria de Ciencia y Tecnolog\u00eda de la provincia. Los docentes territoriales que suman su acci\u00f3n para poder vincular mejor los recorridos que hacen los chicos. Todos ellos vinculados en el territorio gracias al aporte de los referentes comunitarios que nos da el Ministerio de Desarrollo Social\u201d.<\/p>\n<p>\u201cTodos los que estamos aqu\u00ed presentes estamos estableciendo un v\u00ednculo, una asociaci\u00f3n que nos permita ir en b\u00fasqueda de nuestras infancias y protegerlas en su derecho a la educaci\u00f3n. Y ese es un compromiso colectivo que nos convoca. A partir del 4 de enero, todos a buscar los chicos que est\u00e1n d\u00e9biles en su lazo escolar para que puedan fortalecer esa relaci\u00f3n y volver en marzo todos a seguir aprendiendo\u201d, concluy\u00f3 Cantero.<\/p>\n<p><strong>VERANO ACTIVO<\/strong><\/p>\n<p>Verano Activo es una iniciativa del Ministerio de Educaci\u00f3n de la provincia que busca identificar y recuperar el v\u00ednculo pedag\u00f3gico de los y las estudiantes, cuyas trayectorias escolares hayan sido interrumpidas o que est\u00e9n en riesgo de interrupci\u00f3n y que logren, seg\u00fan los casos, acreditar lo\u2026<\/p>\n","protected":false},"excerpt":{"rendered":"<p>El gobernador Omar Perotti y la ministra de Educaci\u00f3n, Adriana Cantero presentaron las l\u00edneas de&#8230;<\/p>\n","protected":false},"author":1,"featured_media":1913,"comment_status":"closed","ping_status":"closed","sticky":false,"template":"","format":"standard","meta":{"footnotes":""},"categories":[7],"tags":[326,665,75,643,663,664],"class_list":["post-1912","post","type-post","status-publish","format-standard","has-post-thumbnail","hentry","category-provinciales","tag-cantero","tag-educacin","tag-perotti","tag-provinciadesantafe","tag-provinciales","tag-veranoactivo"],"featured_image_urls":{"full":["https:\/\/fmnativa.com\/portal\/wp-content\/uploads\/2020\/12\/1-10.jpeg",1140,640,false],"thumbnail":["https:\/\/fmnativa.com\/portal\/wp-content\/uploads\/2020\/12\/1-10-150x150.jpeg",150,150,true],"medium":["https:\/\/fmnativa.com\/portal\/wp-content\/uploads\/2020\/12\/1-10-300x168.jpeg",300,168,true],"medium_large":["https:\/\/fmnativa.com\/portal\/wp-content\/uploads\/2020\/12\/1-10-768x431.jpeg",640,359,true],"large":["https:\/\/fmnativa.com\/portal\/wp-content\/uploads\/2020\/12\/1-10-1024x575.jpeg",640,359,true],"1536x1536":["https:\/\/fmnativa.com\/portal\/wp-content\/uploads\/2020\/12\/1-10.jpeg",1140,640,false],"2048x2048":["https:\/\/fmnativa.com\/portal\/wp-content\/uploads\/2020\/12\/1-10.jpeg",1140,640,false],"covernews-slider-full":["https:\/\/fmnativa.com\/portal\/wp-content\/uploads\/2020\/12\/1-10.jpeg",1115,626,false],"covernews-slider-center":["https:\/\/fmnativa.com\/portal\/wp-content\/uploads\/2020\/12\/1-10.jpeg",800,449,false],"covernews-featured":["https:\/\/fmnativa.com\/portal\/wp-content\/uploads\/2020\/12\/1-10.jpeg",1024,575,false],"covernews-medium":["https:\/\/fmnativa.com\/portal\/wp-content\/uploads\/2020\/12\/1-10.jpeg",540,303,false],"covernews-medium-square":["https:\/\/fmnativa.com\/portal\/wp-content\/uploads\/2020\/12\/1-10.jpeg",400,225,false]},"author_info":{"info":["Fabian"]},"category_info":"<a href=\"https:\/\/fmnativa.com\/portal\/category\/provinciales\/\" rel=\"category tag\">PROVINCIALES<\/a>","tag_info":"PROVINCIALES","comment_count":"0","_links":{"self":[{"href":"https:\/\/fmnativa.com\/portal\/wp-json\/wp\/v2\/posts\/1912","targetHints":{"allow":["GET"]}}],"collection":[{"href":"https:\/\/fmnativa.com\/portal\/wp-json\/wp\/v2\/posts"}],"about":[{"href":"https:\/\/fmnativa.com\/portal\/wp-json\/wp\/v2\/types\/post"}],"author":[{"embeddable":true,"href":"https:\/\/fmnativa.com\/portal\/wp-json\/wp\/v2\/users\/1"}],"replies":[{"embeddable":true,"href":"https:\/\/fmnativa.com\/portal\/wp-json\/wp\/v2\/comments?post=1912"}],"version-history":[{"count":1,"href":"https:\/\/fmnativa.com\/portal\/wp-json\/wp\/v2\/posts\/1912\/revisions"}],"predecessor-version":[{"id":1914,"href":"https:\/\/fmnativa.com\/portal\/wp-json\/wp\/v2\/posts\/1912\/revisions\/1914"}],"wp:featuredmedia":[{"embeddable":true,"href":"https:\/\/fmnativa.com\/portal\/wp-json\/wp\/v2\/media\/1913"}],"wp:attachment":[{"href":"https:\/\/fmnativa.com\/portal\/wp-json\/wp\/v2\/media?parent=1912"}],"wp:term":[{"taxonomy":"category","embeddable":true,"href":"https:\/\/fmnativa.com\/portal\/wp-json\/wp\/v2\/categories?post=1912"},{"taxonomy":"post_tag","embeddable":true,"href":"https:\/\/fmnativa.com\/portal\/wp-json\/wp\/v2\/tags?post=1912"}],"curies":[{"name":"wp","href":"https:\/\/api.w.org\/{rel}","templated":true}]}}