{"id":1919,"date":"2020-12-29T20:15:49","date_gmt":"2020-12-29T23:15:49","guid":{"rendered":"https:\/\/fmnativa.com\/portal\/?p=1919"},"modified":"2020-12-29T20:29:44","modified_gmt":"2020-12-29T23:29:44","slug":"reconquista-que-son-las-calles-activas-y-saludables","status":"publish","type":"post","link":"https:\/\/fmnativa.com\/portal\/2020\/12\/29\/reconquista-que-son-las-calles-activas-y-saludables\/","title":{"rendered":"Reconquista &#8211; QUE SON LAS CALLES ACTIVAS Y SALUDABLES?"},"content":{"rendered":"<div id=\"fb-root\"><\/div>\n<p><strong><em>La Municipalidad de Reconquista present\u00f3 la iniciativa de las \u201cCalles Activas y Saludables\u201d, que desde el pr\u00f3ximo 3 de enero los d\u00edas domingos cerrar\u00e1 al tr\u00e1nsito las calles internas de Plaza 25 de Mayo, de 7:00 a 13:00 horas, para su uso recreativo, constituy\u00e9ndose en una alternativa para el encuentro y la vida saludable.<\/em><\/strong><\/p>\n<p>En Casa del Bicentenario, estuvieron presentes el Secretario de Control P\u00fablico, Lic. Nicol\u00e1s Sandrigo; la Secretaria de Cultura y Deportes, Prof. Natalia Cereijo; el Subsecretario de Deportes, Prof. Ives Saucedo; y la Subsecretaria de Desarrollo Social, Lic. Estela Sosa.<\/p>\n<p>\u201cEsta propuesta es una idea de todo el equipo del Intendente Dr. Amadeo Enrique Vallejos\u201d, destac\u00f3 el Subsecretario de Deportes Prof. Ives Saucedo, \u201cpara realizar actividades que tengan que ver con el deporte, la recreaci\u00f3n y el buen uso del tiempo libre en un espacio seguro y adecuado\u201d, con la posibilidad de \u201cavanzar con clases dictadas por profesores de educaci\u00f3n f\u00edsica\u201d.<\/p>\n<p>A continuaci\u00f3n, el Secretario de Control P\u00fablico agreg\u00f3 que \u201cla intenci\u00f3n es poder utilizar la calzada de forma segura, sin dificultar la circulaci\u00f3n, el estacionamiento y la actividad comercial en el microcentro\u201d, por lo que se eligi\u00f3 el d\u00eda domingo. El Lic. Nicol\u00e1s Sandrigo adem\u00e1s resalt\u00f3 el comienzo, en la presente semana, del programa \u201cPrimero el Peat\u00f3n\u201d, con personal y carteles indicadores para concientizar sobre la prioridad de paso de los transe\u00fantes.<\/p>\n<p>La Subsecretaria de Desarrollo Social, Lic. Estela Sosa, para finalizar subray\u00f3 esta iniciativa sustentable para una mejor calidad de vida de las familias, a partir de la recuperaci\u00f3n de espacios para el encuentro, la actividad f\u00edsica y como \u201cuna buena manera de poner en pr\u00e1ctica las medidas de prevenci\u00f3n\u201d.<\/p>\n","protected":false},"excerpt":{"rendered":"<p>La Municipalidad de Reconquista present\u00f3 la iniciativa de las \u201cCalles Activas y Saludables\u201d, que desde&#8230;<\/p>\n","protected":false},"author":1,"featured_media":1920,"comment_status":"closed","ping_status":"closed","sticky":false,"template":"","format":"standard","meta":{"footnotes":""},"categories":[5],"tags":[666,37],"class_list":["post-1919","post","type-post","status-publish","format-standard","has-post-thumbnail","hentry","category-locales","tag-callesactivasysaludables","tag-reconquista"],"featured_image_urls":{"full":["https:\/\/fmnativa.com\/portal\/wp-content\/uploads\/2020\/12\/1-12.jpeg",1280,960,false],"thumbnail":["https:\/\/fmnativa.com\/portal\/wp-content\/uploads\/2020\/12\/1-12-150x150.jpeg",150,150,true],"medium":["https:\/\/fmnativa.com\/portal\/wp-content\/uploads\/2020\/12\/1-12-300x225.jpeg",300,225,true],"medium_large":["https:\/\/fmnativa.com\/portal\/wp-content\/uploads\/2020\/12\/1-12-768x576.jpeg",640,480,true],"large":["https:\/\/fmnativa.com\/portal\/wp-content\/uploads\/2020\/12\/1-12-1024x768.jpeg",640,480,true],"1536x1536":["https:\/\/fmnativa.com\/portal\/wp-content\/uploads\/2020\/12\/1-12.jpeg",1280,960,false],"2048x2048":["https:\/\/fmnativa.com\/portal\/wp-content\/uploads\/2020\/12\/1-12.jpeg",1280,960,false],"covernews-slider-full":["https:\/\/fmnativa.com\/portal\/wp-content\/uploads\/2020\/12\/1-12.jpeg",953,715,false],"covernews-slider-center":["https:\/\/fmnativa.com\/portal\/wp-content\/uploads\/2020\/12\/1-12.jpeg",667,500,false],"covernews-featured":["https:\/\/fmnativa.com\/portal\/wp-content\/uploads\/2020\/12\/1-12.jpeg",1024,768,false],"covernews-medium":["https:\/\/fmnativa.com\/portal\/wp-content\/uploads\/2020\/12\/1-12.jpeg",453,340,false],"covernews-medium-square":["https:\/\/fmnativa.com\/portal\/wp-content\/uploads\/2020\/12\/1-12.jpeg",333,250,false]},"author_info":{"info":["Fabian"]},"category_info":"<a href=\"https:\/\/fmnativa.com\/portal\/category\/locales\/\" rel=\"category tag\">LOCALES<\/a>","tag_info":"LOCALES","comment_count":"0","_links":{"self":[{"href":"https:\/\/fmnativa.com\/portal\/wp-json\/wp\/v2\/posts\/1919","targetHints":{"allow":["GET"]}}],"collection":[{"href":"https:\/\/fmnativa.com\/portal\/wp-json\/wp\/v2\/posts"}],"about":[{"href":"https:\/\/fmnativa.com\/portal\/wp-json\/wp\/v2\/types\/post"}],"author":[{"embeddable":true,"href":"https:\/\/fmnativa.com\/portal\/wp-json\/wp\/v2\/users\/1"}],"replies":[{"embeddable":true,"href":"https:\/\/fmnativa.com\/portal\/wp-json\/wp\/v2\/comments?post=1919"}],"version-history":[{"count":1,"href":"https:\/\/fmnativa.com\/portal\/wp-json\/wp\/v2\/posts\/1919\/revisions"}],"predecessor-version":[{"id":1921,"href":"https:\/\/fmnativa.com\/portal\/wp-json\/wp\/v2\/posts\/1919\/revisions\/1921"}],"wp:featuredmedia":[{"embeddable":true,"href":"https:\/\/fmnativa.com\/portal\/wp-json\/wp\/v2\/media\/1920"}],"wp:attachment":[{"href":"https:\/\/fmnativa.com\/portal\/wp-json\/wp\/v2\/media?parent=1919"}],"wp:term":[{"taxonomy":"category","embeddable":true,"href":"https:\/\/fmnativa.com\/portal\/wp-json\/wp\/v2\/categories?post=1919"},{"taxonomy":"post_tag","embeddable":true,"href":"https:\/\/fmnativa.com\/portal\/wp-json\/wp\/v2\/tags?post=1919"}],"curies":[{"name":"wp","href":"https:\/\/api.w.org\/{rel}","templated":true}]}}