{"id":1922,"date":"2020-12-29T20:34:38","date_gmt":"2020-12-29T23:34:38","guid":{"rendered":"https:\/\/fmnativa.com\/portal\/?p=1922"},"modified":"2020-12-29T20:34:38","modified_gmt":"2020-12-29T23:34:38","slug":"la-provincia-saldo-deuda-de-planes-de-manejo-y-conservacion-de-los-bosques-nativos","status":"publish","type":"post","link":"https:\/\/fmnativa.com\/portal\/2020\/12\/29\/la-provincia-saldo-deuda-de-planes-de-manejo-y-conservacion-de-los-bosques-nativos\/","title":{"rendered":"LA PROVINCIA SALD\u00d3 DEUDA DE PLANES DE MANEJO Y CONSERVACI\u00d3N DE LOS BOSQUES NATIVOS"},"content":{"rendered":"<div id=\"fb-root\"><\/div>\n<p class=\"headline-post\"><strong><em>El aporte entregado tiene como objetivo compensar a los titulares de las tierras en cuya superficie se protegen bosques nativos de acuerdo a sus categor\u00edas de conservaci\u00f3n.<\/em><\/strong><\/p>\n<p>El gobierno de Santa Fe, a trav\u00e9s del Ministerio de Ambiente y Cambio Clim\u00e1tico, sald\u00f3 la deuda correspondiente a los a\u00f1os 2018 y 2019 de los Planes de Manejo y Conservaci\u00f3n de los Bosques Nativos. Se transfirieron m\u00e1s de 33.000.000 de pesos a titulares de tierras de la Cu\u00f1a Boscosa y la regi\u00f3n correspondiente al parque chaque\u00f1o del norte provincial en cuya superficie se protegen bosques nativos, con categor\u00edas de conservaci\u00f3n amarrillo y rojo.<\/p>\n<p>Este accionar forma parte de la Ley Nacional N\u00ba 26.331 de Presupuestos M\u00ednimos de Protecci\u00f3n Ambiental de los Bosques Nativos. La provincia de Santa Fe se encuentra adherida a la misma a trav\u00e9s de la Ley N\u00ba 13.372.<\/p>\n<p>\u201cEn este primer a\u00f1o de gesti\u00f3n saldamos la deuda de los a\u00f1os 2018 y 2019, por una decisi\u00f3n concreta del gobierno nacional de agilizar la entrega de fondos y el compromiso del gobierno provincial que estableci\u00f3 como prioridad de gesti\u00f3n dar respuesta a los propietarios de los campos que tienen la voluntad de conservar los bosques nativos de Santa Fe\u201d, indic\u00f3 la ministra de Ambiente y Cambio Clim\u00e1tico, Erika Gonnet.<\/p>\n<p>\u201cEs una tarea fundamental su conservaci\u00f3n por los servicios ambientales que \u00e9stos brindan a la sociedad, el gobernador Omar Perotti tiene un claro compromiso en poner en valor el Norte santafesino, un sector de nuestra provincia postergado desde hace mucho tiempo siendo esta deuda un ejemplo de ello\u201d, agreg\u00f3.<\/p>\n<p>El beneficio consiste en un aporte no reintegrable de acuerdo a la categorizaci\u00f3n de bosques nativos, generando la obligaci\u00f3n en los titulares de realizar y mantener actualizado un Plan de Manejo y Conservaci\u00f3n de los Bosques Nativos conforme lo dicta la Ley.<\/p>\n<p>\u201cEs una pol\u00edtica de Estado la conservaci\u00f3n de nuestros bosques nativos, Santa Fe pas\u00f3 de tener 8 millones de hect\u00e1reas a cerca de 1,5 millones; el Estado tiene que estar presente dando respuestas concretas para que la situaci\u00f3n no empeore\u201d, resalt\u00f3. Y agreg\u00f3 que \u201ca lo largo de este a\u00f1o se produjeron incendios en la zona que agravaron la situaci\u00f3n, debido a malas pr\u00e1cticas productivas y a la sequ\u00eda hist\u00f3rica, el momento de actuar es ahora necesitamos un cambio cultural en los procesos productivos avanzando hacia un modelo de desarrollo sostenible\u201d.<\/p>\n<p>En ese sentido, Gonnet record\u00f3 que \u201cesta gesti\u00f3n de gobierno implement\u00f3 la gu\u00eda digital de tr\u00e1nsito de madera y autorizaci\u00f3n de trabajos en bosques como una medida concreta de conservaci\u00f3n\u201d.<\/p>\n<p>Las tareas que el Estado contempla entre los planes son, principalmente, limpieza de alambrado, cortafuegos, poda, caminos de circulaci\u00f3n de ganado y adquisici\u00f3n de herramientas para el desarrollo de las actividades.<\/p>\n<p>\u201cInsistimos en que la acci\u00f3n clim\u00e1tica es ahora y desde el gobierno provincial avanzamos con hechos concretos, contribuyendo a la disminuci\u00f3n de las emisiones de gases de efecto invernadero a trav\u00e9s de la reducci\u00f3n de la deforestaci\u00f3n y la degradaci\u00f3n forestal, y aumentando la captura de gases de efecto invernadero mediante restauraci\u00f3n y recuperaci\u00f3n de bosques nativos degradados; son acciones que forman parte de los planes de adaptaci\u00f3n y mitigaci\u00f3n contra el cambio clim\u00e1tico\u201d, concluy\u00f3 la ministra.<\/p>\n","protected":false},"excerpt":{"rendered":"<p>El aporte entregado tiene como objetivo compensar a los titulares de las tierras en cuya&#8230;<\/p>\n","protected":false},"author":1,"featured_media":1923,"comment_status":"closed","ping_status":"closed","sticky":false,"template":"","format":"standard","meta":{"footnotes":""},"categories":[7],"tags":[667,669,668],"class_list":["post-1922","post","type-post","status-publish","format-standard","has-post-thumbnail","hentry","category-provinciales","tag-bosquesnativos","tag-plandemanejoy-proteccion","tag-proteccion"],"featured_image_urls":{"full":["https:\/\/fmnativa.com\/portal\/wp-content\/uploads\/2020\/12\/1-13.jpeg",1140,640,false],"thumbnail":["https:\/\/fmnativa.com\/portal\/wp-content\/uploads\/2020\/12\/1-13-150x150.jpeg",150,150,true],"medium":["https:\/\/fmnativa.com\/portal\/wp-content\/uploads\/2020\/12\/1-13-300x168.jpeg",300,168,true],"medium_large":["https:\/\/fmnativa.com\/portal\/wp-content\/uploads\/2020\/12\/1-13-768x431.jpeg",640,359,true],"large":["https:\/\/fmnativa.com\/portal\/wp-content\/uploads\/2020\/12\/1-13-1024x575.jpeg",640,359,true],"1536x1536":["https:\/\/fmnativa.com\/portal\/wp-content\/uploads\/2020\/12\/1-13.jpeg",1140,640,false],"2048x2048":["https:\/\/fmnativa.com\/portal\/wp-content\/uploads\/2020\/12\/1-13.jpeg",1140,640,false],"covernews-slider-full":["https:\/\/fmnativa.com\/portal\/wp-content\/uploads\/2020\/12\/1-13.jpeg",1115,626,false],"covernews-slider-center":["https:\/\/fmnativa.com\/portal\/wp-content\/uploads\/2020\/12\/1-13.jpeg",800,449,false],"covernews-featured":["https:\/\/fmnativa.com\/portal\/wp-content\/uploads\/2020\/12\/1-13.jpeg",1024,575,false],"covernews-medium":["https:\/\/fmnativa.com\/portal\/wp-content\/uploads\/2020\/12\/1-13.jpeg",540,303,false],"covernews-medium-square":["https:\/\/fmnativa.com\/portal\/wp-content\/uploads\/2020\/12\/1-13.jpeg",400,225,false]},"author_info":{"info":["Fabian"]},"category_info":"<a href=\"https:\/\/fmnativa.com\/portal\/category\/provinciales\/\" rel=\"category tag\">PROVINCIALES<\/a>","tag_info":"PROVINCIALES","comment_count":"0","_links":{"self":[{"href":"https:\/\/fmnativa.com\/portal\/wp-json\/wp\/v2\/posts\/1922","targetHints":{"allow":["GET"]}}],"collection":[{"href":"https:\/\/fmnativa.com\/portal\/wp-json\/wp\/v2\/posts"}],"about":[{"href":"https:\/\/fmnativa.com\/portal\/wp-json\/wp\/v2\/types\/post"}],"author":[{"embeddable":true,"href":"https:\/\/fmnativa.com\/portal\/wp-json\/wp\/v2\/users\/1"}],"replies":[{"embeddable":true,"href":"https:\/\/fmnativa.com\/portal\/wp-json\/wp\/v2\/comments?post=1922"}],"version-history":[{"count":1,"href":"https:\/\/fmnativa.com\/portal\/wp-json\/wp\/v2\/posts\/1922\/revisions"}],"predecessor-version":[{"id":1924,"href":"https:\/\/fmnativa.com\/portal\/wp-json\/wp\/v2\/posts\/1922\/revisions\/1924"}],"wp:featuredmedia":[{"embeddable":true,"href":"https:\/\/fmnativa.com\/portal\/wp-json\/wp\/v2\/media\/1923"}],"wp:attachment":[{"href":"https:\/\/fmnativa.com\/portal\/wp-json\/wp\/v2\/media?parent=1922"}],"wp:term":[{"taxonomy":"category","embeddable":true,"href":"https:\/\/fmnativa.com\/portal\/wp-json\/wp\/v2\/categories?post=1922"},{"taxonomy":"post_tag","embeddable":true,"href":"https:\/\/fmnativa.com\/portal\/wp-json\/wp\/v2\/tags?post=1922"}],"curies":[{"name":"wp","href":"https:\/\/api.w.org\/{rel}","templated":true}]}}