{"id":1929,"date":"2020-12-30T17:45:11","date_gmt":"2020-12-30T20:45:11","guid":{"rendered":"https:\/\/fmnativa.com\/portal\/?p=1929"},"modified":"2020-12-30T17:45:11","modified_gmt":"2020-12-30T20:45:11","slug":"reconquista-hay-semillas","status":"publish","type":"post","link":"https:\/\/fmnativa.com\/portal\/2020\/12\/30\/reconquista-hay-semillas\/","title":{"rendered":"Reconquista &#8211; HAY SEMILLAS !"},"content":{"rendered":"<div id=\"fb-root\"><\/div>\n<p>La Subsecretaria de Desarrollo Productivo de la Municipalidad de Reconquista recuerda que se encuentran disponibles las semillas del programa \u201cHuerta Familiar Santafesina\u201d, que invita a producir nuestros propios alimentos en huertas urbanas y rurales para autoconsumo.<\/p>\n<p>Pueden retirar su kit de semillas estaci\u00f3n primavera &#8211; verano de lunes a viernes, de 7:00 a 12:00 horas, en las oficinas de la Subsecretar\u00eda de Desarrollo Productivo (Calle 64 y Espa\u00f1a, Distrito IT), presentando fotocopia del Documento Nacional de Identidad (ambos lados).<\/p>\n","protected":false},"excerpt":{"rendered":"<p>La Subsecretaria de Desarrollo Productivo de la Municipalidad de Reconquista recuerda que se encuentran disponibles&#8230;<\/p>\n","protected":false},"author":1,"featured_media":1930,"comment_status":"closed","ping_status":"closed","sticky":false,"template":"","format":"standard","meta":{"footnotes":""},"categories":[5],"tags":[670,37,671],"class_list":["post-1929","post","type-post","status-publish","format-standard","has-post-thumbnail","hentry","category-locales","tag-huertafamiliarsantafesina","tag-reconquista","tag-semillas"],"featured_image_urls":{"full":["https:\/\/fmnativa.com\/portal\/wp-content\/uploads\/2020\/12\/1-14.jpeg",500,377,false],"thumbnail":["https:\/\/fmnativa.com\/portal\/wp-content\/uploads\/2020\/12\/1-14-150x150.jpeg",150,150,true],"medium":["https:\/\/fmnativa.com\/portal\/wp-content\/uploads\/2020\/12\/1-14-300x226.jpeg",300,226,true],"medium_large":["https:\/\/fmnativa.com\/portal\/wp-content\/uploads\/2020\/12\/1-14.jpeg",500,377,false],"large":["https:\/\/fmnativa.com\/portal\/wp-content\/uploads\/2020\/12\/1-14.jpeg",500,377,false],"1536x1536":["https:\/\/fmnativa.com\/portal\/wp-content\/uploads\/2020\/12\/1-14.jpeg",500,377,false],"2048x2048":["https:\/\/fmnativa.com\/portal\/wp-content\/uploads\/2020\/12\/1-14.jpeg",500,377,false],"covernews-slider-full":["https:\/\/fmnativa.com\/portal\/wp-content\/uploads\/2020\/12\/1-14.jpeg",500,377,false],"covernews-slider-center":["https:\/\/fmnativa.com\/portal\/wp-content\/uploads\/2020\/12\/1-14.jpeg",500,377,false],"covernews-featured":["https:\/\/fmnativa.com\/portal\/wp-content\/uploads\/2020\/12\/1-14.jpeg",500,377,false],"covernews-medium":["https:\/\/fmnativa.com\/portal\/wp-content\/uploads\/2020\/12\/1-14.jpeg",451,340,false],"covernews-medium-square":["https:\/\/fmnativa.com\/portal\/wp-content\/uploads\/2020\/12\/1-14.jpeg",332,250,false]},"author_info":{"info":["Fabian"]},"category_info":"<a href=\"https:\/\/fmnativa.com\/portal\/category\/locales\/\" rel=\"category tag\">LOCALES<\/a>","tag_info":"LOCALES","comment_count":"0","_links":{"self":[{"href":"https:\/\/fmnativa.com\/portal\/wp-json\/wp\/v2\/posts\/1929","targetHints":{"allow":["GET"]}}],"collection":[{"href":"https:\/\/fmnativa.com\/portal\/wp-json\/wp\/v2\/posts"}],"about":[{"href":"https:\/\/fmnativa.com\/portal\/wp-json\/wp\/v2\/types\/post"}],"author":[{"embeddable":true,"href":"https:\/\/fmnativa.com\/portal\/wp-json\/wp\/v2\/users\/1"}],"replies":[{"embeddable":true,"href":"https:\/\/fmnativa.com\/portal\/wp-json\/wp\/v2\/comments?post=1929"}],"version-history":[{"count":1,"href":"https:\/\/fmnativa.com\/portal\/wp-json\/wp\/v2\/posts\/1929\/revisions"}],"predecessor-version":[{"id":1931,"href":"https:\/\/fmnativa.com\/portal\/wp-json\/wp\/v2\/posts\/1929\/revisions\/1931"}],"wp:featuredmedia":[{"embeddable":true,"href":"https:\/\/fmnativa.com\/portal\/wp-json\/wp\/v2\/media\/1930"}],"wp:attachment":[{"href":"https:\/\/fmnativa.com\/portal\/wp-json\/wp\/v2\/media?parent=1929"}],"wp:term":[{"taxonomy":"category","embeddable":true,"href":"https:\/\/fmnativa.com\/portal\/wp-json\/wp\/v2\/categories?post=1929"},{"taxonomy":"post_tag","embeddable":true,"href":"https:\/\/fmnativa.com\/portal\/wp-json\/wp\/v2\/tags?post=1929"}],"curies":[{"name":"wp","href":"https:\/\/api.w.org\/{rel}","templated":true}]}}