{"id":1935,"date":"2020-12-30T17:59:00","date_gmt":"2020-12-30T20:59:00","guid":{"rendered":"https:\/\/fmnativa.com\/portal\/?p=1935"},"modified":"2020-12-30T17:59:00","modified_gmt":"2020-12-30T20:59:00","slug":"diez-establecimientos-educativos-recibieron-aportes-del-fondo-fani","status":"publish","type":"post","link":"https:\/\/fmnativa.com\/portal\/2020\/12\/30\/diez-establecimientos-educativos-recibieron-aportes-del-fondo-fani\/","title":{"rendered":"DIEZ ESTABLECIMIENTOS EDUCATIVOS RECIBIERON APORTES DEL FONDO FANI"},"content":{"rendered":"<div id=\"fb-root\"><\/div>\n<p><em><strong>La provincia entreg\u00f3 aportes a diez establecimientos educativos de los departamentos San Javier, Vera y General Obligado<\/strong><\/em><\/p>\n<p>Se destinaron $ 2.855.839,24 pertenecientes al FANI para realizar refacciones generales, instalaci\u00f3n de sanitarios, instalaciones el\u00e9ctricas y adquisici\u00f3n de equipamiento para aulas.<\/p>\n<p>El secretario de Educaci\u00f3n, V\u00edctor Debloc, visit\u00f3 la escuela Superior de Comercio N\u00b0 43 de Reconquista en donde se entregaron aportes para 11 escuelas de Alejandra, Reconquista, Vera, Avellaneda, Florencia, El Sombrerito, Villa Guillermina y Nicanor Molinas. por un monto total de $ 2.855.839,24.<br \/>\nLas partidas provenientes del FANI (Fondo Asistencia Necesidades Inmediatas) ser\u00e1n destinadas a refacciones generales, instalaci\u00f3n de sanitarios, instalaciones el\u00e9ctricas y adquisici\u00f3n de equipamiento para aulas.<\/p>\n<p>En el acto de entrega de los fondos, el secretario de Educaci\u00f3n, V\u00edctor Debloc, manifest\u00f3: \u00abEn las nuestras recorridas por escuelas de toda la provincia, desarrollamos reuniones para evaluar cuestiones pedag\u00f3gicas observando la marcha de la educaci\u00f3n a distancia, los peque\u00f1os encuentros presenciales cuidados, la presencialidad en escuelas rurales que se est\u00e1 dando en el centro norte de la provincia, donde se trabaj\u00f3 el calendario abreviado que tendremos hasta marzo del pr\u00f3ximo a\u00f1o, poniendo el eje en las actividades recreativas y formativas de verano que se realizar\u00e1n durante enero, febrero y marzo\u00bb.<\/p>\n<p>Durante la visita al establecimiento, Debloc mantuvo encuentros con la comunidad educativa para evaluar la construcci\u00f3n de un SUM para la escuela secundaria y el instituto superior que desarrollan sus actividades en el edificio de la escuela de Comercio N\u00ba 43.<\/p>\n<p>En el evento acompa\u00f1aron al secretario Debloc, la Coordinadora Pedag\u00f3gica de la Delegaci\u00f3n Regional II (Reconquista) Olga Biasoli, directivos de la instituci\u00f3n educativa y la Coordinadora del \u00c1rea de Educaci\u00f3n de la municipalidad de Reconquista, Carolina Gonz\u00e1lez.<\/p>\n<p><strong>DETALLE DE LOS APORTES<\/strong><\/p>\n<p><strong>&gt;&gt; Escuela primaria N\u00b0 474 Pablo Pizzurno de Reconquista<\/strong> &#8211; $ 68.800<\/p>\n<p><strong>&gt;&gt; Escuela superior de Comercio N\u00ba 43 de Reconquista &#8211;<\/strong> $ 692.720<\/p>\n<p><strong>&gt;&gt; Escuela especial de Formaci\u00f3n Laboral N\u00ba 2120 de Vera &#8211;<\/strong> $ 37.418<\/p>\n<p><strong>&gt;&gt; Escuela primaria N\u00ba 6380 \u201cTte. Luis Candelaria\u201d de Reconquista &#8211;<\/strong> $ 519.821<\/p>\n<p><strong>&gt;&gt; Escuela primaria N\u00ba 863 \u201cJos\u00e9 Eusebio Colombres\u201d de Villa Guillermina &#8211;<\/strong> $ 212.302<\/p>\n<p><strong>&gt;&gt; Escuela primaria N\u00ba 1094 \u201cJos\u00e9 Hernandez\u201d de Nicanor Molinas &#8211;<\/strong> $ 39.255<\/p>\n<p><strong>&gt;&gt; Escuela primaria N\u00ba 138 \u201cBernardo Houssay\u201d de Avellaneda &#8211;<\/strong> $ 223.305<\/p>\n<p><strong>&gt;&gt; Escuela primaria N\u00ba 469 \u201cBrigadier Gral Estanislao L\u00f3pez\u201d de Florencia &#8211;<\/strong> $ 117.656<\/p>\n<p><strong>&gt;&gt; Escuela primaria N\u00ba 1349 \u201cGral Manuel Belgrano\u201d de Avellaneda &#8211;<\/strong> $ 598.847<\/p>\n<p><strong>&gt;&gt; Escuela primaria N\u00ba 6088 \u201cSalvador Caputto\u201d de El Sombrerito &#8211;<\/strong> $ 124.476<\/p>\n<p><strong>&gt;&gt; Escuela primaria N\u00ba 438 \u201cJoaqu\u00edn V. Gonz\u00e1lez\u201d de Alejandra &#8211;<\/strong> $ 221.236<\/p>\n","protected":false},"excerpt":{"rendered":"<p>La provincia entreg\u00f3 aportes a diez establecimientos educativos de los departamentos San Javier, Vera y&#8230;<\/p>\n","protected":false},"author":1,"featured_media":1936,"comment_status":"closed","ping_status":"closed","sticky":false,"template":"","format":"standard","meta":{"footnotes":""},"categories":[7],"tags":[528,26,674,643],"class_list":["post-1935","post","type-post","status-publish","format-standard","has-post-thumbnail","hentry","category-provinciales","tag-aportes","tag-educacion","tag-fondofani","tag-provinciadesantafe"],"featured_image_urls":{"full":["https:\/\/fmnativa.com\/portal\/wp-content\/uploads\/2020\/12\/1-16.jpeg",1140,640,false],"thumbnail":["https:\/\/fmnativa.com\/portal\/wp-content\/uploads\/2020\/12\/1-16-150x150.jpeg",150,150,true],"medium":["https:\/\/fmnativa.com\/portal\/wp-content\/uploads\/2020\/12\/1-16-300x168.jpeg",300,168,true],"medium_large":["https:\/\/fmnativa.com\/portal\/wp-content\/uploads\/2020\/12\/1-16-768x431.jpeg",640,359,true],"large":["https:\/\/fmnativa.com\/portal\/wp-content\/uploads\/2020\/12\/1-16-1024x575.jpeg",640,359,true],"1536x1536":["https:\/\/fmnativa.com\/portal\/wp-content\/uploads\/2020\/12\/1-16.jpeg",1140,640,false],"2048x2048":["https:\/\/fmnativa.com\/portal\/wp-content\/uploads\/2020\/12\/1-16.jpeg",1140,640,false],"covernews-slider-full":["https:\/\/fmnativa.com\/portal\/wp-content\/uploads\/2020\/12\/1-16.jpeg",1115,626,false],"covernews-slider-center":["https:\/\/fmnativa.com\/portal\/wp-content\/uploads\/2020\/12\/1-16.jpeg",800,449,false],"covernews-featured":["https:\/\/fmnativa.com\/portal\/wp-content\/uploads\/2020\/12\/1-16.jpeg",1024,575,false],"covernews-medium":["https:\/\/fmnativa.com\/portal\/wp-content\/uploads\/2020\/12\/1-16.jpeg",540,303,false],"covernews-medium-square":["https:\/\/fmnativa.com\/portal\/wp-content\/uploads\/2020\/12\/1-16.jpeg",400,225,false]},"author_info":{"info":["Fabian"]},"category_info":"<a href=\"https:\/\/fmnativa.com\/portal\/category\/provinciales\/\" rel=\"category tag\">PROVINCIALES<\/a>","tag_info":"PROVINCIALES","comment_count":"0","_links":{"self":[{"href":"https:\/\/fmnativa.com\/portal\/wp-json\/wp\/v2\/posts\/1935","targetHints":{"allow":["GET"]}}],"collection":[{"href":"https:\/\/fmnativa.com\/portal\/wp-json\/wp\/v2\/posts"}],"about":[{"href":"https:\/\/fmnativa.com\/portal\/wp-json\/wp\/v2\/types\/post"}],"author":[{"embeddable":true,"href":"https:\/\/fmnativa.com\/portal\/wp-json\/wp\/v2\/users\/1"}],"replies":[{"embeddable":true,"href":"https:\/\/fmnativa.com\/portal\/wp-json\/wp\/v2\/comments?post=1935"}],"version-history":[{"count":1,"href":"https:\/\/fmnativa.com\/portal\/wp-json\/wp\/v2\/posts\/1935\/revisions"}],"predecessor-version":[{"id":1937,"href":"https:\/\/fmnativa.com\/portal\/wp-json\/wp\/v2\/posts\/1935\/revisions\/1937"}],"wp:featuredmedia":[{"embeddable":true,"href":"https:\/\/fmnativa.com\/portal\/wp-json\/wp\/v2\/media\/1936"}],"wp:attachment":[{"href":"https:\/\/fmnativa.com\/portal\/wp-json\/wp\/v2\/media?parent=1935"}],"wp:term":[{"taxonomy":"category","embeddable":true,"href":"https:\/\/fmnativa.com\/portal\/wp-json\/wp\/v2\/categories?post=1935"},{"taxonomy":"post_tag","embeddable":true,"href":"https:\/\/fmnativa.com\/portal\/wp-json\/wp\/v2\/tags?post=1935"}],"curies":[{"name":"wp","href":"https:\/\/api.w.org\/{rel}","templated":true}]}}