{"id":1938,"date":"2020-12-30T18:12:32","date_gmt":"2020-12-30T21:12:32","guid":{"rendered":"https:\/\/fmnativa.com\/portal\/?p=1938"},"modified":"2020-12-30T18:12:32","modified_gmt":"2020-12-30T21:12:32","slug":"santa-fe-acordo-con-nacion-trabajar-en-mejoras-para-barrios-populares","status":"publish","type":"post","link":"https:\/\/fmnativa.com\/portal\/2020\/12\/30\/santa-fe-acordo-con-nacion-trabajar-en-mejoras-para-barrios-populares\/","title":{"rendered":"Santa Fe acord\u00f3 con Naci\u00f3n trabajar en mejoras para barrios populares"},"content":{"rendered":"<div id=\"fb-root\"><\/div>\n<p><em><strong>El gobernador Omar Perotti y el ministro de Desarrollo Social de la Naci\u00f3n, Daniel Arroyo, firmaron un convenio marco de cooperaci\u00f3n.<\/strong><\/em><\/p>\n<p>El gobernador Omar Perotti; y el ministro de Desarrollo Social de la Naci\u00f3n, Daniel Arroyo, firmaron este martes un convenio marco de cooperaci\u00f3n que permitir\u00e1 implementar proyectos de integraci\u00f3n socio-urbana en los barrios de la provincia de Santa Fe inscriptos en el Registro Nacional de Barrios Populares (RENABAP) en el marco del \u201cPrograma Argentina Unida por la Integraci\u00f3n de los Barrios\u201d.<\/p>\n<p>El objetivo del Programa es financiar la elaboraci\u00f3n e implementaci\u00f3n de proyectos de integraci\u00f3n socio-urbana en los barrios apuntando a una mejora en la calidad de vida comunitaria contemplando la participaci\u00f3n de organizaciones comunitarias y de trabajadores y trabajadoras de la econom\u00eda popular. El mismo cuenta con dos l\u00edneas de acci\u00f3n: proyectos modulares de intervenci\u00f3n temprana (obras peque\u00f1as\/m\u00f3dulos est\u00e1ndar) y Proyectos Ejecutivos Generales (obras mayores).<\/p>\n<p>Participaron de la reuni\u00f3n adem\u00e1s el ministro de Desarrollo Social de Santa Fe, Danilo Capitani; la ministra de Infraestructura, Servicios P\u00fablicos y Habit\u00e1t, Silvina Frana; y la secretaria de Articulaci\u00f3n de Pol\u00edtica Social, Erika Roffler.<\/p>\n<p>Al respecto, Capitani explic\u00f3 que \u201ca trav\u00e9s de este programa se puede comenzar a trabajar en los barrios que fueron registrados en el RENABAP con la posibilidad de llevar adelante las obras de infraestructura y tambi\u00e9n obras m\u00e1s peque\u00f1as que cada lugar requiere. En los pr\u00f3ximos d\u00edas se firmar\u00e1n acuerdos espec\u00edficos por determinadas obras o trabajos\u201d.<\/p>\n<p>\u201cSon m\u00e1s de 300 barrios los que est\u00e1n incluidos en este Registro. Son lugares de alta vulnerabilidad social donde hacen falta obras como agua, cloacas, veredas, apertura de calles, regularizaciones de dominio que son algunas de las necesidades que se presentan. La idea es comenzar a trabajar con los barrios ya registrados y desde marzo del a\u00f1o que viene se puedan sumar nuevos sectores a este programa\u201d, concluy\u00f3 Capitani.<\/p>\n","protected":false},"excerpt":{"rendered":"<p>El gobernador Omar Perotti y el ministro de Desarrollo Social de la Naci\u00f3n, Daniel Arroyo,&#8230;<\/p>\n","protected":false},"author":1,"featured_media":1939,"comment_status":"closed","ping_status":"closed","sticky":false,"template":"","format":"standard","meta":{"footnotes":""},"categories":[7],"tags":[675,77,75,643],"class_list":["post-1938","post","type-post","status-publish","format-standard","has-post-thumbnail","hentry","category-provinciales","tag-barriospopularios","tag-nacion","tag-perotti","tag-provinciadesantafe"],"featured_image_urls":{"full":["https:\/\/fmnativa.com\/portal\/wp-content\/uploads\/2020\/12\/1-17.jpeg",1140,640,false],"thumbnail":["https:\/\/fmnativa.com\/portal\/wp-content\/uploads\/2020\/12\/1-17-150x150.jpeg",150,150,true],"medium":["https:\/\/fmnativa.com\/portal\/wp-content\/uploads\/2020\/12\/1-17-300x168.jpeg",300,168,true],"medium_large":["https:\/\/fmnativa.com\/portal\/wp-content\/uploads\/2020\/12\/1-17-768x431.jpeg",640,359,true],"large":["https:\/\/fmnativa.com\/portal\/wp-content\/uploads\/2020\/12\/1-17-1024x575.jpeg",640,359,true],"1536x1536":["https:\/\/fmnativa.com\/portal\/wp-content\/uploads\/2020\/12\/1-17.jpeg",1140,640,false],"2048x2048":["https:\/\/fmnativa.com\/portal\/wp-content\/uploads\/2020\/12\/1-17.jpeg",1140,640,false],"covernews-slider-full":["https:\/\/fmnativa.com\/portal\/wp-content\/uploads\/2020\/12\/1-17.jpeg",1115,626,false],"covernews-slider-center":["https:\/\/fmnativa.com\/portal\/wp-content\/uploads\/2020\/12\/1-17.jpeg",800,449,false],"covernews-featured":["https:\/\/fmnativa.com\/portal\/wp-content\/uploads\/2020\/12\/1-17.jpeg",1024,575,false],"covernews-medium":["https:\/\/fmnativa.com\/portal\/wp-content\/uploads\/2020\/12\/1-17.jpeg",540,303,false],"covernews-medium-square":["https:\/\/fmnativa.com\/portal\/wp-content\/uploads\/2020\/12\/1-17.jpeg",400,225,false]},"author_info":{"info":["Fabian"]},"category_info":"<a href=\"https:\/\/fmnativa.com\/portal\/category\/provinciales\/\" rel=\"category tag\">PROVINCIALES<\/a>","tag_info":"PROVINCIALES","comment_count":"0","_links":{"self":[{"href":"https:\/\/fmnativa.com\/portal\/wp-json\/wp\/v2\/posts\/1938","targetHints":{"allow":["GET"]}}],"collection":[{"href":"https:\/\/fmnativa.com\/portal\/wp-json\/wp\/v2\/posts"}],"about":[{"href":"https:\/\/fmnativa.com\/portal\/wp-json\/wp\/v2\/types\/post"}],"author":[{"embeddable":true,"href":"https:\/\/fmnativa.com\/portal\/wp-json\/wp\/v2\/users\/1"}],"replies":[{"embeddable":true,"href":"https:\/\/fmnativa.com\/portal\/wp-json\/wp\/v2\/comments?post=1938"}],"version-history":[{"count":1,"href":"https:\/\/fmnativa.com\/portal\/wp-json\/wp\/v2\/posts\/1938\/revisions"}],"predecessor-version":[{"id":1940,"href":"https:\/\/fmnativa.com\/portal\/wp-json\/wp\/v2\/posts\/1938\/revisions\/1940"}],"wp:featuredmedia":[{"embeddable":true,"href":"https:\/\/fmnativa.com\/portal\/wp-json\/wp\/v2\/media\/1939"}],"wp:attachment":[{"href":"https:\/\/fmnativa.com\/portal\/wp-json\/wp\/v2\/media?parent=1938"}],"wp:term":[{"taxonomy":"category","embeddable":true,"href":"https:\/\/fmnativa.com\/portal\/wp-json\/wp\/v2\/categories?post=1938"},{"taxonomy":"post_tag","embeddable":true,"href":"https:\/\/fmnativa.com\/portal\/wp-json\/wp\/v2\/tags?post=1938"}],"curies":[{"name":"wp","href":"https:\/\/api.w.org\/{rel}","templated":true}]}}