{"id":1941,"date":"2020-12-30T18:57:21","date_gmt":"2020-12-30T21:57:21","guid":{"rendered":"https:\/\/fmnativa.com\/portal\/?p=1941"},"modified":"2020-12-30T18:58:50","modified_gmt":"2020-12-30T21:58:50","slug":"perotti-visito-vera-y-se-fue-con-una-promesa-unidad-de-terapia-intensiva-para-ese-hospital","status":"publish","type":"post","link":"https:\/\/fmnativa.com\/portal\/2020\/12\/30\/perotti-visito-vera-y-se-fue-con-una-promesa-unidad-de-terapia-intensiva-para-ese-hospital\/","title":{"rendered":"PEROTTI VISITO VERA Y SE FUE CON UNA PROMESA&#8230; UNIDAD DE TERAPIA INTENSIVA PARA ESE HOSPITAL"},"content":{"rendered":"<div id=\"fb-root\"><\/div>\n<p><em><strong>En su visita a Vera para encabezar el acto de apertura de sobres con ofertas para contruir la TERMINAL DE CALCHAQUI, Perotti anunci\u00f3 que la provincia construir\u00e1 una terapia intensiva en el Hospital de Vera<\/strong><\/em><\/p>\n<p>El gobernador visit\u00f3 esa ciudad, donde adem\u00e1s entreg\u00f3 aportes a municipios, comunas y clubes del departamento. En Calchaqu\u00ed, encabez\u00f3 el acto de apertura de sobres con ofertas para la construcci\u00f3n de la nueva terminal de \u00f3mnibus.<\/p>\n<p>El gobernador Omar Perotti estuvo presente este mi\u00e9rcoles en el departamento Vera, donde anunci\u00f3 la construcci\u00f3n de una terapia intensiva para el hospital de la ciudad hom\u00f3nima. Adem\u00e1s, entreg\u00f3 aportes a municipios, comunas y clubes. M\u00e1s tarde, en la ciudad de Calchaqu\u00ed, encabez\u00f3 el acto de apertura de sobres con ofertas econ\u00f3micas para la construcci\u00f3n de la estaci\u00f3n terminal de \u00f3mnibus.<br \/>\nLa primera actividad se desarroll\u00f3 en el Club Social de Vera. All\u00ed, en el inicio de su discurso, el gobernador agradeci\u00f3 \u201ca todos y a cada uno de los intendentes de la regi\u00f3n por el trabajo y el esfuerzo que en forma conjunta, nos ha permitido sobrellevar un a\u00f1o muy duro. El cuidado en cada una de las localidades ayud\u00f3 a salvar vidas. Esto es algo que quiero reconocerlo\u201d.<\/p>\n<p>En ese sentido, Perotti anunci\u00f3 que se construir\u00e1 una terapia intensiva en el Hospital de Vera. Record\u00f3 que \u201cen algunas \u00e1reas en particular, el esquema de nodos gener\u00f3 retrasos en muchas de las prestaciones de servicio a la poblaci\u00f3n, y una de ellas ha sido en salud\u201d.<\/p>\n<p>Al respecto, expres\u00f3 que eso \u201cdisminuye enormemente la potencialidad en cada comunidad\u201d, y se refiri\u00f3 a las dificultades de los traslados, \u201cque se vuelven interminables cuando ten\u00e9s las distancias que hay nuestro norte. No hay posibilidad de funcionar si no ten\u00e9s instancias intermedias con buen equipamiento, y Vera fue quiz\u00e1s la ciudad que m\u00e1s sufri\u00f3 este tema\u201d.<\/p>\n<p>Por esto, \u201cen el rol importante que la salud nos marca, vamos a realizar una fuerte inversi\u00f3n en el hospital de Vera, que lo estuvimos recorriendo antes de venir aqu\u00ed. No solamente vamos a estar haciendo las tareas de refacci\u00f3n y de reacondicionamiento, sino que vamos a montar una terapia\u201d, afirm\u00f3 Perotti.<\/p>\n<p>\u201cS\u00e9 que esto es un anhelo de muchos que han trabajado y gestionado a trav\u00e9s de instituciones en los distintos \u00e1mbitos. Expresaron lo que era no solamente un deseo, sino una necesidad\u201d, reconoci\u00f3 el gobernador de Santa Fe. \u201cLa coordinaci\u00f3n y cooperaci\u00f3n entre los sectores p\u00fablico y privado ser\u00e1 la forma no solo de salir de la pandemia, sino de sostener los mejores y mayores niveles de prestaci\u00f3n de salud en cada una de nuestras regiones\u201d.<\/p>\n<p>Del acto participaron tambi\u00e9n la ministra de Infraestructura, Servicios P\u00fablicos y H\u00e1bitat de la provincia, Silvina Frana; el subsecretario de Comunas, de la provincia, Carlos Kaufmann; y los intendentes de Vera, Paula Mitre; y de Calchaqu\u00ed, Oscar Cuello, entre otros.<\/p>\n<p><strong>APORTES<\/strong><br \/>\nEn ese acto, Perotti entreg\u00f3 aportes, fondos y subsidios a municipios, comunas y clubes del departamento Vera por un total de $23.365.569. En conceptos de Fondos Covid se otorgaron fondos a las comunas de Margarita ($500.000), Tartagal ($500.000), Los Amores ($450.000) y a la ciudad de Vera ($1.000.000).<\/p>\n<p>El municipio de Calchaqu\u00ed recibi\u00f3 $2.252.552 del Fondo de Obras Menores; en tanto que para gastos corrientes tambi\u00e9n recibieron fondos las localidades de Garabato ($1.483.000), Tartagal ($1.893.809), Calchaqu\u00ed ($5.838.667), Los T\u00e1banos ($844.902), Intiyaco ($1.779.943) y Fort\u00edn Olmos ($2.535.519).<\/p>\n<p>Adem\u00e1s, se entreg\u00f3 a la municipalidad de Vera un aporte no reintegrable de $3.457.173 pesos para la compra de materiales y montaje de la obra electromec\u00e1nica a la Estaci\u00f3n Elevadora N\u00b06 de cloacas; y se otorgaron subsidios al Club Atl\u00e9tico y Cultural Estudiantes Unidos de Vera ($330.000 para obras de infraestructura) y al Club Atl\u00e9tico Recreativo Ferrocarril Santa Fe de Vera ($500.000 para culminar distintas obras).<\/p>\n<p><strong>TRABAJAR PARA NUESTRA GENTE<\/strong><br \/>\n\u201cQue estemos en el departamento Vera un 30 de diciembre es una de las tantas formas que tenemos para decir que, a pesar de las adversidades, est\u00e1 la firme decisi\u00f3n de superarlas, de no decaer, de hacer frente a todas y cada una de ellas\u201d, dijo Frana, quien agreg\u00f3 que \u201choy, al final del a\u00f1o, estamos en uno de los lugares de la provincia menos visitados por funcionarios, y ac\u00e1 est\u00e1 el gobernador con distintos tipos de respuesta a muchas de las demandas de municipios y comunas del departamento\u201d.<\/p>\n<p>Luego, la ministra record\u00f3 que, tras hacer frente a las deudas heredadas y a priorizar el sistema de salud para afrontar la pandemia, \u201cse retomaron las obras y se comenzaron much\u00edsimas a lo largo de toda la provincia, no haciendo anuncios, sino abriendo sobres de licitaciones o inaugurando tramos, con un profundo acompa\u00f1amiento de la Naci\u00f3n\u201d, y asegur\u00f3 que \u201cnuestro gran objetivo es trabajar para nuestra gente\u201d.<\/p>\n<p>Por su parte, el subsecretario de Comunas, Carlos Kauffman, expres\u00f3 que \u201cen un a\u00f1o dif\u00edcil, en la provincia vamos a totalizar en el transcurso de 2020 a una transferencia de cerca de 5 mil millones de pesos a todos los municipios y comunas\u201d, montos correspondientes \u201ca fondos Covid, financiamiento educativo y de obras menores, lo que significa un 300% m\u00e1s de lo que se destin\u00f3 en 2019\u201d. En ese sentido, agreg\u00f3 que \u201cen el departamento Vera, con la entrega de hoy, vamos a llegar a casi 100 millones de pesos. Deseamos que el que el a\u00f1o que viene lo podamos acrecentar\u201d.<\/p>\n<p>Finalmente, la intendenta de Vera, Paula Mitre, dijo: \u201cEstamos muy contentos despu\u00e9s de un a\u00f1o tan dif\u00edcil y duro. Poder cerrar este 2020 con la presencia del gobernador va a quedar en la historia\u201d de esta regi\u00f3n de la provincia.<\/p>\n<p><strong>LICITACI\u00d3N EN CALCHAQU\u00cd<\/strong><br \/>\nPosteriormente, en el sal\u00f3n del Centro Municipal de la ciudad de Calchaqu\u00ed, Omar Perotti encabez\u00f3 el acto de apertura de sobres con ofertas econ\u00f3micas para la obra de la nueva estaci\u00f3n terminal de \u00f3mnibus, trabajos que cuentan con un presupuesto oficial de $178.268.482.<\/p>\n<p>\u201cHoy estamos licitando obras en toda la provincia, abriendo sobres, y cada una de estas obras que se est\u00e1 licitando tiene sus fondos detr\u00e1s, tiene sus recursos asignados, creo que es la forma en la que hay que ganar previsibilidad y confianza\u201d, dijo el gobernador, quien afirm\u00f3 que esa \u201ces la forma en la que sentimos que se debe trabajar: primero decimos que vamos a hacer algo, y lo hacemos. No venimos a decir que vamos hacer la terminal, estamos abriendo los sobres, y lo hacemos porque tenemos los recursos\u201d.<\/p>\n<p>Al respecto, el gobernador mencion\u00f3 que \u201csabemos que es necesario dinamizar el trabajo, gener\u00e1ndolo en toda la provincia\u201d, y valor\u00f3 la posibilidad \u201cde estar abriendo una licitaci\u00f3n, cumpliendo un deseo, una aspiraci\u00f3n de una comunidad que crece, que es laboriosa, que se distingue en la regi\u00f3n por su perfil emprendedor. Acompa\u00f1ar a esas comunidades en sus aspiraciones es lo que hay que estar haciendo\u201d.<\/p>\n<p>A su turno, el intendente Cuello coment\u00f3 que \u201ctodas las empresas que hoy se presentan a la licitaci\u00f3n ya se comunicaron con trabajadores de nuestra comunidad, con las metal\u00fargicas, con los electricistas, los corralones, con alba\u00f1iles, para pedirles presupuestos, alternativas de organizaci\u00f3n para que trabajen en esta obra\u201d, dijo, y destac\u00f3 la importancia de \u201cgenerar en Calchaqu\u00ed expectativas de trabajo para nuestra gente, adem\u00e1s de lo que en s\u00ed representa esta obra\u201d.<\/p>\n<p>Las tareas para la nueva terminal cuentan con un plazo de ejecuci\u00f3n de 8 meses y se realizar\u00e1n en el predio delimitado por las calles Juan de Garay, Mitre, Estanislao L\u00f3pez y Tucum\u00e1n, sobre el margen oeste de la Ruta Nacional N\u00b011.<\/p>\n<p>En la oportunidad se presentaron siete oferentes: Coirini S.A., que ofert\u00f3 $147.037.241; Constructora Pilatti S.A. cotiz\u00f3 $157.052.876; Dyscon S.A., por $187.535.881; Cocyar S.A., por $119.626.228; Werk Constructora S.A., por $148.680.000; Coemyc S.A., por $151.809.492; y la UTE Orion Ingenier\u00eda S.R.L.-MT S.R.L., por $157.900.450.<\/p>\n","protected":false},"excerpt":{"rendered":"<p>En su visita a Vera para encabezar el acto de apertura de sobres con ofertas&#8230;<\/p>\n","protected":false},"author":1,"featured_media":1942,"comment_status":"closed","ping_status":"closed","sticky":false,"template":"","format":"standard","meta":{"footnotes":""},"categories":[7],"tags":[605,75,652,678,677,676],"class_list":["post-1941","post","type-post","status-publish","format-standard","has-post-thumbnail","hentry","category-provinciales","tag-calchaqui","tag-perotti","tag-terminaldeomnibus","tag-unidaddeterapiaintensiva","tag-uti","tag-vera"],"featured_image_urls":{"full":["https:\/\/fmnativa.com\/portal\/wp-content\/uploads\/2020\/12\/imagen_2020-12-30_185645.png",1280,853,false],"thumbnail":["https:\/\/fmnativa.com\/portal\/wp-content\/uploads\/2020\/12\/imagen_2020-12-30_185645-150x150.png",150,150,true],"medium":["https:\/\/fmnativa.com\/portal\/wp-content\/uploads\/2020\/12\/imagen_2020-12-30_185645-300x200.png",300,200,true],"medium_large":["https:\/\/fmnativa.com\/portal\/wp-content\/uploads\/2020\/12\/imagen_2020-12-30_185645-768x512.png",640,427,true],"large":["https:\/\/fmnativa.com\/portal\/wp-content\/uploads\/2020\/12\/imagen_2020-12-30_185645-1024x682.png",640,426,true],"1536x1536":["https:\/\/fmnativa.com\/portal\/wp-content\/uploads\/2020\/12\/imagen_2020-12-30_185645.png",1280,853,false],"2048x2048":["https:\/\/fmnativa.com\/portal\/wp-content\/uploads\/2020\/12\/imagen_2020-12-30_185645.png",1280,853,false],"covernews-slider-full":["https:\/\/fmnativa.com\/portal\/wp-content\/uploads\/2020\/12\/imagen_2020-12-30_185645.png",1073,715,false],"covernews-slider-center":["https:\/\/fmnativa.com\/portal\/wp-content\/uploads\/2020\/12\/imagen_2020-12-30_185645.png",750,500,false],"covernews-featured":["https:\/\/fmnativa.com\/portal\/wp-content\/uploads\/2020\/12\/imagen_2020-12-30_185645.png",1024,682,false],"covernews-medium":["https:\/\/fmnativa.com\/portal\/wp-content\/uploads\/2020\/12\/imagen_2020-12-30_185645.png",510,340,false],"covernews-medium-square":["https:\/\/fmnativa.com\/portal\/wp-content\/uploads\/2020\/12\/imagen_2020-12-30_185645.png",375,250,false]},"author_info":{"info":["Fabian"]},"category_info":"<a href=\"https:\/\/fmnativa.com\/portal\/category\/provinciales\/\" rel=\"category tag\">PROVINCIALES<\/a>","tag_info":"PROVINCIALES","comment_count":"0","_links":{"self":[{"href":"https:\/\/fmnativa.com\/portal\/wp-json\/wp\/v2\/posts\/1941","targetHints":{"allow":["GET"]}}],"collection":[{"href":"https:\/\/fmnativa.com\/portal\/wp-json\/wp\/v2\/posts"}],"about":[{"href":"https:\/\/fmnativa.com\/portal\/wp-json\/wp\/v2\/types\/post"}],"author":[{"embeddable":true,"href":"https:\/\/fmnativa.com\/portal\/wp-json\/wp\/v2\/users\/1"}],"replies":[{"embeddable":true,"href":"https:\/\/fmnativa.com\/portal\/wp-json\/wp\/v2\/comments?post=1941"}],"version-history":[{"count":2,"href":"https:\/\/fmnativa.com\/portal\/wp-json\/wp\/v2\/posts\/1941\/revisions"}],"predecessor-version":[{"id":1944,"href":"https:\/\/fmnativa.com\/portal\/wp-json\/wp\/v2\/posts\/1941\/revisions\/1944"}],"wp:featuredmedia":[{"embeddable":true,"href":"https:\/\/fmnativa.com\/portal\/wp-json\/wp\/v2\/media\/1942"}],"wp:attachment":[{"href":"https:\/\/fmnativa.com\/portal\/wp-json\/wp\/v2\/media?parent=1941"}],"wp:term":[{"taxonomy":"category","embeddable":true,"href":"https:\/\/fmnativa.com\/portal\/wp-json\/wp\/v2\/categories?post=1941"},{"taxonomy":"post_tag","embeddable":true,"href":"https:\/\/fmnativa.com\/portal\/wp-json\/wp\/v2\/tags?post=1941"}],"curies":[{"name":"wp","href":"https:\/\/api.w.org\/{rel}","templated":true}]}}