{"id":1951,"date":"2020-12-30T22:54:59","date_gmt":"2020-12-31T01:54:59","guid":{"rendered":"https:\/\/fmnativa.com\/portal\/?p=1951"},"modified":"2020-12-30T22:54:59","modified_gmt":"2020-12-31T01:54:59","slug":"coronavirus-tambien-en-la-region-crecieron-los-casos-positivos","status":"publish","type":"post","link":"https:\/\/fmnativa.com\/portal\/2020\/12\/30\/coronavirus-tambien-en-la-region-crecieron-los-casos-positivos\/","title":{"rendered":"Coronavirus &#8211; TAMBIEN EN LA REGION CRECIERON LOS CASOS POSITIVOS"},"content":{"rendered":"<div id=\"fb-root\"><\/div>\n<p>La Regi\u00f3n de Salud Reconquista informa a la poblaci\u00f3n que este mi\u00e9rcoles 30 de diciembre se reportaron en total 82 casos de Covid-19 positivo. 16 Corresponden a Avellaneda y 57 a Reconquista<\/p>\n<p><strong>INFORME OFICIAL ZONA DE SALUD<\/strong><\/p>\n<a href=\"https:\/\/fmnativa.com\/portal\/wp-content\/uploads\/2020\/12\/Informe-diario-30-de-diciembre-2020.pdf\" class=\"pdfemb-viewer\" style=\"\" data-width=\"max\" data-height=\"max\" data-toolbar=\"bottom\" data-toolbar-fixed=\"off\">Informe diario 30 de diciembre 2020<\/a>\n","protected":false},"excerpt":{"rendered":"<p>La Regi\u00f3n de Salud Reconquista informa a la poblaci\u00f3n que este mi\u00e9rcoles 30 de diciembre&#8230;<\/p>\n","protected":false},"author":1,"featured_media":1953,"comment_status":"closed","ping_status":"closed","sticky":false,"template":"","format":"standard","meta":{"footnotes":""},"categories":[49,6],"tags":[30,16,103,133,32,130,42,91,184,80,246,37,73],"class_list":["post-1951","post","type-post","status-publish","format-standard","has-post-thumbnail","hentry","category-covid-19","category-regionales","tag-aislamiento","tag-avellaneda","tag-contagiados","tag-coronavirus","tag-covid-19","tag-cuarentena","tag-fallecidos","tag-muertos","tag-norte-de-santa-fe","tag-pandemia","tag-provincia-de-santa-fe","tag-reconquista","tag-salud"],"featured_image_urls":{"full":["https:\/\/fmnativa.com\/portal\/wp-content\/uploads\/2020\/12\/CORONAVIRUS-NORTE-DE-SANTA-FE.png",1456,766,false],"thumbnail":["https:\/\/fmnativa.com\/portal\/wp-content\/uploads\/2020\/12\/CORONAVIRUS-NORTE-DE-SANTA-FE-150x150.png",150,150,true],"medium":["https:\/\/fmnativa.com\/portal\/wp-content\/uploads\/2020\/12\/CORONAVIRUS-NORTE-DE-SANTA-FE-300x158.png",300,158,true],"medium_large":["https:\/\/fmnativa.com\/portal\/wp-content\/uploads\/2020\/12\/CORONAVIRUS-NORTE-DE-SANTA-FE-768x404.png",640,337,true],"large":["https:\/\/fmnativa.com\/portal\/wp-content\/uploads\/2020\/12\/CORONAVIRUS-NORTE-DE-SANTA-FE-1024x539.png",640,337,true],"1536x1536":["https:\/\/fmnativa.com\/portal\/wp-content\/uploads\/2020\/12\/CORONAVIRUS-NORTE-DE-SANTA-FE.png",1456,766,false],"2048x2048":["https:\/\/fmnativa.com\/portal\/wp-content\/uploads\/2020\/12\/CORONAVIRUS-NORTE-DE-SANTA-FE.png",1456,766,false],"covernews-slider-full":["https:\/\/fmnativa.com\/portal\/wp-content\/uploads\/2020\/12\/CORONAVIRUS-NORTE-DE-SANTA-FE.png",1115,587,false],"covernews-slider-center":["https:\/\/fmnativa.com\/portal\/wp-content\/uploads\/2020\/12\/CORONAVIRUS-NORTE-DE-SANTA-FE.png",800,421,false],"covernews-featured":["https:\/\/fmnativa.com\/portal\/wp-content\/uploads\/2020\/12\/CORONAVIRUS-NORTE-DE-SANTA-FE.png",1024,539,false],"covernews-medium":["https:\/\/fmnativa.com\/portal\/wp-content\/uploads\/2020\/12\/CORONAVIRUS-NORTE-DE-SANTA-FE.png",540,284,false],"covernews-medium-square":["https:\/\/fmnativa.com\/portal\/wp-content\/uploads\/2020\/12\/CORONAVIRUS-NORTE-DE-SANTA-FE.png",400,210,false]},"author_info":{"info":["Fabian"]},"category_info":"<a href=\"https:\/\/fmnativa.com\/portal\/category\/covid-19\/\" rel=\"category tag\">COVID 19<\/a> <a href=\"https:\/\/fmnativa.com\/portal\/category\/regionales\/\" rel=\"category tag\">REGIONALES<\/a>","tag_info":"REGIONALES","comment_count":"0","_links":{"self":[{"href":"https:\/\/fmnativa.com\/portal\/wp-json\/wp\/v2\/posts\/1951","targetHints":{"allow":["GET"]}}],"collection":[{"href":"https:\/\/fmnativa.com\/portal\/wp-json\/wp\/v2\/posts"}],"about":[{"href":"https:\/\/fmnativa.com\/portal\/wp-json\/wp\/v2\/types\/post"}],"author":[{"embeddable":true,"href":"https:\/\/fmnativa.com\/portal\/wp-json\/wp\/v2\/users\/1"}],"replies":[{"embeddable":true,"href":"https:\/\/fmnativa.com\/portal\/wp-json\/wp\/v2\/comments?post=1951"}],"version-history":[{"count":1,"href":"https:\/\/fmnativa.com\/portal\/wp-json\/wp\/v2\/posts\/1951\/revisions"}],"predecessor-version":[{"id":1954,"href":"https:\/\/fmnativa.com\/portal\/wp-json\/wp\/v2\/posts\/1951\/revisions\/1954"}],"wp:featuredmedia":[{"embeddable":true,"href":"https:\/\/fmnativa.com\/portal\/wp-json\/wp\/v2\/media\/1953"}],"wp:attachment":[{"href":"https:\/\/fmnativa.com\/portal\/wp-json\/wp\/v2\/media?parent=1951"}],"wp:term":[{"taxonomy":"category","embeddable":true,"href":"https:\/\/fmnativa.com\/portal\/wp-json\/wp\/v2\/categories?post=1951"},{"taxonomy":"post_tag","embeddable":true,"href":"https:\/\/fmnativa.com\/portal\/wp-json\/wp\/v2\/tags?post=1951"}],"curies":[{"name":"wp","href":"https:\/\/api.w.org\/{rel}","templated":true}]}}