{"id":2006,"date":"2021-01-02T19:33:57","date_gmt":"2021-01-02T22:33:57","guid":{"rendered":"https:\/\/fmnativa.com\/portal\/?p=2006"},"modified":"2021-01-02T19:33:57","modified_gmt":"2021-01-02T22:33:57","slug":"sputnik-v-se-registraron-efectos-adversos-en-317-argentinos-vacunados-contra-el-coronavirus","status":"publish","type":"post","link":"https:\/\/fmnativa.com\/portal\/2021\/01\/02\/sputnik-v-se-registraron-efectos-adversos-en-317-argentinos-vacunados-contra-el-coronavirus\/","title":{"rendered":"Sputnik V: se registraron efectos adversos en 317 argentinos vacunados contra el coronavirus"},"content":{"rendered":"<div id=\"fb-root\"><\/div>\n<h4>Los efectos adversos de 317 argentinos vacunados con la Sputnik V fueron informados por el Ministerio de Salud de la Naci\u00f3n ayer por la ma\u00f1ana.<\/h4>\n<p>La semana pasada comenz\u00f3 en la Argentina la vacunaci\u00f3n con la\u00a0<strong>Sputnik V<\/strong>. Y, en las \u00faltimas horas, se notificaron\u00a0<strong>317 casos de efectos adversos en argentinos<\/strong>\u00a0que ya recibieron la dosis de la vacuna rusa, que son\u00a0<strong>32.013 personas<\/strong>.<\/p>\n<p>Seg\u00fan inform\u00f3 el\u00a0<strong>Ministerio de Salud de la Naci\u00f3n<\/strong>, se trata de<strong>\u00a0fiebre, cefalea y mialgias y, al parecer<\/strong>, se iniciaron entre seis y ocho horas despu\u00e9s de la vacunaci\u00f3n.<\/p>\n<div>\n<div id=\"dfpAds_video_in_read\" class=\"dfpAds \"><\/div>\n<\/div>\n<div id=\"hybs-mslot-2314-4\" class=\"hybs-mslot\">Sin embargo, estas consecuencias est\u00e1n vinculados a esta cura. Pero no son las \u00fanicas. Tambi\u00e9n puede haber\u00a0<strong>hiperemia<\/strong>,\u00a0<strong>hinchaz\u00f3n, s\u00edndrome pseudogripal de corta duraci\u00f3n, problemas gastrointestinales\u00a0<\/strong>como n\u00e1useas o disminuci\u00f3n del apetito.<\/div>\n<p>En la jornada del primero de enero, la\u00a0<strong>Organizaci\u00f3n Mundial de la Salud (OMS)<\/strong>\u00a0autoriz\u00f3 el uso e emergencia de la vacuna contra el coronavirus. Se trata de la cura que ha desarrollado Pfizer en conjunto con el laboratorio\u00a0<strong>BioNTech<\/strong>.<\/p>\n<p><strong>\u201cEs un paso muy positivo para garantizar un acceso universal a las vacunas contra la Covid-19\u201d<\/strong>, fue lo que dijo\u00a0<strong>Mariangela Simao<\/strong>\u00a0directora encargada del acceso a los medicamentos en el organismo internacional.<\/p>\n<p>Sin embargo, la experta tambi\u00e9n sostuvo que \u201cse necesita un esfuerzo a\u00fan mayor para asegurar que se disponga de suficientes dosis de vacunas para satisfacer las necesidades de las poblaciones prioritarias en todo el mundo\u201d.<\/p>\n<p>\u201cHoy la OMS incluy\u00f3 la vacuna mRNA contra la Covid-19 producida por Pfizer\/BioNTech en la lista para el uso urgente. Es la primera desde el inicio del brote de coronavirus hace un a\u00f1o\u201d, agregaron.<\/p>\n<p>Fuente: Radio Mitre<\/p>\n","protected":false},"excerpt":{"rendered":"<p>Los efectos adversos de 317 argentinos vacunados con la Sputnik V fueron informados por el&#8230;<\/p>\n","protected":false},"author":1,"featured_media":2007,"comment_status":"closed","ping_status":"closed","sticky":false,"template":"","format":"standard","meta":{"footnotes":""},"categories":[49,8],"tags":[43,695,628,83],"class_list":["post-2006","post","type-post","status-publish","format-standard","has-post-thumbnail","hentry","category-covid-19","category-nacionales","tag-argentina","tag-efectosadversos","tag-sputnikv","tag-vacuna"],"featured_image_urls":{"full":["https:\/\/fmnativa.com\/portal\/wp-content\/uploads\/2021\/01\/SputnikV.jpg",847,565,false],"thumbnail":["https:\/\/fmnativa.com\/portal\/wp-content\/uploads\/2021\/01\/SputnikV-150x150.jpg",150,150,true],"medium":["https:\/\/fmnativa.com\/portal\/wp-content\/uploads\/2021\/01\/SputnikV-300x200.jpg",300,200,true],"medium_large":["https:\/\/fmnativa.com\/portal\/wp-content\/uploads\/2021\/01\/SputnikV-768x512.jpg",640,427,true],"large":["https:\/\/fmnativa.com\/portal\/wp-content\/uploads\/2021\/01\/SputnikV.jpg",640,427,false],"1536x1536":["https:\/\/fmnativa.com\/portal\/wp-content\/uploads\/2021\/01\/SputnikV.jpg",847,565,false],"2048x2048":["https:\/\/fmnativa.com\/portal\/wp-content\/uploads\/2021\/01\/SputnikV.jpg",847,565,false],"covernews-slider-full":["https:\/\/fmnativa.com\/portal\/wp-content\/uploads\/2021\/01\/SputnikV.jpg",847,565,false],"covernews-slider-center":["https:\/\/fmnativa.com\/portal\/wp-content\/uploads\/2021\/01\/SputnikV.jpg",750,500,false],"covernews-featured":["https:\/\/fmnativa.com\/portal\/wp-content\/uploads\/2021\/01\/SputnikV.jpg",847,565,false],"covernews-medium":["https:\/\/fmnativa.com\/portal\/wp-content\/uploads\/2021\/01\/SputnikV.jpg",510,340,false],"covernews-medium-square":["https:\/\/fmnativa.com\/portal\/wp-content\/uploads\/2021\/01\/SputnikV.jpg",375,250,false]},"author_info":{"info":["Fabian"]},"category_info":"<a href=\"https:\/\/fmnativa.com\/portal\/category\/covid-19\/\" rel=\"category tag\">COVID 19<\/a> <a href=\"https:\/\/fmnativa.com\/portal\/category\/nacionales\/\" rel=\"category tag\">Nacionales<\/a>","tag_info":"Nacionales","comment_count":"0","_links":{"self":[{"href":"https:\/\/fmnativa.com\/portal\/wp-json\/wp\/v2\/posts\/2006","targetHints":{"allow":["GET"]}}],"collection":[{"href":"https:\/\/fmnativa.com\/portal\/wp-json\/wp\/v2\/posts"}],"about":[{"href":"https:\/\/fmnativa.com\/portal\/wp-json\/wp\/v2\/types\/post"}],"author":[{"embeddable":true,"href":"https:\/\/fmnativa.com\/portal\/wp-json\/wp\/v2\/users\/1"}],"replies":[{"embeddable":true,"href":"https:\/\/fmnativa.com\/portal\/wp-json\/wp\/v2\/comments?post=2006"}],"version-history":[{"count":1,"href":"https:\/\/fmnativa.com\/portal\/wp-json\/wp\/v2\/posts\/2006\/revisions"}],"predecessor-version":[{"id":2008,"href":"https:\/\/fmnativa.com\/portal\/wp-json\/wp\/v2\/posts\/2006\/revisions\/2008"}],"wp:featuredmedia":[{"embeddable":true,"href":"https:\/\/fmnativa.com\/portal\/wp-json\/wp\/v2\/media\/2007"}],"wp:attachment":[{"href":"https:\/\/fmnativa.com\/portal\/wp-json\/wp\/v2\/media?parent=2006"}],"wp:term":[{"taxonomy":"category","embeddable":true,"href":"https:\/\/fmnativa.com\/portal\/wp-json\/wp\/v2\/categories?post=2006"},{"taxonomy":"post_tag","embeddable":true,"href":"https:\/\/fmnativa.com\/portal\/wp-json\/wp\/v2\/tags?post=2006"}],"curies":[{"name":"wp","href":"https:\/\/api.w.org\/{rel}","templated":true}]}}