{"id":2009,"date":"2021-01-02T19:40:22","date_gmt":"2021-01-02T22:40:22","guid":{"rendered":"https:\/\/fmnativa.com\/portal\/?p=2009"},"modified":"2021-01-02T19:40:22","modified_gmt":"2021-01-02T22:40:22","slug":"coronavirus-gines-dio-detalles-de-las-personas-que-tuvieron-efectos-adversos-tras-recibir-la-vacuna-rusa","status":"publish","type":"post","link":"https:\/\/fmnativa.com\/portal\/2021\/01\/02\/coronavirus-gines-dio-detalles-de-las-personas-que-tuvieron-efectos-adversos-tras-recibir-la-vacuna-rusa\/","title":{"rendered":"Coronavirus: Gin\u00e9s dio detalles de las personas que tuvieron efectos adversos tras recibir la vacuna rusa"},"content":{"rendered":"<div id=\"fb-root\"><\/div>\n<h4>El ministro de Salud public\u00f3 distintos comentarios ponderando el inicio de la campa\u00f1a de vacunaci\u00f3n contra el coronavirus a trav\u00e9s de la vacuna Sputnik V.<\/h4>\n<figure id=\"attachment_649989\" class=\"wp-caption alignnone\" aria-describedby=\"caption-attachment-649989\"><figcaption id=\"caption-attachment-649989\" class=\"wp-caption-text\">Gin\u00e9s Gonz\u00e1lez Garc\u00eda brind\u00f3 precisiones sobre los resultados del inicio de la campa\u00f1a de vacunaci\u00f3n contra el coronavirus.<\/figcaption><\/figure>\n<p>El ministro de Salud,\u00a0<strong>Gin\u00e9s Gonz\u00e1lez Garc\u00eda<\/strong>, destac\u00f3 el inicio de la campa\u00f1a de vacunaci\u00f3n contra el\u00a0<strong>coronavirus<\/strong>\u00a0en la\u00a0<strong>Argentina<\/strong>\u00a0a trav\u00e9s de la vacuna\u00a0<strong>Sputnik V<\/strong>.<\/p>\n<p>El funcionario indic\u00f3 que se aplicaron 32.103 dosis de la vacuna rusa en personal de salud de todo el pa\u00eds y aclar\u00f3 que \u201c\u00fanicamente se ha reportado un 1 por ciento\u201d de eventos supuestamente atribuidos a la inoculaci\u00f3n. Aclar\u00f3 que fueron casos leves y que no ameritaron internaci\u00f3n.<\/p>\n<div>\n<div id=\"dfpAds_video_in_read\" class=\"dfpAds \"><\/div>\n<\/div>\n<figure id=\"attachment_649986\" class=\"wp-caption aligncenter\" style=\"width: 646px;\" aria-describedby=\"caption-attachment-649986\"><img fetchpriority=\"high\" decoding=\"async\" class=\" wp-image-649986\" src=\"https:\/\/cdn.cienradios.com\/wp-content\/uploads\/sites\/3\/2021\/01\/posteos-gines-.jpg\" sizes=\"(max-width: 904px) 100vw, 904px\" srcset=\"https:\/\/cdn.cienradios.com\/wp-content\/uploads\/sites\/3\/2021\/01\/posteos-gines-.jpg 904w, https:\/\/cdn.cienradios.com\/wp-content\/uploads\/sites\/3\/2021\/01\/posteos-gines--400x287.jpg 400w, https:\/\/cdn.cienradios.com\/wp-content\/uploads\/sites\/3\/2021\/01\/posteos-gines--768x551.jpg 768w, https:\/\/cdn.cienradios.com\/wp-content\/uploads\/sites\/3\/2021\/01\/posteos-gines--750x538.jpg 750w\" alt=\"posteos gines\" width=\"646\" height=\"464\" data-pagespeed-url-hash=\"438228027\" \/><figcaption id=\"caption-attachment-649986\" class=\"wp-caption-text\"><em>Los posteos en Twitter de Gin\u00e9s Gonz\u00e1lez Garc\u00eda sobre la campa\u00f1a de vacunaci\u00f3n contra el coronavirus.<\/em><\/figcaption><\/figure>\n<p>\u201cDe los 317 casos reportados, el 99,3% se clasificaron como leves o moderados, y la presencia de fiebre, cefalea o dolor muscular, como s\u00edntoma \u00fanico o combinados, represent\u00f3 el 80% del total de los eventos reportados\u201d, public\u00f3.<\/p>\n<div>\n<div id=\"dfpAds_native\" class=\"dfpAds \">El ministro record\u00f3 que \u201cen caso de iniciarse estos s\u00edntomas, aparecen dentro de las 6 horas de aplicada la vacuna, y desaparecen transcurridas 24-48 horas\u201d.<\/div>\n<\/div>\n<p>\u201cLa articulaci\u00f3n federal es un pilar esencial de la estrategia nacional y provincial, permitiendo fortalecer los sistemas de comunicaci\u00f3n y las acciones oportunas vinculadas a la vigilancia de estos eventos\u201d, plante\u00f3 Gin\u00e9s Gonz\u00e1lez Garc\u00eda.<\/p>\n<h3>El informe del Ministerio de Salud<\/h3>\n<p>De acuerdo al reporte informado este viernes por su cartera, estos resultados \u201cest\u00e1n dentro de los par\u00e1metros normales de cualquier vacuna\u201d.<\/p>\n<p>Seg\u00fan las autoridades del Ministerio \u201cest\u00e1 planificado y pensado en el plan estrat\u00e9gico, y hay un sistema de registro en el Sistema Nacional de Vigilancia\u201d. \u201cLo que se hizo, en este caso, es instar a las jurisdicciones y a los \u00e1mbitos de vacunaci\u00f3n a que registraran eventos como dolores en el sitio de vacunaci\u00f3n, febr\u00edcula, fiebre o dolor muscular\u201d, agregaron.<\/p>\n<p>Para el Gobierno, \u201clos registros en Argentina son coincidentes con los ensayos de fase 1 y 2 de Rusia\u201d. Adem\u00e1s, sostuvieron que \u201clos efectos adversos son los esperados\u201d.<\/p>\n<p>La campa\u00f1a de vacunaci\u00f3n comenz\u00f3 el martes 29 de diciembre y, en forma simult\u00e1nea, en las distintas jurisdicciones del pa\u00eds. Se tuvo como prioridad a los profesionales de terapia intensiva y otras \u00e1reas de primera atenci\u00f3n.<\/p>\n<p>Fuente Radio Mitre<\/p>\n","protected":false},"excerpt":{"rendered":"<p>El ministro de Salud public\u00f3 distintos comentarios ponderando el inicio de la campa\u00f1a de vacunaci\u00f3n&#8230;<\/p>\n","protected":false},"author":1,"featured_media":2010,"comment_status":"closed","ping_status":"closed","sticky":false,"template":"","format":"standard","meta":{"footnotes":""},"categories":[49,8],"tags":[133,32,695,696,73,628,83],"class_list":["post-2009","post","type-post","status-publish","format-standard","has-post-thumbnail","hentry","category-covid-19","category-nacionales","tag-coronavirus","tag-covid-19","tag-efectosadversos","tag-ginesgonzalezgarcia","tag-salud","tag-sputnikv","tag-vacuna"],"featured_image_urls":{"full":["https:\/\/fmnativa.com\/portal\/wp-content\/uploads\/2021\/01\/1.jpeg",1200,675,false],"thumbnail":["https:\/\/fmnativa.com\/portal\/wp-content\/uploads\/2021\/01\/1-150x150.jpeg",150,150,true],"medium":["https:\/\/fmnativa.com\/portal\/wp-content\/uploads\/2021\/01\/1-300x169.jpeg",300,169,true],"medium_large":["https:\/\/fmnativa.com\/portal\/wp-content\/uploads\/2021\/01\/1-768x432.jpeg",640,360,true],"large":["https:\/\/fmnativa.com\/portal\/wp-content\/uploads\/2021\/01\/1-1024x576.jpeg",640,360,true],"1536x1536":["https:\/\/fmnativa.com\/portal\/wp-content\/uploads\/2021\/01\/1.jpeg",1200,675,false],"2048x2048":["https:\/\/fmnativa.com\/portal\/wp-content\/uploads\/2021\/01\/1.jpeg",1200,675,false],"covernews-slider-full":["https:\/\/fmnativa.com\/portal\/wp-content\/uploads\/2021\/01\/1.jpeg",1115,627,false],"covernews-slider-center":["https:\/\/fmnativa.com\/portal\/wp-content\/uploads\/2021\/01\/1.jpeg",800,450,false],"covernews-featured":["https:\/\/fmnativa.com\/portal\/wp-content\/uploads\/2021\/01\/1.jpeg",1024,576,false],"covernews-medium":["https:\/\/fmnativa.com\/portal\/wp-content\/uploads\/2021\/01\/1.jpeg",540,304,false],"covernews-medium-square":["https:\/\/fmnativa.com\/portal\/wp-content\/uploads\/2021\/01\/1.jpeg",400,225,false]},"author_info":{"info":["Fabian"]},"category_info":"<a href=\"https:\/\/fmnativa.com\/portal\/category\/covid-19\/\" rel=\"category tag\">COVID 19<\/a> <a href=\"https:\/\/fmnativa.com\/portal\/category\/nacionales\/\" rel=\"category tag\">Nacionales<\/a>","tag_info":"Nacionales","comment_count":"0","_links":{"self":[{"href":"https:\/\/fmnativa.com\/portal\/wp-json\/wp\/v2\/posts\/2009","targetHints":{"allow":["GET"]}}],"collection":[{"href":"https:\/\/fmnativa.com\/portal\/wp-json\/wp\/v2\/posts"}],"about":[{"href":"https:\/\/fmnativa.com\/portal\/wp-json\/wp\/v2\/types\/post"}],"author":[{"embeddable":true,"href":"https:\/\/fmnativa.com\/portal\/wp-json\/wp\/v2\/users\/1"}],"replies":[{"embeddable":true,"href":"https:\/\/fmnativa.com\/portal\/wp-json\/wp\/v2\/comments?post=2009"}],"version-history":[{"count":1,"href":"https:\/\/fmnativa.com\/portal\/wp-json\/wp\/v2\/posts\/2009\/revisions"}],"predecessor-version":[{"id":2011,"href":"https:\/\/fmnativa.com\/portal\/wp-json\/wp\/v2\/posts\/2009\/revisions\/2011"}],"wp:featuredmedia":[{"embeddable":true,"href":"https:\/\/fmnativa.com\/portal\/wp-json\/wp\/v2\/media\/2010"}],"wp:attachment":[{"href":"https:\/\/fmnativa.com\/portal\/wp-json\/wp\/v2\/media?parent=2009"}],"wp:term":[{"taxonomy":"category","embeddable":true,"href":"https:\/\/fmnativa.com\/portal\/wp-json\/wp\/v2\/categories?post=2009"},{"taxonomy":"post_tag","embeddable":true,"href":"https:\/\/fmnativa.com\/portal\/wp-json\/wp\/v2\/tags?post=2009"}],"curies":[{"name":"wp","href":"https:\/\/api.w.org\/{rel}","templated":true}]}}