{"id":2046,"date":"2021-01-03T21:06:32","date_gmt":"2021-01-04T00:06:32","guid":{"rendered":"https:\/\/fmnativa.com\/portal\/?p=2046"},"modified":"2021-01-03T21:08:14","modified_gmt":"2021-01-04T00:08:14","slug":"coronavirus-un-nuevo-fallecido-en-el-hospital-central-reconquista","status":"publish","type":"post","link":"https:\/\/fmnativa.com\/portal\/2021\/01\/03\/coronavirus-un-nuevo-fallecido-en-el-hospital-central-reconquista\/","title":{"rendered":"Coronavirus &#8211; UN NUEVO FALLECIDO EN EL HOSPITAL CENTRAL RECONQUISTA"},"content":{"rendered":"<div id=\"fb-root\"><\/div>\n<p>El Hospital Central Reconquista informa a la poblaci\u00f3n que falleci\u00f3 este domingo 3 de enero una paciente de Alejandra con diagn\u00f3stico positivo de coronavirus (2019-nCoV).\u00a0 \u00a0Ten\u00eda 60 a\u00f1os de edad, comorbilidades y se encontraba internada desde el 27 de diciembre de 2020.<\/p>\n<p>Para recordar que en el segundo d\u00eda del a\u00f1o falleci\u00f3 una Paciente internada en Reconquista, oriunda de Vera con diagn\u00f3stico positivo de coronavirus (2019-nCoV). Ten\u00eda 72 a\u00f1os de edad, comorbilidades y se encontraba internada desde el 2 de enero de 2020<\/p>\n<p>El Nosocomio informa que en Terapia intensiva hay 14 internados, 12 de ellos en Estado CRITICO, 7 de ellos son de Reconquista<\/p>\n<p><strong>INFORME OFICIAL HCR<\/strong><br \/>\n<em><strong>PARTE M\u00c9DICO &#8211; 3 DE ENERO DE 2021 \u2013 Actualizado a las 19:00 hs.<\/strong><\/em><\/p>\n<p>El Hospital Central de Reconquista informa la cantidad de pacientes internados al momento de emitir este parte de prensa.<\/p>\n<p><strong>COVID-19 POSITIVOS<\/strong><br \/>\n\u27a1\ufe0f<strong> UTI HCR &#8211; 14 pacientes:<\/strong><br \/>\n&#8211; 12 pacientes en estado cr\u00edtico, con pron\u00f3stico reservado y asistencia respiratoria (7 Reconquista, 2 de Villa Ocampo, 2 de Las Toscas y 1 de Lanteri).<br \/>\n&#8211; 2 pacientes en aislamiento, condici\u00f3n estable y con ox\u00edgeno de Reconquista.<\/p>\n<p>\u27a1\ufe0f <strong>Sala Com\u00fan Adultos HCR &#8211; 16 pacientes<\/strong><br \/>\n&#8211; 10 pacientes de Reconquista, en aislamiento y condici\u00f3n estable.<br \/>\n&#8211; 2 pacientes de Romang, en aislamiento y condici\u00f3n estable.<br \/>\n&#8211; 1 paciente de Malabrigo, en aislamiento y condici\u00f3n estable.<br \/>\n&#8211; 1 paciente de Berna, en aislamiento y condici\u00f3n estable.<br \/>\n&#8211; 1 paciente de Santa Fe, en aislamiento y condici\u00f3n estable.<br \/>\n&#8211; 1 paciente de Avellaneda, en aislamiento y condici\u00f3n estable.<\/p>\n<p>\u27a1\ufe0f <strong>Sala Guardia HCR \u2013 3 pacientes<\/strong><br \/>\n&#8211; 3 pacientes de Reconquista, en aislamiento y condici\u00f3n estable.<\/p>\n<p>\u27a1\ufe0f Hospital de Campa\u00f1a &#8211; 11 pacientes<br \/>\n&#8211; 10 pacientes de Reconquista, en aislamiento y condici\u00f3n estable.<br \/>\n&#8211; 1 paciente de Avellaneda, en aislamiento y condici\u00f3n estable.<\/p>\n","protected":false},"excerpt":{"rendered":"<p>El Hospital Central Reconquista informa a la poblaci\u00f3n que falleci\u00f3 este domingo 3 de enero&#8230;<\/p>\n","protected":false},"author":1,"featured_media":697,"comment_status":"closed","ping_status":"closed","sticky":false,"template":"","format":"standard","meta":{"footnotes":""},"categories":[49,6],"tags":[30,103,133,32,130,42,91,698,80,37,60,73,24],"class_list":["post-2046","post","type-post","status-publish","format-standard","has-post-thumbnail","hentry","category-covid-19","category-regionales","tag-aislamiento","tag-contagiados","tag-coronavirus","tag-covid-19","tag-cuarentena","tag-fallecidos","tag-muertos","tag-nortedesantafe","tag-pandemia","tag-reconquista","tag-region","tag-salud","tag-urgente"],"featured_image_urls":{"full":["https:\/\/fmnativa.com\/portal\/wp-content\/uploads\/2020\/09\/1-81.jpg",587,439,false],"thumbnail":["https:\/\/fmnativa.com\/portal\/wp-content\/uploads\/2020\/09\/1-81-150x150.jpg",150,150,true],"medium":["https:\/\/fmnativa.com\/portal\/wp-content\/uploads\/2020\/09\/1-81-300x224.jpg",300,224,true],"medium_large":["https:\/\/fmnativa.com\/portal\/wp-content\/uploads\/2020\/09\/1-81.jpg",587,439,false],"large":["https:\/\/fmnativa.com\/portal\/wp-content\/uploads\/2020\/09\/1-81.jpg",587,439,false],"1536x1536":["https:\/\/fmnativa.com\/portal\/wp-content\/uploads\/2020\/09\/1-81.jpg",587,439,false],"2048x2048":["https:\/\/fmnativa.com\/portal\/wp-content\/uploads\/2020\/09\/1-81.jpg",587,439,false],"covernews-slider-full":["https:\/\/fmnativa.com\/portal\/wp-content\/uploads\/2020\/09\/1-81.jpg",587,439,false],"covernews-slider-center":["https:\/\/fmnativa.com\/portal\/wp-content\/uploads\/2020\/09\/1-81.jpg",587,439,false],"covernews-featured":["https:\/\/fmnativa.com\/portal\/wp-content\/uploads\/2020\/09\/1-81.jpg",587,439,false],"covernews-medium":["https:\/\/fmnativa.com\/portal\/wp-content\/uploads\/2020\/09\/1-81.jpg",455,340,false],"covernews-medium-square":["https:\/\/fmnativa.com\/portal\/wp-content\/uploads\/2020\/09\/1-81.jpg",334,250,false]},"author_info":{"info":["Fabian"]},"category_info":"<a href=\"https:\/\/fmnativa.com\/portal\/category\/covid-19\/\" rel=\"category tag\">COVID 19<\/a> <a href=\"https:\/\/fmnativa.com\/portal\/category\/regionales\/\" rel=\"category tag\">REGIONALES<\/a>","tag_info":"REGIONALES","comment_count":"0","_links":{"self":[{"href":"https:\/\/fmnativa.com\/portal\/wp-json\/wp\/v2\/posts\/2046","targetHints":{"allow":["GET"]}}],"collection":[{"href":"https:\/\/fmnativa.com\/portal\/wp-json\/wp\/v2\/posts"}],"about":[{"href":"https:\/\/fmnativa.com\/portal\/wp-json\/wp\/v2\/types\/post"}],"author":[{"embeddable":true,"href":"https:\/\/fmnativa.com\/portal\/wp-json\/wp\/v2\/users\/1"}],"replies":[{"embeddable":true,"href":"https:\/\/fmnativa.com\/portal\/wp-json\/wp\/v2\/comments?post=2046"}],"version-history":[{"count":3,"href":"https:\/\/fmnativa.com\/portal\/wp-json\/wp\/v2\/posts\/2046\/revisions"}],"predecessor-version":[{"id":2049,"href":"https:\/\/fmnativa.com\/portal\/wp-json\/wp\/v2\/posts\/2046\/revisions\/2049"}],"wp:featuredmedia":[{"embeddable":true,"href":"https:\/\/fmnativa.com\/portal\/wp-json\/wp\/v2\/media\/697"}],"wp:attachment":[{"href":"https:\/\/fmnativa.com\/portal\/wp-json\/wp\/v2\/media?parent=2046"}],"wp:term":[{"taxonomy":"category","embeddable":true,"href":"https:\/\/fmnativa.com\/portal\/wp-json\/wp\/v2\/categories?post=2046"},{"taxonomy":"post_tag","embeddable":true,"href":"https:\/\/fmnativa.com\/portal\/wp-json\/wp\/v2\/tags?post=2046"}],"curies":[{"name":"wp","href":"https:\/\/api.w.org\/{rel}","templated":true}]}}