{"id":2050,"date":"2021-01-03T21:16:14","date_gmt":"2021-01-04T00:16:14","guid":{"rendered":"https:\/\/fmnativa.com\/portal\/?p=2050"},"modified":"2021-01-03T21:16:25","modified_gmt":"2021-01-04T00:16:25","slug":"coronavirus-son-11-los-casos-reportados-en-la-region-en-el-dia-de-hou","status":"publish","type":"post","link":"https:\/\/fmnativa.com\/portal\/2021\/01\/03\/coronavirus-son-11-los-casos-reportados-en-la-region-en-el-dia-de-hou\/","title":{"rendered":"Coronavirus &#8211; SON 11 LOS CASOS REPORTADOS EN LA REGION EN EL DIA DE HOY"},"content":{"rendered":"<div id=\"fb-root\"><\/div>\n<p><em><strong>La Regi\u00f3n de Salud Reconquista informa a la poblaci\u00f3n que este domingo 3 de enero se reportaron en total 11 casos de Covid-19 positivo.<\/strong><\/em><\/p>\n<p>A la fecha hay 18 localidades en el \u00e1rea de influencia de la Regi\u00f3n de Salud Reconquista, con casos activos de Coronavirus: Arroyo Ceibal; Guadalupe Norte; Romang; Las Toscas; Tacuarend\u00ed; Avellaneda; Reconquista; Nicanor Molinas; El Araz\u00e1; Lanteri; Malabrigo; La Potasa; Villa Ocampo; La Sarita; Villa Ana; Berna; Alejandra; Florencia.<\/p>\n<p>Total de casos activos a la fecha en la regi\u00f3n: 423 (373 cumpliendo aislamientos domiciliario obligatorio con vigilancia epidemiol\u00f3gica, 50 internados).<\/p>\n<p><strong>INFORME OFICIAL del 3 de Enero de 2020<\/strong><\/p>\n<p><strong><a href=\"https:\/\/fmnativa.com\/portal\/wp-content\/uploads\/2021\/01\/Informe-diario-3-ENERO-2021.pdf\" class=\"pdfemb-viewer\" style=\"\" data-width=\"max\" data-height=\"max\" data-toolbar=\"bottom\" data-toolbar-fixed=\"off\">Informe diario 3 ENERO 2021<\/a><\/strong><\/p>\n","protected":false},"excerpt":{"rendered":"<p>La Regi\u00f3n de Salud Reconquista informa a la poblaci\u00f3n que este domingo 3 de enero&#8230;<\/p>\n","protected":false},"author":1,"featured_media":1953,"comment_status":"closed","ping_status":"closed","sticky":false,"template":"","format":"standard","meta":{"footnotes":""},"categories":[49,6],"tags":[30,103,133,32,130,698,80,60,73],"class_list":["post-2050","post","type-post","status-publish","format-standard","has-post-thumbnail","hentry","category-covid-19","category-regionales","tag-aislamiento","tag-contagiados","tag-coronavirus","tag-covid-19","tag-cuarentena","tag-nortedesantafe","tag-pandemia","tag-region","tag-salud"],"featured_image_urls":{"full":["https:\/\/fmnativa.com\/portal\/wp-content\/uploads\/2020\/12\/CORONAVIRUS-NORTE-DE-SANTA-FE.png",1456,766,false],"thumbnail":["https:\/\/fmnativa.com\/portal\/wp-content\/uploads\/2020\/12\/CORONAVIRUS-NORTE-DE-SANTA-FE-150x150.png",150,150,true],"medium":["https:\/\/fmnativa.com\/portal\/wp-content\/uploads\/2020\/12\/CORONAVIRUS-NORTE-DE-SANTA-FE-300x158.png",300,158,true],"medium_large":["https:\/\/fmnativa.com\/portal\/wp-content\/uploads\/2020\/12\/CORONAVIRUS-NORTE-DE-SANTA-FE-768x404.png",640,337,true],"large":["https:\/\/fmnativa.com\/portal\/wp-content\/uploads\/2020\/12\/CORONAVIRUS-NORTE-DE-SANTA-FE-1024x539.png",640,337,true],"1536x1536":["https:\/\/fmnativa.com\/portal\/wp-content\/uploads\/2020\/12\/CORONAVIRUS-NORTE-DE-SANTA-FE.png",1456,766,false],"2048x2048":["https:\/\/fmnativa.com\/portal\/wp-content\/uploads\/2020\/12\/CORONAVIRUS-NORTE-DE-SANTA-FE.png",1456,766,false],"covernews-slider-full":["https:\/\/fmnativa.com\/portal\/wp-content\/uploads\/2020\/12\/CORONAVIRUS-NORTE-DE-SANTA-FE.png",1115,587,false],"covernews-slider-center":["https:\/\/fmnativa.com\/portal\/wp-content\/uploads\/2020\/12\/CORONAVIRUS-NORTE-DE-SANTA-FE.png",800,421,false],"covernews-featured":["https:\/\/fmnativa.com\/portal\/wp-content\/uploads\/2020\/12\/CORONAVIRUS-NORTE-DE-SANTA-FE.png",1024,539,false],"covernews-medium":["https:\/\/fmnativa.com\/portal\/wp-content\/uploads\/2020\/12\/CORONAVIRUS-NORTE-DE-SANTA-FE.png",540,284,false],"covernews-medium-square":["https:\/\/fmnativa.com\/portal\/wp-content\/uploads\/2020\/12\/CORONAVIRUS-NORTE-DE-SANTA-FE.png",400,210,false]},"author_info":{"info":["Fabian"]},"category_info":"<a href=\"https:\/\/fmnativa.com\/portal\/category\/covid-19\/\" rel=\"category tag\">COVID 19<\/a> <a href=\"https:\/\/fmnativa.com\/portal\/category\/regionales\/\" rel=\"category tag\">REGIONALES<\/a>","tag_info":"REGIONALES","comment_count":"0","_links":{"self":[{"href":"https:\/\/fmnativa.com\/portal\/wp-json\/wp\/v2\/posts\/2050","targetHints":{"allow":["GET"]}}],"collection":[{"href":"https:\/\/fmnativa.com\/portal\/wp-json\/wp\/v2\/posts"}],"about":[{"href":"https:\/\/fmnativa.com\/portal\/wp-json\/wp\/v2\/types\/post"}],"author":[{"embeddable":true,"href":"https:\/\/fmnativa.com\/portal\/wp-json\/wp\/v2\/users\/1"}],"replies":[{"embeddable":true,"href":"https:\/\/fmnativa.com\/portal\/wp-json\/wp\/v2\/comments?post=2050"}],"version-history":[{"count":2,"href":"https:\/\/fmnativa.com\/portal\/wp-json\/wp\/v2\/posts\/2050\/revisions"}],"predecessor-version":[{"id":2053,"href":"https:\/\/fmnativa.com\/portal\/wp-json\/wp\/v2\/posts\/2050\/revisions\/2053"}],"wp:featuredmedia":[{"embeddable":true,"href":"https:\/\/fmnativa.com\/portal\/wp-json\/wp\/v2\/media\/1953"}],"wp:attachment":[{"href":"https:\/\/fmnativa.com\/portal\/wp-json\/wp\/v2\/media?parent=2050"}],"wp:term":[{"taxonomy":"category","embeddable":true,"href":"https:\/\/fmnativa.com\/portal\/wp-json\/wp\/v2\/categories?post=2050"},{"taxonomy":"post_tag","embeddable":true,"href":"https:\/\/fmnativa.com\/portal\/wp-json\/wp\/v2\/tags?post=2050"}],"curies":[{"name":"wp","href":"https:\/\/api.w.org\/{rel}","templated":true}]}}