{"id":2086,"date":"2021-01-04T21:44:03","date_gmt":"2021-01-05T00:44:03","guid":{"rendered":"https:\/\/fmnativa.com\/portal\/?p=2086"},"modified":"2021-01-04T21:48:00","modified_gmt":"2021-01-05T00:48:00","slug":"coronavirus-30-fallecidos-y-1-112-nuevos-casos-en-la-provincia-hoy","status":"publish","type":"post","link":"https:\/\/fmnativa.com\/portal\/2021\/01\/04\/coronavirus-30-fallecidos-y-1-112-nuevos-casos-en-la-provincia-hoy\/","title":{"rendered":"Coronavirus &#8211; 30 FALLECIDOS Y 1.112 NUEVOS CASOS EN LA PROVINCIA HOY"},"content":{"rendered":"<div id=\"fb-root\"><\/div>\n<p>En el d\u00eda de la fecha se informa el fallecimiento de treinta (30) personas con COVID-19. Los fallecidos son de 15 localidades diferentes de la provincia.<\/p>\n<p>El menor de los fallecidos 23 A\u00f1os de San Jos\u00e9 del Rinc\u00f3n. El mayor es de Rosario con 92 a\u00f1os<\/p>\n<p><strong>INFORME OFICIAL<\/strong><\/p>\n<a href=\"https:\/\/fmnativa.com\/portal\/wp-content\/uploads\/2021\/01\/2021-01-04_Parte_MSSF_Coronavirus.pdf\" class=\"pdfemb-viewer\" style=\"\" data-width=\"max\" data-height=\"max\" data-toolbar=\"bottom\" data-toolbar-fixed=\"off\">2021-01-04_Parte_MSSF_Coronavirus<\/a>\n","protected":false},"excerpt":{"rendered":"<p>En el d\u00eda de la fecha se informa el fallecimiento de treinta (30) personas con&#8230;<\/p>\n","protected":false},"author":1,"featured_media":1851,"comment_status":"closed","ping_status":"closed","sticky":false,"template":"","format":"standard","meta":{"footnotes":""},"categories":[49,7],"tags":[30,103,32,130,33,42,91,80,14,643,73],"class_list":["post-2086","post","type-post","status-publish","format-standard","has-post-thumbnail","hentry","category-covid-19","category-provinciales","tag-aislamiento","tag-contagiados","tag-covid-19","tag-cuarentena","tag-decesos","tag-fallecidos","tag-muertos","tag-pandemia","tag-provincia","tag-provinciadesantafe","tag-salud"],"featured_image_urls":{"full":["https:\/\/fmnativa.com\/portal\/wp-content\/uploads\/2020\/12\/Coronavirus-santa-fe.jpg",633,357,false],"thumbnail":["https:\/\/fmnativa.com\/portal\/wp-content\/uploads\/2020\/12\/Coronavirus-santa-fe-150x150.jpg",150,150,true],"medium":["https:\/\/fmnativa.com\/portal\/wp-content\/uploads\/2020\/12\/Coronavirus-santa-fe-300x169.jpg",300,169,true],"medium_large":["https:\/\/fmnativa.com\/portal\/wp-content\/uploads\/2020\/12\/Coronavirus-santa-fe.jpg",633,357,false],"large":["https:\/\/fmnativa.com\/portal\/wp-content\/uploads\/2020\/12\/Coronavirus-santa-fe.jpg",633,357,false],"1536x1536":["https:\/\/fmnativa.com\/portal\/wp-content\/uploads\/2020\/12\/Coronavirus-santa-fe.jpg",633,357,false],"2048x2048":["https:\/\/fmnativa.com\/portal\/wp-content\/uploads\/2020\/12\/Coronavirus-santa-fe.jpg",633,357,false],"covernews-slider-full":["https:\/\/fmnativa.com\/portal\/wp-content\/uploads\/2020\/12\/Coronavirus-santa-fe.jpg",633,357,false],"covernews-slider-center":["https:\/\/fmnativa.com\/portal\/wp-content\/uploads\/2020\/12\/Coronavirus-santa-fe.jpg",633,357,false],"covernews-featured":["https:\/\/fmnativa.com\/portal\/wp-content\/uploads\/2020\/12\/Coronavirus-santa-fe.jpg",633,357,false],"covernews-medium":["https:\/\/fmnativa.com\/portal\/wp-content\/uploads\/2020\/12\/Coronavirus-santa-fe.jpg",540,305,false],"covernews-medium-square":["https:\/\/fmnativa.com\/portal\/wp-content\/uploads\/2020\/12\/Coronavirus-santa-fe.jpg",400,226,false]},"author_info":{"info":["Fabian"]},"category_info":"<a href=\"https:\/\/fmnativa.com\/portal\/category\/covid-19\/\" rel=\"category tag\">COVID 19<\/a> <a href=\"https:\/\/fmnativa.com\/portal\/category\/provinciales\/\" rel=\"category tag\">PROVINCIALES<\/a>","tag_info":"PROVINCIALES","comment_count":"0","_links":{"self":[{"href":"https:\/\/fmnativa.com\/portal\/wp-json\/wp\/v2\/posts\/2086","targetHints":{"allow":["GET"]}}],"collection":[{"href":"https:\/\/fmnativa.com\/portal\/wp-json\/wp\/v2\/posts"}],"about":[{"href":"https:\/\/fmnativa.com\/portal\/wp-json\/wp\/v2\/types\/post"}],"author":[{"embeddable":true,"href":"https:\/\/fmnativa.com\/portal\/wp-json\/wp\/v2\/users\/1"}],"replies":[{"embeddable":true,"href":"https:\/\/fmnativa.com\/portal\/wp-json\/wp\/v2\/comments?post=2086"}],"version-history":[{"count":2,"href":"https:\/\/fmnativa.com\/portal\/wp-json\/wp\/v2\/posts\/2086\/revisions"}],"predecessor-version":[{"id":2089,"href":"https:\/\/fmnativa.com\/portal\/wp-json\/wp\/v2\/posts\/2086\/revisions\/2089"}],"wp:featuredmedia":[{"embeddable":true,"href":"https:\/\/fmnativa.com\/portal\/wp-json\/wp\/v2\/media\/1851"}],"wp:attachment":[{"href":"https:\/\/fmnativa.com\/portal\/wp-json\/wp\/v2\/media?parent=2086"}],"wp:term":[{"taxonomy":"category","embeddable":true,"href":"https:\/\/fmnativa.com\/portal\/wp-json\/wp\/v2\/categories?post=2086"},{"taxonomy":"post_tag","embeddable":true,"href":"https:\/\/fmnativa.com\/portal\/wp-json\/wp\/v2\/tags?post=2086"}],"curies":[{"name":"wp","href":"https:\/\/api.w.org\/{rel}","templated":true}]}}