{"id":2100,"date":"2021-01-05T00:38:24","date_gmt":"2021-01-05T03:38:24","guid":{"rendered":"https:\/\/fmnativa.com\/portal\/?p=2100"},"modified":"2021-01-05T00:38:24","modified_gmt":"2021-01-05T03:38:24","slug":"ypf-aumento-el-precio-de-los-combustibles-29-promedio-en-todo-el-pais","status":"publish","type":"post","link":"https:\/\/fmnativa.com\/portal\/2021\/01\/05\/ypf-aumento-el-precio-de-los-combustibles-29-promedio-en-todo-el-pais\/","title":{"rendered":"YPF aument\u00f3 el precio de los combustibles 2,9% promedio en todo el pa\u00eds"},"content":{"rendered":"<div id=\"fb-root\"><\/div>\n<p style=\"text-align: left;\"><em><strong>Se trata del primer aumento del a\u00f1o y la empresa indic\u00f3 que es consecuencia de la suba dispuesta ayer en el valor de los biocombustibles<\/strong><\/em>.<\/p>\n<p class=\"paragraph\">Por primera vez en el 2021, YPF anunci\u00f3 que desde este martes aument\u00f3 el precio de sus combustibles un 2,9%, tanto el de la nafta como el del gasoil, en todo el pa\u00eds.\u00a0Es como consecuencia de los recientes incrementos en el costo del biodiesel y del etanol, dispuestos por el Gobierno nacional.<\/p>\n<p class=\"paragraph\">As\u00ed lo comunic\u00f3 la empresa a trav\u00e9s de un comunicado en el que precis\u00f3 que la suba comenzar\u00e1 a regir desde \u201cla madrugada del 5 de enero\u201d, momento en el cual se ajustar\u00e1 el componente de los bios en los combustibles.<\/p>\n<p class=\"paragraph\">El \u00faltimo aumento que inform\u00f3 la compa\u00f1\u00eda estatal fue del 4,5 por ciento, en promedio, y empez\u00f3 a regir el 16 de diciembre del a\u00f1o pasado. En ese momento, la medida se tom\u00f3 para \u201cacortar las brechas entre AMBA y el resto de las provincias\u201d.<\/p>\n<p>Fuente: Infobae<\/p>\n","protected":false},"excerpt":{"rendered":"<p>Se trata del primer aumento del a\u00f1o y la empresa indic\u00f3 que es consecuencia de&#8230;<\/p>\n","protected":false},"author":1,"featured_media":2101,"comment_status":"closed","ping_status":"closed","sticky":false,"template":"","format":"standard","meta":{"footnotes":""},"categories":[8],"tags":[43,737,62,360],"class_list":["post-2100","post","type-post","status-publish","format-standard","has-post-thumbnail","hentry","category-nacionales","tag-argentina","tag-aumento-de-combustibles","tag-economia","tag-ypf"],"featured_image_urls":{"full":["https:\/\/fmnativa.com\/portal\/wp-content\/uploads\/2021\/01\/25WKK5DAEVHO7N77KTMW4QASA4.jpg",768,432,false],"thumbnail":["https:\/\/fmnativa.com\/portal\/wp-content\/uploads\/2021\/01\/25WKK5DAEVHO7N77KTMW4QASA4-150x150.jpg",150,150,true],"medium":["https:\/\/fmnativa.com\/portal\/wp-content\/uploads\/2021\/01\/25WKK5DAEVHO7N77KTMW4QASA4-300x169.jpg",300,169,true],"medium_large":["https:\/\/fmnativa.com\/portal\/wp-content\/uploads\/2021\/01\/25WKK5DAEVHO7N77KTMW4QASA4.jpg",640,360,false],"large":["https:\/\/fmnativa.com\/portal\/wp-content\/uploads\/2021\/01\/25WKK5DAEVHO7N77KTMW4QASA4.jpg",640,360,false],"1536x1536":["https:\/\/fmnativa.com\/portal\/wp-content\/uploads\/2021\/01\/25WKK5DAEVHO7N77KTMW4QASA4.jpg",768,432,false],"2048x2048":["https:\/\/fmnativa.com\/portal\/wp-content\/uploads\/2021\/01\/25WKK5DAEVHO7N77KTMW4QASA4.jpg",768,432,false],"covernews-slider-full":["https:\/\/fmnativa.com\/portal\/wp-content\/uploads\/2021\/01\/25WKK5DAEVHO7N77KTMW4QASA4.jpg",768,432,false],"covernews-slider-center":["https:\/\/fmnativa.com\/portal\/wp-content\/uploads\/2021\/01\/25WKK5DAEVHO7N77KTMW4QASA4.jpg",768,432,false],"covernews-featured":["https:\/\/fmnativa.com\/portal\/wp-content\/uploads\/2021\/01\/25WKK5DAEVHO7N77KTMW4QASA4.jpg",768,432,false],"covernews-medium":["https:\/\/fmnativa.com\/portal\/wp-content\/uploads\/2021\/01\/25WKK5DAEVHO7N77KTMW4QASA4.jpg",540,304,false],"covernews-medium-square":["https:\/\/fmnativa.com\/portal\/wp-content\/uploads\/2021\/01\/25WKK5DAEVHO7N77KTMW4QASA4.jpg",400,225,false]},"author_info":{"info":["Fabian"]},"category_info":"<a href=\"https:\/\/fmnativa.com\/portal\/category\/nacionales\/\" rel=\"category tag\">Nacionales<\/a>","tag_info":"Nacionales","comment_count":"0","_links":{"self":[{"href":"https:\/\/fmnativa.com\/portal\/wp-json\/wp\/v2\/posts\/2100","targetHints":{"allow":["GET"]}}],"collection":[{"href":"https:\/\/fmnativa.com\/portal\/wp-json\/wp\/v2\/posts"}],"about":[{"href":"https:\/\/fmnativa.com\/portal\/wp-json\/wp\/v2\/types\/post"}],"author":[{"embeddable":true,"href":"https:\/\/fmnativa.com\/portal\/wp-json\/wp\/v2\/users\/1"}],"replies":[{"embeddable":true,"href":"https:\/\/fmnativa.com\/portal\/wp-json\/wp\/v2\/comments?post=2100"}],"version-history":[{"count":1,"href":"https:\/\/fmnativa.com\/portal\/wp-json\/wp\/v2\/posts\/2100\/revisions"}],"predecessor-version":[{"id":2102,"href":"https:\/\/fmnativa.com\/portal\/wp-json\/wp\/v2\/posts\/2100\/revisions\/2102"}],"wp:featuredmedia":[{"embeddable":true,"href":"https:\/\/fmnativa.com\/portal\/wp-json\/wp\/v2\/media\/2101"}],"wp:attachment":[{"href":"https:\/\/fmnativa.com\/portal\/wp-json\/wp\/v2\/media?parent=2100"}],"wp:term":[{"taxonomy":"category","embeddable":true,"href":"https:\/\/fmnativa.com\/portal\/wp-json\/wp\/v2\/categories?post=2100"},{"taxonomy":"post_tag","embeddable":true,"href":"https:\/\/fmnativa.com\/portal\/wp-json\/wp\/v2\/tags?post=2100"}],"curies":[{"name":"wp","href":"https:\/\/api.w.org\/{rel}","templated":true}]}}