{"id":2103,"date":"2021-01-05T01:01:08","date_gmt":"2021-01-05T04:01:08","guid":{"rendered":"https:\/\/fmnativa.com\/portal\/?p=2103"},"modified":"2021-01-05T01:02:22","modified_gmt":"2021-01-05T04:02:22","slug":"coronavirus-400-dosis-de-vacunas-a-la-basura","status":"publish","type":"post","link":"https:\/\/fmnativa.com\/portal\/2021\/01\/05\/coronavirus-400-dosis-de-vacunas-a-la-basura\/","title":{"rendered":"Coronavirus: 400 dosis de vacunas A LA BASURA"},"content":{"rendered":"<div id=\"fb-root\"><\/div>\n<p style=\"text-align: left;\"><em><strong>Porque perdieron la cadena de fr\u00edo<\/strong><\/em><\/p>\n<p>Autoridades sanitarias pidieron investigar lasirregularidades en el almacenamiento de las dosis. \u201cSe est\u00e1 hablando de sabotaje, pero es muy prematuro\u201d, dijo el intendente de la localidad bonaerense.<\/p>\n<p class=\"paragraph\">Las autoridades sanitarias de la provincia de Buenos Aires anunciaron que debieron\u00a0<b>descartar 400 vacunas contra el coronavirus, que se encontraban almacenadas en un hospital de Olavarr\u00eda, tras haber perdido la cadena de fr\u00edo.<\/b>\u00a0Los directivos del centro m\u00e9dico radicaron una denuncia para que se investigue si hubo sabotaje.<\/p>\n<p class=\"paragraph\">Seg\u00fan averigu\u00f3\u00a0<b>Infobae<\/b>, la semana pasada llegaron 450 dosis de la vacuna Sputnik V a Olavarr\u00eda. El mi\u00e9rcoles fueron vacunadas 50 personas, por lo tanto\u00a0<b>las 400 restantes debieron ser almacenadas<\/b>.\u00a0<b>Ezequiel Galli<\/b>, intendente de Olavarr\u00eda, hab\u00eda propuesto guardarlas en un vacunatorio municipal, pero las autoridades sanitarias decidieron hacerlo en un centro m\u00e9dico provincial, el\u00a0<b>Hospital de Oncolog\u00eda Luciano Alfredo Fortabat.<\/b><\/p>\n<p style=\"text-align: left;\">Este lunes, cuando se dispuso\u00a0retomar la vacunaci\u00f3n, funcionarios del ministerio de Salud bonaerense\u00a0<b>notaron ciertas irregularidades en el\u00a0 almacenamiento<\/b>.\u00a0<b>Ramiro Borzi<\/b>, titular de la Regi\u00f3n Sanitaria XI de la provincia de Buenos Aires, declar\u00f3 al sitio local\u00a0<i>Infoeme.com<\/i>: \u201cLas vacunas que estaban en el freezer van a salir de circulaci\u00f3n, no se pueden utilizar. Empezamos a corroborar una serie de hechos irregulares y graves. Por ejemplo, a las 2:50 de la madrugada se cort\u00f3 la c\u00e1mara que monitoreaba el freezer. Se constata por otras c\u00e1maras movimientos extra\u00f1os alrededor del hospital. Hubo tambi\u00e9n una falta de reporte del personal de seguridad por la zona en la que est\u00e1n ubicadas f\u00edsicamente las vacunas\u201d.<\/p>\n<p class=\"paragraph\">Asimismo, asegur\u00f3 que\u00a0<b>\u201cla \u00fanica c\u00e1mara de seguridad que cort\u00f3 la transmisi\u00f3n\u201d fue la que estaba frente al freezer con las vacunas\u00a0<\/b>y que el resto de las c\u00e1maras funcionaron con normalidad durante todo el fin de semana.<\/p>\n<p class=\"paragraph\">Ante esta situaci\u00f3n, la cartera comandada por\u00a0<b>Daniel Goll\u00e1n\u00a0<\/b>se comunic\u00f3 con los titulares de la Regi\u00f3n Sanitaria, quienes constataron que\u00a0<b>hubo \u201cun desv\u00edo en la cadena de fr\u00edo\u201d<\/b>. Al respecto, Borzi dijo: \u201cNo descartamos que haya sido una acci\u00f3n intencionada. Es por eso que estamos avanzando firmemente en la investigaci\u00f3n, y haciendo todo lo que haya que hacer para saber qu\u00e9 sucedi\u00f3\u201d.<\/p>\n<p class=\"paragraph\">En ese sentido se manifest\u00f3 tambi\u00e9n el intendente Galli, en di\u00e1logo con la se\u00f1al de noticias A24. \u201c<b>Hay una denuncia penal para averiguar lo que pas\u00f3, por qu\u00e9 se cort\u00f3 la cadena de fr\u00edo.<\/b>\u00a0Fue un operativo realizado por la Provincia. Nosotros nos pusimos a disposici\u00f3n, tenemos un centro vacunatorio municipal con 60 a\u00f1os de historia, en el que nunca se tuvo que tirar una vacuna por p\u00e9rdida de cadena de fr\u00edo, tiene grupo electr\u00f3geno y freezer para almacenar 70 mil dosis. Pero la decisi\u00f3n fue hacerlo en un hospital provincial y la respetamos. Lo que pas\u00f3 y qui\u00e9n fue el responsable lo deber\u00e1 determinar la Justicia\u201d, indic\u00f3.<\/p>\n<p class=\"paragraph\">Luego hizo referencia a las sospechas sobre lo ocurrido: \u201c<b>Se est\u00e1 hablando de un sabotaje, pero es muy prematuro, se pudo haber roto el freezer durante el fin de semana.\u00a0<\/b>La verdad que lo desconocemos porque es un hospital provincial, donde nosotros no tenemos injerencia\u201d.<\/p>\n<p class=\"paragraph\">Los directivos del Hospital de Oncolog\u00eda,\u00a0<b>Silvina Rosende\u00a0<\/b>y\u00a0<b>Mario D\u00edaz<\/b>, y realizaron la denuncia en la UFI N\u00b0 10 de Olavarr\u00eda, a cargo de la fiscal de turno\u00a0<b>Viviana Beyt\u00eda\u00a0<\/b>y el fiscal general\u00a0<b>Marcelo Sobrino<\/b>. Durante el martes llegar\u00e1 a la ciudad el director provincial de hospitales,\u00a0<b>Juan Sebasti\u00e1n Riera<\/b>, con el objetivo de conocer los detalles de la investigaci\u00f3n y determinar qu\u00e9 fue lo que provoc\u00f3 la p\u00e9rdida de la cadena de fr\u00edo.<\/p>\n<p class=\"paragraph\"><mark class=\"hl_orange\"><b>El antecedente<\/b><\/mark><\/p>\n<div class=\"article-video | visual__video height_auto width_full\"><iframe class=\"i-amphtml-fill-content\" title=\"Goldfish Video\" src=\"https:\/\/d2uans147eyg5w.cloudfront.net\/prod\/powaEmbed.html?org=infobae&amp;uuid=5beb7bff-9d98-4011-874f-b1f1e08d4e4a&amp;api=prod#amp=1\" name=\"amp_iframe1\" frameborder=\"0\" sandbox=\"allow-scripts allow-same-origin allow-popups\" data-mce-fragment=\"1\"><\/iframe>Falla en el sistema que mantiene la cadena de fr\u00edo en la vacuna Sputnik V en Tucum\u00e1n (TN)<\/div>\n<p class=\"paragraph\">La semana pasada\u00a0<a href=\"https:\/\/www.infobae.com\/salud\/2020\/12\/28\/polemica-por-el-sistema-que-mantiene-la-cadena-de-frio-de-la-vacuna-sputnik-v-en-tucuman\/\" target=\"_blank\" rel=\"noopener\"><b>ya hab\u00eda tenido lugar <\/b><\/a><b>una<\/b><b> pol\u00e9mica en torno a la conservaci\u00f3n de las vacunas rusas.<\/b>\u00a0Todo sucedi\u00f3 cuando se mostr\u00f3 el proceso de recepci\u00f3n, conservaci\u00f3n y posterior distribuci\u00f3n del inoculante desde el centro log\u00edstico ubicado en Avellaneda, a trav\u00e9s de la pantalla de TN.<\/p>\n<p class=\"paragraph\">Mientras el operario mostraba c\u00f3mo es el proceso de control de la temperatura y de la cadena de fr\u00edo y c\u00f3mo funciona el\u00a0<b>DataLogger<\/b>, dispositivo que registra el historial de las diferentes temperaturas durante todo el traslado en una bit\u00e1cora especial, un detalle capt\u00f3 la atenci\u00f3n inmediatamente:\u00a0<b>en pantalla se visualiz\u00f3 un mensaje alertando sobre una falla, un error en el status, y una temperatura m\u00e1xima registrada de -5.5 \u00b0C, cuando debe estar siempre a menos de 18 \u00b0C.<\/b><\/p>\n<p class=\"paragraph\">La compa\u00f1\u00eda encargada del transporte en todo el pa\u00eds,\u00a0<b>Andreani<\/b>, utiliz\u00f3 una c\u00e1mara de fr\u00edo especialmente acondicionada a una temperatura de 20 grados bajo cero, seg\u00fan consign\u00f3 en un comunicado. La empresa indic\u00f3 que las vacunas \u201cfueron introducidas en conservadoras de fr\u00edo de 60L de capacidad,\u00a0<b>refrigeradas a una temperatura inferior a 18 grados bajo cero<\/b>, a trav\u00e9s de una combinaci\u00f3n de placas eut\u00e9cticas y hielo seco\u201d.<\/p>\n<p class=\"paragraph\">En el momento del \u201cevento de falla\u201d que se mostr\u00f3 en la nota, destacaron que mostrar\u00edan la trazabilidad en la temperatura en las que ven\u00edan las vacunas. \u201cEs justamente el d\u00eda 26\/12 a las 23:55 dice que la vacuna estuvo a menos 5 grados y la temperatura m\u00ednima a menos 40. Claramente ac\u00e1 hab\u00eda un problema, de hecho el t\u00e9cnico lo que marca es justamente una alarma:\u00a0<b>la vacuna deb\u00eda mantenerse a menos 18 grados y la alarma se refer\u00eda a esta cuesti\u00f3n que la vacuna podr\u00eda no haber estado alguna, se rompi\u00f3 la cadena de fr\u00edo\u201d<\/b>, manifest\u00f3 el t\u00e9cnico de la compa\u00f1\u00eda. \u201cNos dijeron hasta el momento que no se va a devolver ning\u00fan lote. Diciendo que es una falla de lectura del term\u00f3metro\u201d, a\u00f1adi\u00f3.<\/p>\n<p class=\"paragraph\">El t\u00e9cnico se justific\u00f3 en ese momento diciendo que \u201c<b>pod\u00eda deberse a la mala conexi\u00f3n de Internet del lugar<\/b>\u201d o a una \u201cfalla t\u00e9cnica debido a que no haya descargado bien la fuente del DataLogger\u201d.<\/p>\n<p>Fuente Infobae<\/p>\n","protected":false},"excerpt":{"rendered":"<p>Porque perdieron la cadena de fr\u00edo Autoridades sanitarias pidieron investigar lasirregularidades en el almacenamiento de&#8230;<\/p>\n","protected":false},"author":1,"featured_media":2105,"comment_status":"closed","ping_status":"closed","sticky":false,"template":"","format":"standard","meta":{"footnotes":""},"categories":[49,8],"tags":[43,738,628,83],"class_list":["post-2103","post","type-post","status-publish","format-standard","has-post-thumbnail","hentry","category-covid-19","category-nacionales","tag-argentina","tag-buenosaires","tag-sputnikv","tag-vacuna"],"featured_image_urls":{"full":["https:\/\/fmnativa.com\/portal\/wp-content\/uploads\/2021\/01\/KIJNQTIOURC6PMWF7SIUHIQVUU.jpg",768,512,false],"thumbnail":["https:\/\/fmnativa.com\/portal\/wp-content\/uploads\/2021\/01\/KIJNQTIOURC6PMWF7SIUHIQVUU-150x150.jpg",150,150,true],"medium":["https:\/\/fmnativa.com\/portal\/wp-content\/uploads\/2021\/01\/KIJNQTIOURC6PMWF7SIUHIQVUU-300x200.jpg",300,200,true],"medium_large":["https:\/\/fmnativa.com\/portal\/wp-content\/uploads\/2021\/01\/KIJNQTIOURC6PMWF7SIUHIQVUU.jpg",640,427,false],"large":["https:\/\/fmnativa.com\/portal\/wp-content\/uploads\/2021\/01\/KIJNQTIOURC6PMWF7SIUHIQVUU.jpg",640,427,false],"1536x1536":["https:\/\/fmnativa.com\/portal\/wp-content\/uploads\/2021\/01\/KIJNQTIOURC6PMWF7SIUHIQVUU.jpg",768,512,false],"2048x2048":["https:\/\/fmnativa.com\/portal\/wp-content\/uploads\/2021\/01\/KIJNQTIOURC6PMWF7SIUHIQVUU.jpg",768,512,false],"covernews-slider-full":["https:\/\/fmnativa.com\/portal\/wp-content\/uploads\/2021\/01\/KIJNQTIOURC6PMWF7SIUHIQVUU.jpg",768,512,false],"covernews-slider-center":["https:\/\/fmnativa.com\/portal\/wp-content\/uploads\/2021\/01\/KIJNQTIOURC6PMWF7SIUHIQVUU.jpg",750,500,false],"covernews-featured":["https:\/\/fmnativa.com\/portal\/wp-content\/uploads\/2021\/01\/KIJNQTIOURC6PMWF7SIUHIQVUU.jpg",768,512,false],"covernews-medium":["https:\/\/fmnativa.com\/portal\/wp-content\/uploads\/2021\/01\/KIJNQTIOURC6PMWF7SIUHIQVUU.jpg",510,340,false],"covernews-medium-square":["https:\/\/fmnativa.com\/portal\/wp-content\/uploads\/2021\/01\/KIJNQTIOURC6PMWF7SIUHIQVUU.jpg",375,250,false]},"author_info":{"info":["Fabian"]},"category_info":"<a href=\"https:\/\/fmnativa.com\/portal\/category\/covid-19\/\" rel=\"category tag\">COVID 19<\/a> <a href=\"https:\/\/fmnativa.com\/portal\/category\/nacionales\/\" rel=\"category tag\">Nacionales<\/a>","tag_info":"Nacionales","comment_count":"0","_links":{"self":[{"href":"https:\/\/fmnativa.com\/portal\/wp-json\/wp\/v2\/posts\/2103","targetHints":{"allow":["GET"]}}],"collection":[{"href":"https:\/\/fmnativa.com\/portal\/wp-json\/wp\/v2\/posts"}],"about":[{"href":"https:\/\/fmnativa.com\/portal\/wp-json\/wp\/v2\/types\/post"}],"author":[{"embeddable":true,"href":"https:\/\/fmnativa.com\/portal\/wp-json\/wp\/v2\/users\/1"}],"replies":[{"embeddable":true,"href":"https:\/\/fmnativa.com\/portal\/wp-json\/wp\/v2\/comments?post=2103"}],"version-history":[{"count":4,"href":"https:\/\/fmnativa.com\/portal\/wp-json\/wp\/v2\/posts\/2103\/revisions"}],"predecessor-version":[{"id":2108,"href":"https:\/\/fmnativa.com\/portal\/wp-json\/wp\/v2\/posts\/2103\/revisions\/2108"}],"wp:featuredmedia":[{"embeddable":true,"href":"https:\/\/fmnativa.com\/portal\/wp-json\/wp\/v2\/media\/2105"}],"wp:attachment":[{"href":"https:\/\/fmnativa.com\/portal\/wp-json\/wp\/v2\/media?parent=2103"}],"wp:term":[{"taxonomy":"category","embeddable":true,"href":"https:\/\/fmnativa.com\/portal\/wp-json\/wp\/v2\/categories?post=2103"},{"taxonomy":"post_tag","embeddable":true,"href":"https:\/\/fmnativa.com\/portal\/wp-json\/wp\/v2\/tags?post=2103"}],"curies":[{"name":"wp","href":"https:\/\/api.w.org\/{rel}","templated":true}]}}