{"id":2129,"date":"2021-01-05T18:54:45","date_gmt":"2021-01-05T21:54:45","guid":{"rendered":"https:\/\/fmnativa.com\/portal\/?p=2129"},"modified":"2021-01-05T18:54:45","modified_gmt":"2021-01-05T21:54:45","slug":"el-ministerio-de-seguridad-avanza-en-una-reforma-integral-para-el-control-de-las-armas-institucionales","status":"publish","type":"post","link":"https:\/\/fmnativa.com\/portal\/2021\/01\/05\/el-ministerio-de-seguridad-avanza-en-una-reforma-integral-para-el-control-de-las-armas-institucionales\/","title":{"rendered":"El Ministerio de Seguridad avanza en una reforma integral para el control de las armas institucionales"},"content":{"rendered":"<div id=\"fb-root\"><\/div>\n<p><em><strong>Incluye la incorporaci\u00f3n de un software para el control personalizado de los movimientos de cada equipamiento y una reforma edilicia de las distintas armer\u00edas de la Polic\u00eda de Santa Fe<\/strong><\/em>.<\/p>\n<p>El Ministerio de Seguridad, a trav\u00e9s de la Agencia de Prevenci\u00f3n de la Violencia con Armas de Fuego (APVAF) y la Secretar\u00eda de Seguridad P\u00fablica, avanza en la incorporaci\u00f3n de un software de control y gesti\u00f3n de armamento institucional. Durante los \u00faltimos meses se realizaron diversas reuniones con empresas proveedoras de tecnolog\u00eda y se elabor\u00f3 un cuadro de necesidades para el sistema policial de la provincia a fin de analizar cu\u00e1l es la opci\u00f3n m\u00e1s adecuada para aplicarla en la provincia.<br \/>\nAl respecto, el subsecretario de la Agencia de Prevenci\u00f3n de Violencia con Armas de Fuego (APVAF) Lautaro Sapietro dijo: \u201cEstamos trabajando en una reforma integral que incluye un sistema tecnol\u00f3gico, que hoy opera Prefectura Nacional, para el control del armamento institucional, ya que actualmente el sistema que opera no nos permite tener una visi\u00f3n clara de la cantidad de armas y los movimientos que se dan a diario en las distintas Unidades Regionales, tanto de armas como de chalecos\u201d.<\/p>\n<p>\u201cAsimismo, esto ira acompa\u00f1ado de una reforma edilicia en las armer\u00edas de la Polic\u00eda de la provincia para brindar mayores medidas de seguridad, con inspecciones diarias y un proceso de tageo, con chips individuales en las armas y chalecos para controlar el ingreso y egreso diario de cada equipo\u201d, agrego Sapipetro.<\/p>\n<p><strong>Software tecnol\u00f3gico<\/strong><\/p>\n<p>El Ministerio de Seguridad pretende incorporar un software que permitir\u00e1 al \u00e1rea pol\u00edtica y administrativa de las fuerzas de seguridad realizar un control de movimiento del armamento y accesorios en las diversas armer\u00edas de la provincia, auditor\u00edas r\u00e1pidas e inventarios mediante lectores port\u00e1tiles, control de stock diario con cada cambio de guardia, registro completo de la historia de cada arma, planilla activa de entrega y recepci\u00f3n diaria, alertas y notificaciones autom\u00e1ticas por sistema y v\u00eda e-mail, entre otras.<\/p>\n<p>En la actualidad, la \u201cDivisi\u00f3n Armamento y Equipos Policiales\u201d del Departamento Log\u00edstica (\u201cD4\u201d) es el organismo encargado de la entrega, recepci\u00f3n, dep\u00f3sito, almacenamiento y baja de las armas de fuego y municiones. A su vez, el sistema de registro del armamento est\u00e1 constituido por fichas de papel almacenados en ficheros antiguos, lo cual cuenta con numerosas deficiencias, principalmente, la falta de herramientas de gesti\u00f3n organizacional como ser diagramas de flujos.<\/p>\n<p>En este sentido, la incorporaci\u00f3n de mejoras tecnol\u00f3gicas en lo referente a la gesti\u00f3n del armamento institucional significa una mejora sustancial en t\u00e9rminos de capacidades estatales para el control y la administraci\u00f3n de su patrimonio, para el monitoreo del uso de la fuerza y para la organizaci\u00f3n pol\u00edtico-policial.<\/p>\n","protected":false},"excerpt":{"rendered":"<p>Incluye la incorporaci\u00f3n de un software para el control personalizado de los movimientos de cada&#8230;<\/p>\n","protected":false},"author":1,"featured_media":2130,"comment_status":"closed","ping_status":"closed","sticky":false,"template":"","format":"standard","meta":{"footnotes":""},"categories":[7],"tags":[745,643,35],"class_list":["post-2129","post","type-post","status-publish","format-standard","has-post-thumbnail","hentry","category-provinciales","tag-controldearmasinstitucionales","tag-provinciadesantafe","tag-seguridad"],"featured_image_urls":{"full":["https:\/\/fmnativa.com\/portal\/wp-content\/uploads\/2021\/01\/1-6.jpeg",1140,640,false],"thumbnail":["https:\/\/fmnativa.com\/portal\/wp-content\/uploads\/2021\/01\/1-6-150x150.jpeg",150,150,true],"medium":["https:\/\/fmnativa.com\/portal\/wp-content\/uploads\/2021\/01\/1-6-300x168.jpeg",300,168,true],"medium_large":["https:\/\/fmnativa.com\/portal\/wp-content\/uploads\/2021\/01\/1-6-768x431.jpeg",640,359,true],"large":["https:\/\/fmnativa.com\/portal\/wp-content\/uploads\/2021\/01\/1-6-1024x575.jpeg",640,359,true],"1536x1536":["https:\/\/fmnativa.com\/portal\/wp-content\/uploads\/2021\/01\/1-6.jpeg",1140,640,false],"2048x2048":["https:\/\/fmnativa.com\/portal\/wp-content\/uploads\/2021\/01\/1-6.jpeg",1140,640,false],"covernews-slider-full":["https:\/\/fmnativa.com\/portal\/wp-content\/uploads\/2021\/01\/1-6.jpeg",1115,626,false],"covernews-slider-center":["https:\/\/fmnativa.com\/portal\/wp-content\/uploads\/2021\/01\/1-6.jpeg",800,449,false],"covernews-featured":["https:\/\/fmnativa.com\/portal\/wp-content\/uploads\/2021\/01\/1-6.jpeg",1024,575,false],"covernews-medium":["https:\/\/fmnativa.com\/portal\/wp-content\/uploads\/2021\/01\/1-6.jpeg",540,303,false],"covernews-medium-square":["https:\/\/fmnativa.com\/portal\/wp-content\/uploads\/2021\/01\/1-6.jpeg",400,225,false]},"author_info":{"info":["Fabian"]},"category_info":"<a href=\"https:\/\/fmnativa.com\/portal\/category\/provinciales\/\" rel=\"category tag\">PROVINCIALES<\/a>","tag_info":"PROVINCIALES","comment_count":"0","_links":{"self":[{"href":"https:\/\/fmnativa.com\/portal\/wp-json\/wp\/v2\/posts\/2129","targetHints":{"allow":["GET"]}}],"collection":[{"href":"https:\/\/fmnativa.com\/portal\/wp-json\/wp\/v2\/posts"}],"about":[{"href":"https:\/\/fmnativa.com\/portal\/wp-json\/wp\/v2\/types\/post"}],"author":[{"embeddable":true,"href":"https:\/\/fmnativa.com\/portal\/wp-json\/wp\/v2\/users\/1"}],"replies":[{"embeddable":true,"href":"https:\/\/fmnativa.com\/portal\/wp-json\/wp\/v2\/comments?post=2129"}],"version-history":[{"count":1,"href":"https:\/\/fmnativa.com\/portal\/wp-json\/wp\/v2\/posts\/2129\/revisions"}],"predecessor-version":[{"id":2131,"href":"https:\/\/fmnativa.com\/portal\/wp-json\/wp\/v2\/posts\/2129\/revisions\/2131"}],"wp:featuredmedia":[{"embeddable":true,"href":"https:\/\/fmnativa.com\/portal\/wp-json\/wp\/v2\/media\/2130"}],"wp:attachment":[{"href":"https:\/\/fmnativa.com\/portal\/wp-json\/wp\/v2\/media?parent=2129"}],"wp:term":[{"taxonomy":"category","embeddable":true,"href":"https:\/\/fmnativa.com\/portal\/wp-json\/wp\/v2\/categories?post=2129"},{"taxonomy":"post_tag","embeddable":true,"href":"https:\/\/fmnativa.com\/portal\/wp-json\/wp\/v2\/tags?post=2129"}],"curies":[{"name":"wp","href":"https:\/\/api.w.org\/{rel}","templated":true}]}}